{"id":51974,"date":"2017-10-31T18:26:17","date_gmt":"2017-10-31T14:26:17","guid":{"rendered":""},"modified":"-0001-11-30T00:00:00","modified_gmt":"-0001-11-29T20:00:00","slug":"","status":"publish","type":"post","link":"https:\/\/ucnoqta.az\/?p=51974","title":{"rendered":"\u00c7exiya Az\u0259rbaycan \u00fc\u00e7\u00fcn \u00f6n\u0259mli \u00f6lk\u0259l\u0259rd\u0259n biridir"},"content":{"rendered":"<p><strong>Az\u0259r K\u0259rimov: &ldquo;Avropa-d&uuml;nya m\u0259kan\u0131nda Az\u0259rbaycan h\u0259qiq\u0259tl\u0259rini t\u0259bli\u011f edirik&rdquo;<\/strong><\/p>\n<p>\nAz\u0259rbaycan daim d&uuml;nya &ouml;lk\u0259l\u0259ri il\u0259 h\u0259rt\u0259r\u0259fli \u0259laq\u0259l\u0259rin inki\u015faf\u0131na b&ouml;y&uuml;k maraq g&ouml;st\u0259rir v\u0259 bu, Az\u0259rbaycan Prezidenti \u0130lham \u018fliyevin h\u0259yata ke&ccedil;irdiyi xarici siyas\u0259t kursunun \u0259sas prioritetl\u0259rind\u0259n hesab olunur. \u0130st\u0259r beyn\u0259lxalq t\u0259\u015fkilatlar &ccedil;\u0259r&ccedil;iv\u0259sind\u0259, ist\u0259rs\u0259 d\u0259 ikit\u0259r\u0259fli m&uuml;nasib\u0259tl\u0259r m&uuml;st\u0259visind\u0259 yarad\u0131lan \u0259m\u0259kda\u015fl\u0131\u011fa &ouml;lk\u0259miz b&ouml;y&uuml;k &ouml;n\u0259m verir v\u0259 b\u0259rab\u0259rh&uuml;quqlu t\u0259r\u0259fda\u015f kimi \u0259laq\u0259l\u0259rin inki\u015faf etdirilm\u0259sin\u0259 &ccedil;al\u0131\u015f\u0131r. Bu bax\u0131mdan&nbsp; &Ccedil;exiya da Az\u0259rbaycan &uuml;&ccedil;&uuml;n &ouml;n\u0259mli &ouml;lk\u0259l\u0259rd\u0259n biridir. M\u0259rk\u0259zi Avropada yerl\u0259\u015f\u0259n &Ccedil;ex Respublikas\u0131 il\u0259 m&uuml;st\u0259qil Az\u0259rbaycan aras\u0131nda \u0259m\u0259kda\u015fl\u0131q g&uuml;nd\u0259n-g&uuml;n\u0259 geni\u015fl\u0259nir. Bu \u0259laq\u0259l\u0259rin qurulmas\u0131nda bu &ouml;lk\u0259d\u0259 f\u0259aliyy\u0259t g&ouml;st\u0259r\u0259n diaspora t\u0259\u015fkilatlar\u0131n\u0131n rolu b&ouml;y&uuml;kd&uuml;r.&nbsp; Bu t\u0259\u015fkilatlardan biri d\u0259 &Ccedil;exiya-Az\u0259rbaycan Elm v\u0259 M\u0259d\u0259niyy\u0259t M\u0259rk\u0259zidir. T\u0259\u015fkilat\u0131n s\u0259dri. Professor Az\u0259r K\u0259rimovdur. Az\u0259r K\u0259rimov Beyn\u0259lxalq Diaspor M\u0259rk\u0259zinin Avropada t\u0259msil&ccedil;isi kimi Az\u0259rbaycan\u0131n probleml\u0259rini, erm\u0259nil\u0259rin i\u015f\u011fal&ccedil;\u0131l\u0131q siyas\u0259tini d&uuml;nya &ouml;lk\u0259l\u0259rinin n\u0259z\u0259rin\u0259 &ccedil;atd\u0131rmaqla b&ouml;y&uuml;k ictimai-siyasi f\u0259all\u0131q g&ouml;st\u0259rir. Geni\u015f elmi v\u0259 ictimai-siyasi f\u0259aliyy\u0259tl\u0259 m\u0259\u015f\u011ful olub &ouml;lk\u0259mizl\u0259 ba\u011fl\u0131 h\u0259qiq\u0259tl\u0259ri d&uuml;nya ictimaiyy\u0259tin\u0259 &ccedil;atd\u0131r\u0131r. Avropada v\u0259 d&uuml;nyada Az\u0259rbaycan&nbsp;lobbi&ccedil;iliyinin m&ouml;hk\u0259ml\u0259nm\u0259si i\u015find\u0259 d\u0259 o h\u0259r\u0259t\u0259r\u0259fli f\u0259aliyy\u0259t g&ouml;st\u0259rir. Az\u0259rbaycan xalq\u0131n\u0131n rifah\u0131, xo\u015fb\u0259xt g\u0259l\u0259c\u0259yi, torpaqlar\u0131m\u0131z\u0131n azad olunmas\u0131, V\u0259t\u0259nimizin b&uuml;t&ouml;vl&uuml;y&uuml; namin\u0259 apard\u0131\u011f\u0131n\u0131z s\u0259m\u0259r\u0259li m&uuml;asir daxili v\u0259 xarici siyas\u0259ti d\u0259st\u0259kl\u0259yir, &ldquo;Avropa-d&uuml;nya m\u0259kan\u0131nda Az\u0259rbaycan h\u0259qiq\u0259tl\u0259rini t\u0259bli\u011f edirik. Az\u0259rbaycan daim d&uuml;nya &ouml;lk\u0259l\u0259ri il\u0259 h\u0259rt\u0259r\u0259fli \u0259laq\u0259l\u0259rin inki\u015faf\u0131na b&ouml;y&uuml;k maraq g&ouml;st\u0259rir v\u0259 bu, \u0259laq\u0259l\u0259rimizin dinamik xarakter almas\u0131n\u0131 g&ouml;st\u0259rir&rdquo; &ndash; o deyib.<\/p>\n<p>Az\u0259r K\u0259rimovun r\u0259hb\u0259rlik etdiyti &Ccedil;exiya-Az\u0259rbaycan Elm v\u0259 M\u0259d\u0259niyy\u0259t M\u0259rk\u0259zinin f\u0259aliyy\u0259ti n\u0259tic\u0259sind\u0259 m\u0259d\u0259niyy\u0259t, t\u0259hsil, elm sah\u0259sind\u0259 s\u0131x \u0259laq\u0259l\u0259r qurulub, bizim filml\u0259rin bu &ouml;lk\u0259d\u0259 ke&ccedil;iril\u0259n festivallarda i\u015ftirak\u0131nda b&ouml;y&uuml;k d\u0259st\u0259k verilir. &nbsp;\u0130lqar N\u0259c\u0259fin &ldquo;Nar ba\u011f\u0131&rdquo; b\u0259dii filmi &Ccedil;exiyan\u0131n Karlovy Vary Beyn\u0259lxalq Film Festival\u0131nda tama\u015fa&ccedil;\u0131lara t\u0259qdim olunub. &ldquo;Az\u0259rbaycanfilm&rdquo; kinostudiyas\u0131 v\u0259 &ldquo;Buta Film&rdquo; kino \u015firk\u0259tinin birg\u0259 istehsal\u0131 olan film, festival\u0131n &ldquo;Q\u0259rbin \u015e\u0259rqi&rdquo; m&uuml;sabiq\u0259 proqram\u0131nda n&uuml;mayi\u015f olunub. N&uuml;mayi\u015fd\u0259 i\u015ftirak ed\u0259n \u0130lqar N\u0259c\u0259f xarici m\u0259tbuat n&uuml;may\u0259nd\u0259l\u0259ri v\u0259 tama\u015fa&ccedil;\u0131lar\u0131 maraqland\u0131ran suallar\u0131 cavabland\u0131r\u0131b. Filmin ssenari m&uuml;\u0259llifl\u0259ri Asif R&uuml;st\u0259mov, \u0130lqar N\u0259c\u0259f, Roelof Jan Minneboo, qurulu\u015f&ccedil;u rejissoru \u0130lqar N\u0259c\u0259f, qurulu\u015f&ccedil;u operatoru Ayhan Salar, qurulu\u015f&ccedil;u r\u0259ssam\u0131 Rafiq N\u0259sirov, b\u0259st\u0259kar\u0131 Firuddin Allahverdi, icra&ccedil;\u0131 prod&uuml;seri Akif \u018fliyev, prod&uuml;serl\u0259ri M&uuml;\u015ffiq H\u0259t\u0259mov v\u0259 \u0130lqar N\u0259c\u0259fdir. Ba\u015f rollar\u0131 Qurban \u0130smay\u0131lov, \u0130lah\u0259 H\u0259s\u0259nova, S\u0259mimi F\u0259rhad, H\u0259s\u0259n A\u011fayev v\u0259 dig\u0259rl\u0259ri canland\u0131r\u0131rlar.<\/p>\n<p>&nbsp;Az\u0259rbaycan\u0131n &Ccedil;exiyada t\u0259bli\u011f olunmas\u0131nda Az\u0259rbaycan T\u0259l\u0259b\u0259 \u015e\u0259b\u0259k\u0259sinin d\u0259 f\u0259aliyy\u0259ti diqq\u0259t &ccedil;\u0259kir. Az\u0259rbaycan v\u0259 Litvan\u0131n &Ccedil;exiyadak\u0131 s\u0259firlikl\u0259rinin d\u0259st\u0259yi v\u0259 Az\u0259rbaycan T\u0259l\u0259b\u0259 \u015e\u0259b\u0259k\u0259si, G&uuml;rc&uuml;stan T\u0259l\u0259b\u0259l\u0259ri \u0130ttifaq\u0131n\u0131n t\u0259\u015fkilat&ccedil;\u0131l\u0131\u011f\u0131 il\u0259 &Ccedil;exiyan\u0131n paytaxt\u0131 Praqan\u0131n m\u0259\u015fhur Lu&ccedil;erna saray\u0131nda &quot;M&uuml;st\u0259qilliy\u0259 aparan yol: Az\u0259rbaycan, G&uuml;rc&uuml;stan v\u0259 Litva&quot; adl\u0131 s\u0259rginin a&ccedil;\u0131l\u0131\u015f\u0131 buna n&uuml;mun\u0259dir. S\u0259rgid\u0259, h\u0259m&ccedil;inin 1990-c\u0131 il yanvar\u0131n 20-d\u0259 Bak\u0131da dinc \u0259haliy\u0259 qar\u015f\u0131 t&ouml;r\u0259dilmi\u015f q\u0131r\u011f\u0131n\u0131 \u0259ks etdir\u0259n fotolar\u0131n n&uuml;mayi\u015fi il\u0259 yana\u015f\u0131, &ccedil;ex v\u0259 ingilis dill\u0259rind\u0259 haz\u0131rlanm\u0131\u015f m&uuml;vafiq m\u0259lumat v\u0259r\u0259ql\u0259ri t\u0259dbir i\u015ftirak&ccedil;\u0131lar\u0131na paylan\u0131b v\u0259 bu hadis\u0259l\u0259rl\u0259 ba\u011fl\u0131 \u0259trafl\u0131 m\u0259lumat verilib. 20 Yanvar faci\u0259si haqq\u0131nda toplant\u0131 i\u015ftirak&ccedil;\u0131lar\u0131na \u0259trafl\u0131 m\u0259lumat verilib, bu faci\u0259nin Az\u0259rbaycan xalq\u0131n\u0131n irad\u0259sini q\u0131ra bilm\u0259diyini, \u0259ksin\u0259, onun &ouml;z amallar\u0131 u\u011frunda daha q\u0259tiyy\u0259tl\u0259 m&uuml;bariz\u0259 aparma\u011f\u0131na s\u0259b\u0259b oldu\u011funu qeyd edilib. Bu t\u0259dbir h\u0259r il ke&ccedil;irilir. S\u0259rgid\u0259 f\u0259al i\u015ftirak\u0131 il\u0259 se&ccedil;il\u0259n Az\u0259rbaycan T\u0259l\u0259b\u0259 \u015e\u0259b\u0259k\u0259sinin &Ccedil;exiya &uuml;zr\u0259 n&uuml;may\u0259nd\u0259si Eldar V\u0259liyev 20 Yanvar faci\u0259si haqq\u0131nda t\u0259bli\u011fat i\u015fl\u0259rinin Praqada davam etdiril\u0259c\u0259yini t\u0259dbir i\u015ftirak&ccedil;\u0131lar\u0131n\u0131n diqq\u0259tin\u0259 &ccedil;atd\u0131r\u0131b.<\/p>\n<p>\u0130yulun 14-d\u0259 &Ccedil;exiyada f\u0259aliyy\u0259t g&ouml;st\u0259r\u0259n &ldquo;Az\u0259rbaycan T\u0259l\u0259b\u0259 \u015e\u0259b\u0259k\u0259si&rdquo; t\u0259\u015fkilat\u0131 t\u0259r\u0259find\u0259n 4 iyul 2017-ci il tarixind\u0259 c\u0259bh\u0259 x\u0259ttind\u0259 Az\u0259rbaycan\u0131n m&uuml;lki sakinl\u0259rinin &ouml;l&uuml;m&uuml; il\u0259 n\u0259tic\u0259l\u0259n\u0259n erm\u0259ni silahl\u0131 q&uuml;vv\u0259l\u0259rinin cinay\u0259t \u0259m\u0259ll\u0259rin\u0259 etiraz olaraq, Praqa \u015f\u0259h\u0259rind\u0259 yerl\u0259\u015f\u0259n Erm\u0259nistan\u0131n &Ccedil;exiyadak\u0131 S\u0259firliyinin qar\u015f\u0131s\u0131nda aksiya ke&ccedil;irilib. &Ccedil;exiyan\u0131n yerli h&uuml;quq-muhafiz\u0259 orqanlar\u0131 t\u0259r\u0259find\u0259n s&ouml;z&uuml;ged\u0259n aksiya il\u0259 \u0259laq\u0259dar, &Ccedil;exiyadak\u0131 Erm\u0259nistan s\u0259firliyini &ouml;nc\u0259d\u0259n m\u0259lumatland\u0131r\u0131lmas\u0131 s\u0259b\u0259bind\u0259n, qar\u015f\u0131 t\u0259r\u0259f buna haz\u0131rl\u0131ql\u0131 olub, az\u0259rbaycanl\u0131lar t\u0259r\u0259find\u0259n ke&ccedil;iril\u0259n etiraz aksiyas\u0131 zaman\u0131 Erm\u0259nistan S\u0259firliyi d\u0259 &ouml;z \u0259razisind\u0259 t\u0259xribat xarakterli n&uuml;mayi\u015fl\u0259r edibdir. Bu t\u0259xtibat az\u0259rbaycanl\u0131lar t\u0259r\u0259find\u0259n q\u0259ti pisl\u0259n\u0259r\u0259k, ona etiraz edilib.<\/p>\n<p>&nbsp;&Ccedil;exiyada f\u0259aliyy\u0259t g&ouml;st\u0259r\u0259n diaspora t\u0259\u015fkilatlar\u0131m\u0131z\u0131n f\u0259aliyy\u0259ti Da\u011fl\u0131q Qaraba\u011f m&uuml;naqi\u015f\u0259si bar\u0259d\u0259 &ccedil;exl\u0259r\u0259 dol\u011fun m\u0259lumatlar verm\u0259y\u0259 imkan verir. Bu &ouml;lk\u0259 r\u0259hb\u0259rl\u0259ri d\u0259f\u0259l\u0259rl\u0259 Da\u011fl\u0131q Qaraba\u011f m&uuml;naqi\u015f\u0259si bar\u0259d\u0259 a&ccedil;\u0131qlamalar veribl\u0259r. M\u0259s\u0259l\u0259n, &Ccedil;exiya Senat\u0131n\u0131n s\u0259dr m&uuml;avini Yirji \u015eestak onlardan biridir. O deyib ki, Da\u011fl\u0131q Qaraba\u011f m&uuml;naqi\u015f\u0259si yaln\u0131z s&uuml;lh yolu il\u0259 h\u0259ll olunmal\u0131d\u0131r. Y.\u015eestak qeyd edib ki, t\u0259cr&uuml;b\u0259 d\u0259 m&uuml;naqi\u015f\u0259l\u0259rin s&uuml;lh yolu il\u0259 h\u0259llinin \u0259n yax\u015f\u0131 variant oldu\u011funu g&ouml;st\u0259rir: &quot;Bizim tarixi t\u0259cr&uuml;b\u0259miz g&ouml;st\u0259rir ki, iki &ouml;lk\u0259 aras\u0131nda m&uuml;naqi\u015f\u0259 yaratmayan v\u0259 m&uuml;naqi\u015f\u0259nin g\u0259l\u0259c\u0259kd\u0259 daha da d\u0259rinl\u0259\u015fm\u0259sin\u0259 s\u0259b\u0259b olmayan h\u0259ll variant\u0131 s&uuml;lh v\u0259 qar\u015f\u0131l\u0131ql\u0131 anla\u015fma yoludur&quot;. Senat\u0131n s\u0259dr m&uuml;avini bildirib ki, &Ccedil;exiyan\u0131n Da\u011fl\u0131q Qaraba\u011f m&uuml;naqi\u015f\u0259sinin nizamlanmas\u0131na t&ouml;hf\u0259si t\u0259r\u0259fl\u0259ri s&uuml;lh variant\u0131na t\u0259\u015fviq etm\u0259k v\u0259 m&uuml;naqi\u015f\u0259nin s&uuml;lh yolu il\u0259 h\u0259llin\u0259 nail olunmas\u0131na d\u0259st\u0259k g&ouml;st\u0259rm\u0259kd\u0259n ibar\u0259t ola bil\u0259r.<\/p>\n<p>Bu &ouml;lk\u0259d\u0259 lobbi&ccedil;ilik f\u0259aliyy\u0259tind\u0259 Az\u0259rbaycan s\u0259firliyinin xidm\u0259tl\u0259ri d\u0259 var. &Ccedil;exiyan\u0131n regionlar\u0131 il\u0259 \u0259m\u0259kda\u015fl\u0131q \u0259laq\u0259l\u0259rinin inki\u015faf\u0131 v\u0259 d\u0259rinl\u0259\u015fdirilm\u0259si &ccedil;\u0259r&ccedil;iv\u0259sind\u0259 Az\u0259rbaycan\u0131n &Ccedil;exiyadak\u0131 s\u0259firi F\u0259rid \u015e\u0259fiyev C\u0259nubi Bohemiya regionuna s\u0259f\u0259r edib. S\u0259f\u0259r &ccedil;\u0259r&ccedil;iv\u0259sind\u0259 C\u0259nubi Bohemiya regionunun paytaxt\u0131 &Ccedil;eske Budejovice \u015f\u0259h\u0259rinin meri Ji\u0159&iacute; Svoboda s\u0259fir F\u0259rid \u015e\u0259fiyevi q\u0259bul edib. G&ouml;r&uuml;\u015f \u0259rzind\u0259 &Ccedil;exiyan\u0131n s&ouml;z&uuml;ged\u0259n regionu il\u0259 \u0259m\u0259kda\u015fl\u0131q \u0259laq\u0259l\u0259rinin qurulmas\u0131, iqtisadiyyat v\u0259 k\u0259nd t\u0259s\u0259rr&uuml;fat\u0131 sah\u0259l\u0259rind\u0259 maraq k\u0259sb ed\u0259n sah\u0259l\u0259rd\u0259 m&uuml;nasib\u0259tl\u0259rin inki\u015faf\u0131 perspektivl\u0259ri m&uuml;zakir\u0259 olunub. \u015e\u0259h\u0259r meri Ji\u0159&iacute; Svoboda &ouml;lk\u0259miz il\u0259 regional \u0259m\u0259kda\u015fl\u0131\u011f\u0131n qurulmas\u0131na t&ouml;hv\u0259 verm\u0259y\u0259 haz\u0131r oldu\u011funu m\u0259mnunluqla qeyd edib. C\u0259nubi Bohemiya regionuna s\u0259f\u0259r &ccedil;\u0259r&ccedil;iv\u0259sind\u0259 s\u0259fir F\u0259rid \u015e\u0259fiyev h\u0259m&ccedil;inin Hlubok&aacute; nad Vltavou \u015f\u0259h\u0259rin\u0259 s\u0259f\u0259r ed\u0259r\u0259k, \u015f\u0259h\u0259rin meri Tom&aacute;&scaron; Jirsa il\u0259 g&ouml;r&uuml;\u015f&uuml;b. G&ouml;r&uuml;\u015f zaman\u0131 Hlubok&aacute; nad Vltavou \u015f\u0259h\u0259ri il\u0259 ikit\u0259r\u0259fli \u0259m\u0259kda\u015fl\u0131q \u0259laq\u0259l\u0259rinin qurulmas\u0131, qar\u015f\u0131l\u0131ql\u0131 maraq k\u0259sb ed\u0259n m\u0259s\u0259l\u0259l\u0259r m&uuml;zakir\u0259 edilib. R\u0259smi g&ouml;r&uuml;\u015fl\u0259rl\u0259 yana\u015f\u0131, s\u0259fir F\u0259rid \u015e\u0259fiyev C\u0259nubi Bohemiya regionunun, &uuml;mumiyy\u0259tl\u0259 &Ccedil;exiyan\u0131n s&uuml;d m\u0259hsullar\u0131 istehsal\u0131 sah\u0259sind\u0259 \u0259n b&ouml;y&uuml;k m&uuml;\u0259ssis\u0259l\u0259rind\u0259n olan &quot;Madeta&quot; fabrikin\u0259 s\u0259f\u0259r edib. Fabrikin icra&ccedil;\u0131 direktoru Jan Teply s\u0259fir F\u0259rid \u015e\u0259fiyevi q\u0259bul ed\u0259r\u0259k, m&uuml;\u0259ssis\u0259 haqq\u0131nda \u0259trafl\u0131 m\u0259lumat verib. Daha sonra s\u0259fir F\u0259rid \u015e\u0259fiyev &quot;Madeta&quot; fabrikinin istehsal prosesi v\u0259 m\u0259hsullar\u0131 il\u0259 tan\u0131\u015f olub. &Uuml;mumiyy\u0259tl\u0259 bu iki &ouml;lk\u0259 aras\u0131nda iqtisadiyyat \u0259laq\u0259l\u0259ri artan templ\u0259 inki\u015faf edir, biznes forumlar\u0131 ke&ccedil;irilir. Haz\u0131rda Az\u0259rbaycanda 19 &Ccedil;exiya investisiyal\u0131 \u015firk\u0259t f\u0259aliyy\u0259t g&ouml;st\u0259rir v\u0259 indiy\u0259d\u0259k bu \u015firk\u0259tl\u0259r t\u0259r\u0259find\u0259n &ouml;lk\u0259miz\u0259 \u0259sas kapitala 1,3 mlrd. dollar investisiya yat\u0131r\u0131l\u0131b. &Ccedil;exiya \u015firk\u0259tl\u0259ri d\u0259y\u0259ri 1,6 mlrd. manat olan 6 layih\u0259 &uuml;zr\u0259 podrat&ccedil;\u0131 qismind\u0259 d\u0259 i\u015ftirak edirl\u0259r. Az\u0259rbaycanda h\u0259yata ke&ccedil;iril\u0259n iri layih\u0259l\u0259r &#8211; \u015eimal-C\u0259nub beyn\u0259lxalq n\u0259qliyyat d\u0259hlizi, Bak\u0131-Tbilisi-Qars, D\u0259niz Ticar\u0259t Liman\u0131 &Ccedil;exiyan\u0131n maraq dair\u0259sind\u0259dir. Yax\u0131n g\u0259l\u0259c\u0259kd\u0259 &Ccedil;exiyan\u0131n &ouml;lk\u0259mizin n\u0259qliyyat infrastrukturu v\u0259 tranzit imkanlar\u0131ndan istifad\u0259 ed\u0259c\u0259k.<\/p>\n","protected":false},"excerpt":{"rendered":"<p>Az\u0259r K\u0259rimov: &ldquo;Avropa-d&uuml;nya m\u0259kan\u0131nda Az\u0259rbaycan h\u0259qiq\u0259tl\u0259rini t\u0259bli\u011f edirik&rdquo; Az\u0259rbaycan daim d&uuml;nya &ouml;lk\u0259l\u0259ri il\u0259 h\u0259rt\u0259r\u0259fli \u0259laq\u0259l\u0259rin inki\u015faf\u0131na b&ouml;y&uuml;k maraq g&ouml;st\u0259rir v\u0259 bu, Az\u0259rbaycan Prezidenti \u0130lham \u018fliyevin h\u0259yata ke&ccedil;irdiyi xarici siyas\u0259t kursunun&hellip;<\/p>\n","protected":false},"author":1,"featured_media":251278,"comment_status":"open","ping_status":"open","sticky":false,"template":"","format":"standard","meta":{"_lmt_disableupdate":"","_lmt_disable":"","footnotes":""},"categories":[1],"tags":[],"class_list":["post-51974","post","type-post","status-publish","format-standard","has-post-thumbnail","hentry","category-esas"],"_links":{"self":[{"href":"https:\/\/ucnoqta.az\/index.php?rest_route=\/wp\/v2\/posts\/51974","targetHints":{"allow":["GET"]}}],"collection":[{"href":"https:\/\/ucnoqta.az\/index.php?rest_route=\/wp\/v2\/posts"}],"about":[{"href":"https:\/\/ucnoqta.az\/index.php?rest_route=\/wp\/v2\/types\/post"}],"author":[{"embeddable":true,"href":"https:\/\/ucnoqta.az\/index.php?rest_route=\/wp\/v2\/users\/1"}],"replies":[{"embeddable":true,"href":"https:\/\/ucnoqta.az\/index.php?rest_route=%2Fwp%2Fv2%2Fcomments&post=51974"}],"version-history":[{"count":0,"href":"https:\/\/ucnoqta.az\/index.php?rest_route=\/wp\/v2\/posts\/51974\/revisions"}],"wp:featuredmedia":[{"embeddable":true,"href":"https:\/\/ucnoqta.az\/index.php?rest_route=\/wp\/v2\/media\/251278"}],"wp:attachment":[{"href":"https:\/\/ucnoqta.az\/index.php?rest_route=%2Fwp%2Fv2%2Fmedia&parent=51974"}],"wp:term":[{"taxonomy":"category","embeddable":true,"href":"https:\/\/ucnoqta.az\/index.php?rest_route=%2Fwp%2Fv2%2Fcategories&post=51974"},{"taxonomy":"post_tag","embeddable":true,"href":"https:\/\/ucnoqta.az\/index.php?rest_route=%2Fwp%2Fv2%2Ftags&post=51974"}],"curies":[{"name":"wp","href":"https:\/\/api.w.org\/{rel}","templated":true}]}}