{"id":51965,"date":"2017-10-31T14:21:05","date_gmt":"2017-10-31T10:21:05","guid":{"rendered":""},"modified":"-0001-11-30T00:00:00","modified_gmt":"-0001-11-29T20:00:00","slug":"","status":"publish","type":"post","link":"https:\/\/ucnoqta.az\/?p=51965","title":{"rendered":"Sahibkarl\u0131q sah\u0259sind\u0259 yoxlamalar\u0131n dayand\u0131r\u0131lmas\u0131n\u0131n m\u00fcdd\u0259ti 2021-ci il\u0259d\u0259k uzad\u0131l\u0131b"},"content":{"rendered":"<p>Bu g&uuml;n Milli M\u0259clisin plenar iclas\u0131nda&nbsp; &quot;Sahibkarl\u0131q sah\u0259sind\u0259 apar\u0131lan yoxlamalar\u0131n dayand\u0131r\u0131lmas\u0131 haqq\u0131nda&quot; qanuna d\u0259yi\u015fiklik layih\u0259si m&uuml;zakir\u0259 edilib. \u0130qtisadi Siyas\u0259t, s\u0259naye v\u0259 sahibkarl\u0131q komit\u0259sinin s\u0259dri Ziyad S\u0259m\u0259dzad\u0259 bildirib ki, &quot;Sahibkarl\u0131q sah\u0259sind\u0259 apar\u0131lan yoxlamalar\u0131n dayand\u0131r\u0131lmas\u0131 haqq\u0131nda&quot; qanuna d\u0259yi\u015fiklik t\u0259klif edilir. Onun s&ouml;zl\u0259rin\u0259 g&ouml;r\u0259, d\u0259yi\u015fiklikd\u0259 Az\u0259rbaycanda sahibkarl\u0131q sah\u0259sind\u0259 apar\u0131lan yoxlamalar\u0131n m&uuml;dd\u0259tinin 2021-ci ilin yanvar\u0131n 1-d\u0259k uzad\u0131lmas\u0131 n\u0259z\u0259rd\u0259 tutulur.<br \/>\nKomit\u0259 s\u0259dri \u0259lav\u0259 edib ki, qanuna yeni madd\u0259 d\u0259 \u0259lav\u0259 edilib: &quot;Sahibkarl\u0131q sah\u0259sind\u0259 yoxlamalar\u0131n dayand\u0131r\u0131lmas\u0131 bu sah\u0259d\u0259 m&uuml;sb\u0259t d\u0259yi\u015fikliy\u0259 s\u0259b\u0259b olub.&nbsp; El\u0259 sah\u0259l\u0259r var ki, bu sah\u0259l\u0259r iqtisadi, d&ouml;vl\u0259t, qida t\u0259hl&uuml;k\u0259sizliyi il\u0259 ba\u011fl\u0131d\u0131r. Ona g&ouml;r\u0259, qanunun t\u0259tbiq dair\u0259si adlanan ikinci madd\u0259d\u0259 m&uuml;vafiq icra hakimiyy\u0259ti orqan\u0131 t\u0259r\u0259find\u0259n d\u0259rman vasit\u0259l\u0259rinin keyfiyy\u0259ti, t\u0259hl&uuml;k\u0259sizliyi qaydalar\u0131na riay\u0259t edilm\u0259si, qida m\u0259hsullar\u0131na t\u0259hl&uuml;k\u0259sizliyin\u0259 n\u0259zar\u0259tin h\u0259yata ke&ccedil;irilm\u0259si il\u0259 ba\u011fl\u0131 yoxlamalar ayr\u0131ca madd\u0259 kimi \u0259lav\u0259 olunub. Bu, &ccedil;ox vacib m\u0259s\u0259l\u0259dir. D\u0259rman vasit\u0259l\u0259rinin keyfiyy\u0259ti v\u0259 t\u0259hl&uuml;k\u0259sizliyi S\u0259hiyy\u0259 Nazirliyi t\u0259r\u0259find\u0259n, qidalar\u0131n keyfiyy\u0259tin\u0259 n\u0259zar\u0259t is\u0259 2018-ci ild\u0259 f\u0259aliyy\u0259t\u0259 ba\u015flayacaq Qida T\u0259hl&uuml;k\u0259sizliyi Agentliyi t\u0259r\u0259find\u0259n yoxlan\u0131lacaq &quot;.<\/p>\n<p>&nbsp;<br \/>\nMill\u0259t v\u0259kili is\u0259 Q\u0259nir\u0259 Pa\u015fayeva is\u0259 bildirib ki, bu qanunun t\u0259tbiq sah\u0259sin\u0259 \u0259m\u0259k m&uuml;qavil\u0259l\u0259rinin yoxlan\u0131lmas\u0131 da daxil edilm\u0259lidir: &ldquo;Biz m&uuml;\u0259yy\u0259n sahibkarlar t\u0259r\u0259find\u0259n \u0259m\u0259k m&uuml;qavil\u0259si olmadan i\u015f&ccedil;il\u0259rinin &ccedil;al\u0131\u015fmas\u0131 hallar\u0131n\u0131n \u015fahidi oluruq. Yaxud \u0259m\u0259k m&uuml;qavil\u0259sind\u0259 n\u0259z\u0259rd\u0259 tutulandan a\u015fa\u011f\u0131 m\u0259vacib verilir. Bu insanlar\u0131n g\u0259l\u0259c\u0259k taleyi nec\u0259 olacaq. D&ouml;vl\u0259t \u018fm\u0259k M&uuml;f\u0259tti\u015fliyi &ouml;z f\u0259aliyy\u0259tini art\u0131r\u0131lmal\u0131d\u0131r. \u0130nsanlar\u0131n i\u015f yerl\u0259rin\u0259 ehtiyac\u0131 var. &Ouml;z h&uuml;ququnu qoruyan insanlar onlar\u0131n yerin\u0259 ba\u015fqalar\u0131n\u0131n g\u0259tirilm\u0259sind\u0259n ehtiyatlan\u0131r. Buna g&ouml;r\u0259 d\u0259 onlar \u0259m\u0259k m&uuml;qavil\u0259si olmadan &ccedil;al\u0131\u015fmaq m\u0259cburiyy\u0259tind\u0259 qal\u0131r&rdquo;.<br \/>\n&nbsp;<br \/>\nVitse-spiker Ziyaf\u0259t \u018fsg\u0259rov is\u0259 qeyd edib ki, sahibkarl\u0131q sah\u0259sind\u0259 yoxlamalar\u0131n dair\u0259sini geni\u015fl\u0259ndirilm\u0259y\u0259 ehtiyac yoxdur.<br \/>\n&nbsp;<br \/>\nQeyd ed\u0259k ki, &ldquo;Sahibkarl\u0131q sah\u0259sind\u0259 apar\u0131lan yoxlamalar\u0131n dayand\u0131r\u0131lmas\u0131 haqq\u0131nda&rdquo; qanuna \u0259sas\u0259n sahibkarl\u0131q sah\u0259sind\u0259 yoxlamalar\u0131n dayand\u0131r\u0131lmas\u0131 m&uuml;dd\u0259ti bu ilin noyabr\u0131n 1-d\u0259 bitir.<br \/>\n&nbsp;<br \/>\nQanun layih\u0259si s\u0259s\u0259 qoyularaq q\u0259bul edilib.Apa<\/p>\n","protected":false},"excerpt":{"rendered":"<p>Bu g&uuml;n Milli M\u0259clisin plenar iclas\u0131nda&nbsp; &quot;Sahibkarl\u0131q sah\u0259sind\u0259 apar\u0131lan yoxlamalar\u0131n dayand\u0131r\u0131lmas\u0131 haqq\u0131nda&quot; qanuna d\u0259yi\u015fiklik layih\u0259si m&uuml;zakir\u0259 edilib. \u0130qtisadi Siyas\u0259t, s\u0259naye v\u0259 sahibkarl\u0131q komit\u0259sinin s\u0259dri Ziyad S\u0259m\u0259dzad\u0259 bildirib ki, &quot;Sahibkarl\u0131q sah\u0259sind\u0259&hellip;<\/p>\n","protected":false},"author":1,"featured_media":251278,"comment_status":"open","ping_status":"open","sticky":false,"template":"","format":"standard","meta":{"_lmt_disableupdate":"","_lmt_disable":"","footnotes":""},"categories":[],"tags":[],"class_list":["post-51965","post","type-post","status-publish","format-standard","has-post-thumbnail","hentry"],"_links":{"self":[{"href":"https:\/\/ucnoqta.az\/index.php?rest_route=\/wp\/v2\/posts\/51965","targetHints":{"allow":["GET"]}}],"collection":[{"href":"https:\/\/ucnoqta.az\/index.php?rest_route=\/wp\/v2\/posts"}],"about":[{"href":"https:\/\/ucnoqta.az\/index.php?rest_route=\/wp\/v2\/types\/post"}],"author":[{"embeddable":true,"href":"https:\/\/ucnoqta.az\/index.php?rest_route=\/wp\/v2\/users\/1"}],"replies":[{"embeddable":true,"href":"https:\/\/ucnoqta.az\/index.php?rest_route=%2Fwp%2Fv2%2Fcomments&post=51965"}],"version-history":[{"count":0,"href":"https:\/\/ucnoqta.az\/index.php?rest_route=\/wp\/v2\/posts\/51965\/revisions"}],"wp:featuredmedia":[{"embeddable":true,"href":"https:\/\/ucnoqta.az\/index.php?rest_route=\/wp\/v2\/media\/251278"}],"wp:attachment":[{"href":"https:\/\/ucnoqta.az\/index.php?rest_route=%2Fwp%2Fv2%2Fmedia&parent=51965"}],"wp:term":[{"taxonomy":"category","embeddable":true,"href":"https:\/\/ucnoqta.az\/index.php?rest_route=%2Fwp%2Fv2%2Fcategories&post=51965"},{"taxonomy":"post_tag","embeddable":true,"href":"https:\/\/ucnoqta.az\/index.php?rest_route=%2Fwp%2Fv2%2Ftags&post=51965"}],"curies":[{"name":"wp","href":"https:\/\/api.w.org\/{rel}","templated":true}]}}