{"id":51961,"date":"2017-10-31T13:09:01","date_gmt":"2017-10-31T09:09:01","guid":{"rendered":""},"modified":"-0001-11-30T00:00:00","modified_gmt":"-0001-11-29T20:00:00","slug":"","status":"publish","type":"post","link":"https:\/\/ucnoqta.az\/?p=51961","title":{"rendered":"Siyavu\u015f Novruzov: <font color=red><b>\u201cAz\u0259ri-\u00c7\u0131raq-G\u00fcn\u0259\u015fli\u201d layih\u0259sini x\u00fclya hesab ed\u0259nl\u0259rin b\u0259zil\u0259ri indi Milli M\u0259clisd\u0259 oturub\u201d<\/b><\/font>"},"content":{"rendered":"<p>&ldquo;Bu layih\u0259ni x\u0259yal adland\u0131r\u0131rd\u0131lar, onlar layih\u0259nin ger&ccedil;\u0259kl\u0259\u015f\u0259c\u0259yin\u0259 inanm\u0131rd\u0131lar&rdquo;. &ldquo;Report&rdquo;un x\u0259b\u0259rin\u0259 g&ouml;r\u0259, bunu Milli M\u0259clisin bu g&uuml;n ke&ccedil;iril\u0259n plenar iclas\u0131nda parlamentin \u0130ctimai birlikl\u0259r v\u0259 dini qurumlar komit\u0259sinin s\u0259dri, hakim Yeni Az\u0259rbaycan Partiyas\u0131 (YAP) icra katibinin m&uuml;avini Siyavu\u015f Novruzov &quot;Az\u0259ri-&Ccedil;\u0131raq-G&uuml;n\u0259\u015fli&quot; &uuml;zr\u0259 yeni sazi\u015fin ratifikasiyas\u0131 zaman\u0131 deyib.<\/p>\n<p>O bildirib ki, tarix bu fikirl\u0259rin x&uuml;lya oldu\u011funu g&ouml;st\u0259rdi: &ldquo;O zaman bu m&uuml;qavil\u0259ni b\u0259y\u0259nm\u0259y\u0259nl\u0259rd\u0259n haz\u0131rda Milli M\u0259clisin iclas\u0131nda oturanlar da var, sazi\u015fi d\u0259st\u0259kl\u0259yirl\u0259r. Dig\u0259rl\u0259ri d\u0259 zamanla ba\u015fa d&uuml;\u015f\u0259c\u0259kl\u0259r&rdquo;.<br \/>\nS.Novruzov qeyd edib ki, Az\u0259rbaycan Prezidenti \u0130lham \u018fliyev s&ouml;z&uuml;n&uuml;n &uuml;st&uuml;nd\u0259 duran \u015f\u0259xs kimi tan\u0131n\u0131r, d\u0259st\u0259kl\u0259nir: &ldquo;&Ouml;lk\u0259d\u0259 bu m&uuml;dd\u0259t \u0259rzind\u0259 m\u0259kt\u0259bl\u0259r, x\u0259st\u0259xanalar, ia\u015f\u0259 obyektl\u0259ri tikilib, abadl\u0131q-quruculuq i\u015fl\u0259ri g&ouml;r&uuml;l&uuml;b&rdquo;.<\/p>\n","protected":false},"excerpt":{"rendered":"<p>&ldquo;Bu layih\u0259ni x\u0259yal adland\u0131r\u0131rd\u0131lar, onlar layih\u0259nin ger&ccedil;\u0259kl\u0259\u015f\u0259c\u0259yin\u0259 inanm\u0131rd\u0131lar&rdquo;. &ldquo;Report&rdquo;un x\u0259b\u0259rin\u0259 g&ouml;r\u0259, bunu Milli M\u0259clisin bu g&uuml;n ke&ccedil;iril\u0259n plenar iclas\u0131nda parlamentin \u0130ctimai birlikl\u0259r v\u0259 dini qurumlar komit\u0259sinin s\u0259dri, hakim Yeni Az\u0259rbaycan&hellip;<\/p>\n","protected":false},"author":1,"featured_media":251278,"comment_status":"open","ping_status":"open","sticky":false,"template":"","format":"standard","meta":{"_lmt_disableupdate":"","_lmt_disable":"","footnotes":""},"categories":[86],"tags":[],"class_list":["post-51961","post","type-post","status-publish","format-standard","has-post-thumbnail","hentry","category-siyaset"],"_links":{"self":[{"href":"https:\/\/ucnoqta.az\/index.php?rest_route=\/wp\/v2\/posts\/51961","targetHints":{"allow":["GET"]}}],"collection":[{"href":"https:\/\/ucnoqta.az\/index.php?rest_route=\/wp\/v2\/posts"}],"about":[{"href":"https:\/\/ucnoqta.az\/index.php?rest_route=\/wp\/v2\/types\/post"}],"author":[{"embeddable":true,"href":"https:\/\/ucnoqta.az\/index.php?rest_route=\/wp\/v2\/users\/1"}],"replies":[{"embeddable":true,"href":"https:\/\/ucnoqta.az\/index.php?rest_route=%2Fwp%2Fv2%2Fcomments&post=51961"}],"version-history":[{"count":0,"href":"https:\/\/ucnoqta.az\/index.php?rest_route=\/wp\/v2\/posts\/51961\/revisions"}],"wp:featuredmedia":[{"embeddable":true,"href":"https:\/\/ucnoqta.az\/index.php?rest_route=\/wp\/v2\/media\/251278"}],"wp:attachment":[{"href":"https:\/\/ucnoqta.az\/index.php?rest_route=%2Fwp%2Fv2%2Fmedia&parent=51961"}],"wp:term":[{"taxonomy":"category","embeddable":true,"href":"https:\/\/ucnoqta.az\/index.php?rest_route=%2Fwp%2Fv2%2Fcategories&post=51961"},{"taxonomy":"post_tag","embeddable":true,"href":"https:\/\/ucnoqta.az\/index.php?rest_route=%2Fwp%2Fv2%2Ftags&post=51961"}],"curies":[{"name":"wp","href":"https:\/\/api.w.org\/{rel}","templated":true}]}}