{"id":51957,"date":"2017-10-31T12:50:38","date_gmt":"2017-10-31T08:50:38","guid":{"rendered":""},"modified":"-0001-11-30T00:00:00","modified_gmt":"-0001-11-29T20:00:00","slug":"","status":"publish","type":"post","link":"https:\/\/ucnoqta.az\/?p=51957","title":{"rendered":"T\u00fcrkiy\u0259 Prezidenti R\u0259c\u0259b Tayyib \u018frdo\u011fan\u0131n r\u0259smi qar\u015f\u0131lanma m\u0259rasimi olub"},"content":{"rendered":"<p>Oktyabr\u0131n 31-d\u0259 Bak\u0131da Az\u0259rbaycan-T&uuml;rkiy\u0259 Y&uuml;ks\u0259k S\u0259viyy\u0259li Strateji \u018fm\u0259kda\u015fl\u0131q \u015euras\u0131n\u0131n alt\u0131nc\u0131 iclas\u0131 ke&ccedil;irilir. Bununla \u0259laq\u0259dar T&uuml;rkiy\u0259 Prezidenti R\u0259c\u0259b Tayyib \u018frdo\u011fan\u0131n r\u0259smi qar\u015f\u0131lanma m\u0259rasimi olub. H\u0259r iki &ouml;lk\u0259nin d&ouml;vl\u0259t bayraqlar\u0131n\u0131n dal\u011faland\u0131\u011f\u0131 meydanda ali qona\u011f\u0131n \u015f\u0259r\u0259fin\u0259 f\u0259xri qarovul d\u0259st\u0259si d&uuml;z&uuml;lm&uuml;\u015fd&uuml;.<\/p>\n<p>Az\u0259rbaycan Prezidenti \u0130lham \u018fliyev T&uuml;rkiy\u0259 Prezidenti R\u0259c\u0259b Tayyib \u018frdo\u011fan\u0131 qar\u015f\u0131lad\u0131.<\/p>\n<p>F\u0259xri qarovul d\u0259st\u0259sinin r\u0259isi T&uuml;rkiy\u0259 Prezidentin\u0259 raport verdi.<\/p>\n<p>Prezident \u0130lham \u018fliyev v\u0259 Prezident R\u0259c\u0259b Tayyib \u018frdo\u011fan f\u0259xri qarovul d\u0259st\u0259sinin qar\u015f\u0131s\u0131ndan ke&ccedil;dil\u0259r.<\/p>\n<p>T&uuml;rkiy\u0259 Prezidenti Az\u0259rbaycan \u0259sg\u0259rl\u0259rini salamlad\u0131.<\/p>\n<p>T&uuml;rkiy\u0259nin v\u0259 Az\u0259rbaycan\u0131n d&ouml;vl\u0259t himnl\u0259ri s\u0259sl\u0259ndi.<\/p>\n<p>Az\u0259rbaycan\u0131n v\u0259 T&uuml;rkiy\u0259nin d&ouml;vl\u0259t v\u0259 h&ouml;kum\u0259t n&uuml;may\u0259nd\u0259l\u0259ri prezidentl\u0259rl\u0259 g&ouml;r&uuml;\u015fd&uuml;l\u0259r.<\/p>\n<p>F\u0259xri qarovul d\u0259st\u0259si h\u0259rbi mar\u015f\u0131n s\u0259dalar\u0131 alt\u0131nda d&ouml;vl\u0259t ba\u015f&ccedil;\u0131lar\u0131n\u0131n qar\u015f\u0131s\u0131ndan ke&ccedil;di.<\/p>\n<p>D&ouml;vl\u0259t ba\u015f&ccedil;\u0131lar\u0131 r\u0259smi foto &ccedil;\u0259kdirdil\u0259r.<\/p>\n","protected":false},"excerpt":{"rendered":"<p>Oktyabr\u0131n 31-d\u0259 Bak\u0131da Az\u0259rbaycan-T&uuml;rkiy\u0259 Y&uuml;ks\u0259k S\u0259viyy\u0259li Strateji \u018fm\u0259kda\u015fl\u0131q \u015euras\u0131n\u0131n alt\u0131nc\u0131 iclas\u0131 ke&ccedil;irilir. Bununla \u0259laq\u0259dar T&uuml;rkiy\u0259 Prezidenti R\u0259c\u0259b Tayyib \u018frdo\u011fan\u0131n r\u0259smi qar\u015f\u0131lanma m\u0259rasimi olub. H\u0259r iki &ouml;lk\u0259nin d&ouml;vl\u0259t bayraqlar\u0131n\u0131n dal\u011faland\u0131\u011f\u0131 meydanda&hellip;<\/p>\n","protected":false},"author":1,"featured_media":251278,"comment_status":"open","ping_status":"open","sticky":false,"template":"","format":"standard","meta":{"_lmt_disableupdate":"","_lmt_disable":"","footnotes":""},"categories":[],"tags":[],"class_list":["post-51957","post","type-post","status-publish","format-standard","has-post-thumbnail","hentry"],"_links":{"self":[{"href":"https:\/\/ucnoqta.az\/index.php?rest_route=\/wp\/v2\/posts\/51957","targetHints":{"allow":["GET"]}}],"collection":[{"href":"https:\/\/ucnoqta.az\/index.php?rest_route=\/wp\/v2\/posts"}],"about":[{"href":"https:\/\/ucnoqta.az\/index.php?rest_route=\/wp\/v2\/types\/post"}],"author":[{"embeddable":true,"href":"https:\/\/ucnoqta.az\/index.php?rest_route=\/wp\/v2\/users\/1"}],"replies":[{"embeddable":true,"href":"https:\/\/ucnoqta.az\/index.php?rest_route=%2Fwp%2Fv2%2Fcomments&post=51957"}],"version-history":[{"count":0,"href":"https:\/\/ucnoqta.az\/index.php?rest_route=\/wp\/v2\/posts\/51957\/revisions"}],"wp:featuredmedia":[{"embeddable":true,"href":"https:\/\/ucnoqta.az\/index.php?rest_route=\/wp\/v2\/media\/251278"}],"wp:attachment":[{"href":"https:\/\/ucnoqta.az\/index.php?rest_route=%2Fwp%2Fv2%2Fmedia&parent=51957"}],"wp:term":[{"taxonomy":"category","embeddable":true,"href":"https:\/\/ucnoqta.az\/index.php?rest_route=%2Fwp%2Fv2%2Fcategories&post=51957"},{"taxonomy":"post_tag","embeddable":true,"href":"https:\/\/ucnoqta.az\/index.php?rest_route=%2Fwp%2Fv2%2Ftags&post=51957"}],"curies":[{"name":"wp","href":"https:\/\/api.w.org\/{rel}","templated":true}]}}