{"id":51938,"date":"2017-10-31T00:48:41","date_gmt":"2017-10-30T20:48:41","guid":{"rendered":""},"modified":"-0001-11-30T00:00:00","modified_gmt":"-0001-11-29T20:00:00","slug":"","status":"publish","type":"post","link":"https:\/\/ucnoqta.az\/?p=51938","title":{"rendered":"<b><font color=red>\u201cErm\u0259nistan-Az\u0259rbaycan V\u0259t\u0259nda\u015f S\u00fclh Platformas\u0131\u201dn\u0131n I Qurultay\u0131 ke\u00e7irilib<\/font><\/b>"},"content":{"rendered":"<p>&Ouml;t\u0259n g&uuml;n G&uuml;rc&uuml;stan\u0131n paytaxt\u0131 Tbilisi \u015f\u0259h\u0259rind\u0259 &ldquo;Erm\u0259nistan-Az\u0259rbaycan V\u0259t\u0259nda\u015f S&uuml;lh Platformas\u0131&rdquo;-n\u0131n I Qurultay\u0131 ke&ccedil;irilib. &ldquo;Report&rdquo; x\u0259b\u0259r verir ki, qurultaya haz\u0131rl\u0131q &uuml;zr\u0259 T\u0259\u015fkilat Komit\u0259sinin s\u0259dri Orxan N\u0259biyev son bir il \u0259rzind\u0259 S&uuml;lh Platformas\u0131 &ccedil;\u0259r&ccedil;iv\u0259sind\u0259 g&ouml;r&uuml;l\u0259n i\u015fl\u0259r haqq\u0131nda hesabatla &ccedil;\u0131x\u0131\u015f edib v\u0259 Qurultaya haz\u0131rl\u0131q bar\u0259d\u0259 i\u015ftirak&ccedil;\u0131lara \u0259trafl\u0131 m\u0259lumat verib. Mandat Komit\u0259sinin Qurultayda yet\u0259rsay\u0131n olmas\u0131 haqq\u0131nda verdiyi m\u0259lumatdan sonra Qurultay r\u0259sm\u0259n &ouml;z i\u015fin\u0259 ba\u015flay\u0131b v\u0259 Qurultay\u0131n g&uuml;nd\u0259liyi yekdillikl\u0259 q\u0259bul olunub.<\/p>\n<p>G&uuml;nd\u0259likd\u0259 olan ilk m\u0259s\u0259l\u0259, &ldquo;Erm\u0259nistan-Az\u0259rbaycan S&uuml;lh Platformas\u0131&rdquo;n\u0131n \u0259sas\u0131nda &ldquo;Erm\u0259nistan-Az\u0259rbaycan V\u0259t\u0259nda\u015f S&uuml;lh Platformas\u0131&rdquo;n\u0131n yarad\u0131lmas\u0131 v\u0259 onun Nizamnam\u0259sininin t\u0259sdiq olunmas\u0131 haqq\u0131nda q\u0259rar q\u0259bul olunub.<br \/>\nNizamnam\u0259y\u0259 uy\u011fun olaraq &ldquo;Erm\u0259nistan-Az\u0259rbaycan V\u0259t\u0259nda\u015f S&uuml;lh Platfromas\u0131&rdquo;n\u0131n \u0130dar\u0259 Hey\u0259ti v\u0259 M\u0259rk\u0259zi N\u0259zar\u0259t T\u0259fti\u015f Komissiyas\u0131 &uuml;zvl\u0259rinin say\u0131, t\u0259msil&ccedil;ilik prinsipi v\u0259 t\u0259rkibi m&uuml;\u0259yyy\u0259nl\u0259\u015fib. Bel\u0259 ki, Qurultay &ldquo;Erm\u0259nistan-Az\u0259rbaycan V\u0259t\u0259nda\u015f S&uuml;lh Platformas\u0131&rdquo;n\u0131n \u0130dar\u0259 Hey\u0259tinin &uuml;zvl\u0259rinin Da\u011fl\u0131q Qaraba\u011f m&uuml;naqi\u015f\u0259sinin s&uuml;lh yolu il\u0259 h\u0259ll olunmas\u0131na vasit\u0259&ccedil;ilik ed\u0259n AT\u018fT-in Minsk qrupuna &uuml;zv &ouml;lk\u0259l\u0259rin t\u0259msil&ccedil;il\u0259rind\u0259n formala\u015fmas\u0131 v\u0259 t\u0259rkibin 19 n\u0259f\u0259rd\u0259n ibar\u0259t olmas\u0131 haqq\u0131nda q\u0259rar q\u0259bul edib. &Uuml;mumi raz\u0131la\u015fmaya \u0259sas\u0259n, 19 n\u0259f\u0259rlik \u0130dar\u0259 Hey\u0259tind\u0259 &uuml;zvl\u0259rin say proporsiyas\u0131 5-i erm\u0259ni, 5-i az\u0259rbaycanl\u0131, 9-u is\u0259 AT\u018fT-in Minsk Qrupuna daxil olan dig\u0259r &ouml;lk\u0259l\u0259rin h\u0259r\u0259sind\u0259n 1 n\u0259f\u0259r olmaqla m&uuml;\u0259yy\u0259n edilib.<br \/>\nKe&ccedil;iril\u0259n s\u0259&ccedil;kil\u0259rin n\u0259tic\u0259l\u0259rin\u0259 \u0259sas\u0259n a\u015fa\u011f\u0131dak\u0131lar &ldquo;Erm\u0259nistan-Az\u0259rbaycan V\u0259t\u0259nda\u015f S&uuml;lh Platformas\u0131&rdquo;-n\u0131n \u0130dar\u0259 Hey\u0259tin\u0259 &uuml;zv se&ccedil;ilibl\u0259r:<br \/>\nErm\u0259ni t\u0259msil&ccedil;il\u0259ri:<br \/>\n1. Oksana Altunyan (m&uuml;h\u0259ndis, ictimai f\u0259al)<br \/>\n2. Erik Xa&ccedil;aturov (i\u015f adam\u0131)<br \/>\n3. Rimma Sarkisova (ictimai f\u0259al)<br \/>\n4. Artur A\u011facanov (tarix&ccedil;i alim)<br \/>\n5. Rafael \u0130saxanyan (iqtisad&ccedil;\u0131 alim, ara\u015fd\u0131rma&ccedil;\u0131)<br \/>\nAz\u0259rbaycanl\u0131 t\u0259msil&ccedil;il\u0259r:<br \/>\n6. Novella C\u0259f\u0259rova (h&uuml;quq m&uuml;dafi\u0259&ccedil;isi)<br \/>\n7. Rizvan H&uuml;seynov (tarix&ccedil;i)<br \/>\n8. Umud Mirz\u0259yev(BAMF-\u0131n s\u0259dri)<br \/>\n9. Kamil S\u0259limov (h&uuml;quq elml\u0259ri doktoru)<br \/>\n10. R&ouml;v\u015f\u0259n Rzayev (Da\u011fl\u0131q Qaraba\u011f\u0131n Az\u0259rbaycanl\u0131 \u0130cmas\u0131n\u0131n \u0130dar\u0259 hey\u0259tinin &uuml;zv&uuml;)<br \/>\nAT\u018fT-in Minsk Qrupuna &uuml;zv olan dig\u0259r 9 &ouml;lk\u0259nin t\u0259msil&ccedil;il\u0259ri:<br \/>\n11. Xuan Karlos Mendez (Kaliforniya Vefil M\u0259rk\u0259zini Yepiskopu, AB\u015e)<br \/>\n12. Yevgeni Mixaylov (siyasi \u015f\u0259rh&ccedil;i, C\u0259nubi Rusiya \u0130nformasiya Agentliyinin r\u0259hb\u0259ri, Rusiya)<br \/>\n13. Pier Tregomain (Sarbon Universiteti, Tarix &uuml;zr\u0259 PhD, Fransa)<br \/>\n14. Goran Lindbald (A\u015ePA-n\u0131n ke&ccedil;mi\u015f Vitse-Prezidenti, \u0130sve&ccedil;)<br \/>\n15. Jaakko Laakso (Ke&ccedil;mi\u015f parlamentar, Finlandiya)<br \/>\n16. Sergey Simanovski (siyasi elml\u0259r doktoru, Belorusiya)<br \/>\n17. Selin \u015eenocak (YUNESKO-nun M\u0259d\u0259ni Diplomatiyas\u0131n\u0131n direktoru, T&uuml;rkiy\u0259)<br \/>\n18. Domeniko Letizia (l&rsquo;Opinione q\u0259zetinin siyasi \u015f\u0259rh&ccedil;isi, \u0130taliya)<br \/>\n19. Mattias Dornfeldt (Berlin X\u0259z\u0259r Ara\u015fd\u0131rmalar \u0130nstitutunun r\u0259hb\u0259ri, Almaniya)<br \/>\n\u0130dar\u0259 Hey\u0259tinin se&ccedil;kil\u0259rind\u0259n sonra &ldquo;Erm\u0259nistan-Az\u0259rbaycan V\u0259t\u0259nda\u015f S&uuml;lh Platformas\u0131&rdquo;n\u0131n 3 n\u0259f\u0259rd\u0259n formala\u015fan M\u0259rk\u0259zi N\u0259zar\u0259t-T\u0259fti\u015f Komissiyas\u0131na S&uuml;zan Caginyan (jurnalist, Erm\u0259nistan), S\u0259id\u0259 Qocamanl\u0131 (h&uuml;quq m&uuml;dafi\u0259&ccedil;isi, Az\u0259rbaycan) v\u0259 Stanislav Raznievski (Pol\u015fa-G&uuml;rc&uuml;stan Dostluq C\u0259miyy\u0259tinin s\u0259dri, Pol\u015fa) se&ccedil;ilibl\u0259r.<br \/>\nQurultay\u0131n Yekun Q\u0259rar\u0131 v\u0259 Qurultay i\u015ftirak&ccedil;\u0131lar\u0131n\u0131n B\u0259yanat\u0131 q\u0259bul olunub (\u0259lav\u0259 edilir). Qurultay Platforman\u0131n Tbilisi, \u0130r\u0259van v\u0259 Bak\u0131da ofisl\u0259rinin a&ccedil;\u0131lmas\u0131, Erm\u0259nistan v\u0259 Az\u0259rbaycanda geni\u015f ictimaiyy\u0259tl\u0259 g&ouml;r&uuml;\u015fl\u0259rin ke&ccedil;irilm\u0259si haqq\u0131nda q\u0259rar q\u0259bul edib.<br \/>\nQurultay i\u015ftirak&ccedil;\u0131lar\u0131n\u0131n Erm\u0259nistan v\u0259 Az\u0259rbaycan prezidentl\u0259rin\u0259, AT\u018fT-in Minsk qrupunun h\u0259ms\u0259drl\u0259rin\u0259, Roma Papas\u0131 Fransisk\u0259, B&uuml;t&uuml;n Erm\u0259nil\u0259rin Katolikosu II Qaregin\u0259 v\u0259 Qafqaz M&uuml;s\u0259lmanlar\u0131 \u0130dar\u0259sinin S\u0259dri, \u015eeyx&uuml;lislam Allah\u015f&uuml;k&uuml;r Pa\u015fazad\u0259y\u0259 Da\u011fl\u0131q Qaraba\u011f probleminin s&uuml;lh yolu il\u0259 h\u0259llin\u0259 k&ouml;m\u0259k m\u0259qs\u0259dil\u0259 yarad\u0131lm\u0131\u015f Platforman\u0131n t\u0259\u015f\u0259bb&uuml;s&uuml;n\u0259 d\u0259st\u0259k verm\u0259l\u0259ri, Erm\u0259nistanla Az\u0259rbaycan aras\u0131nda davam ed\u0259n 30 illik m&uuml;naqi\u015f\u0259y\u0259 son qoyulmas\u0131 v\u0259 davaml\u0131 bar\u0131\u015f\u0131n \u0259ld\u0259 olunmas\u0131 &uuml;&ccedil;&uuml;n onlara m&uuml;raci\u0259tl\u0259ri q\u0259bul olunub (M&uuml;raci\u0259tl\u0259rin m\u0259tni il\u0259 \u0259lav\u0259d\u0259 tan\u0131\u015f ola bil\u0259rsiniz).<br \/>\nQurultay i\u015fini ba\u015fa &ccedil;atd\u0131rd\u0131qdan sonra yeni \u0130dar\u0259 Hey\u0259tinin ilk iclas\u0131 ke&ccedil;irilib. \u0130clasda &ldquo;Erm\u0259nistan-Az\u0259rbaycan V\u0259t\u0259nda\u015f S&uuml;lh Platformas\u0131&rdquo;-n\u0131n Nizamnam\u0259sin\u0259 uy\u011fun olaraq h\u0259ms\u0259drlik instititu t\u0259sis edilib, Rafael \u0130saxanyan v\u0259 R&ouml;v\u015f\u0259n Rzayev Platforman\u0131n \u0130dar\u0259 Hey\u0259tinin 1 il m&uuml;dd\u0259tin\u0259 h\u0259ms\u0259drl\u0259ri se&ccedil;ilib.<br \/>\nDaha sonra Platforman\u0131n \u0130dar\u0259 Hey\u0259ti t\u0259r\u0259find\u0259n &ldquo;Erm\u0259nistan-Az\u0259rbaycan V\u0259t\u0259nda\u015f S&uuml;lh Platfromas\u0131&rdquo;-n\u0131n &ldquo;Ekspertl\u0259r \u015euras\u0131n\u0131&rdquo;-n\u0131n siyah\u0131s\u0131 m&uuml;zakir\u0259y\u0259 &ccedil;\u0131xar\u0131l\u0131b. S\u0259sverm\u0259 n\u0259tic\u0259sind\u0259 &ldquo;Erm\u0259nistan-Az\u0259rbaycan V\u0259t\u0259nda\u015f S&uuml;lh Platfromas\u0131&rdquo;-n\u0131n 29 n\u0259f\u0259rlik &ldquo;Ekspertl\u0259r \u015euras\u0131&rdquo;n\u0131n t\u0259rkibi t\u0259sdiq edilib (Ekspertl\u0259r \u015euras\u0131n\u0131n &uuml;zvl\u0259rinin siyah\u0131s\u0131 \u0259lav\u0259 edilir).<br \/>\n\u0130dar\u0259 Hey\u0259ti Qurulyat\u0131n q\u0259rarlar\u0131n\u0131n icras\u0131n\u0131n t\u0259min olunmas\u0131 istiqam\u0259tind\u0259 m&uuml;vafiq add\u0131mlar\u0131n at\u0131lmas\u0131 v\u0259 f\u0259aliyy\u0259t plan\u0131n q\u0131sa m&uuml;dd\u0259td\u0259 haz\u0131rlanmas\u0131 haqq\u0131nda q\u0259rar q\u0259bul edib.<\/p>\n","protected":false},"excerpt":{"rendered":"<p>&Ouml;t\u0259n g&uuml;n G&uuml;rc&uuml;stan\u0131n paytaxt\u0131 Tbilisi \u015f\u0259h\u0259rind\u0259 &ldquo;Erm\u0259nistan-Az\u0259rbaycan V\u0259t\u0259nda\u015f S&uuml;lh Platformas\u0131&rdquo;-n\u0131n I Qurultay\u0131 ke&ccedil;irilib. &ldquo;Report&rdquo; x\u0259b\u0259r verir ki, qurultaya haz\u0131rl\u0131q &uuml;zr\u0259 T\u0259\u015fkilat Komit\u0259sinin s\u0259dri Orxan N\u0259biyev son bir il \u0259rzind\u0259 S&uuml;lh&hellip;<\/p>\n","protected":false},"author":1,"featured_media":251278,"comment_status":"open","ping_status":"open","sticky":false,"template":"","format":"standard","meta":{"_lmt_disableupdate":"","_lmt_disable":"","footnotes":""},"categories":[86],"tags":[],"class_list":["post-51938","post","type-post","status-publish","format-standard","has-post-thumbnail","hentry","category-siyaset"],"_links":{"self":[{"href":"https:\/\/ucnoqta.az\/index.php?rest_route=\/wp\/v2\/posts\/51938","targetHints":{"allow":["GET"]}}],"collection":[{"href":"https:\/\/ucnoqta.az\/index.php?rest_route=\/wp\/v2\/posts"}],"about":[{"href":"https:\/\/ucnoqta.az\/index.php?rest_route=\/wp\/v2\/types\/post"}],"author":[{"embeddable":true,"href":"https:\/\/ucnoqta.az\/index.php?rest_route=\/wp\/v2\/users\/1"}],"replies":[{"embeddable":true,"href":"https:\/\/ucnoqta.az\/index.php?rest_route=%2Fwp%2Fv2%2Fcomments&post=51938"}],"version-history":[{"count":0,"href":"https:\/\/ucnoqta.az\/index.php?rest_route=\/wp\/v2\/posts\/51938\/revisions"}],"wp:featuredmedia":[{"embeddable":true,"href":"https:\/\/ucnoqta.az\/index.php?rest_route=\/wp\/v2\/media\/251278"}],"wp:attachment":[{"href":"https:\/\/ucnoqta.az\/index.php?rest_route=%2Fwp%2Fv2%2Fmedia&parent=51938"}],"wp:term":[{"taxonomy":"category","embeddable":true,"href":"https:\/\/ucnoqta.az\/index.php?rest_route=%2Fwp%2Fv2%2Fcategories&post=51938"},{"taxonomy":"post_tag","embeddable":true,"href":"https:\/\/ucnoqta.az\/index.php?rest_route=%2Fwp%2Fv2%2Ftags&post=51938"}],"curies":[{"name":"wp","href":"https:\/\/api.w.org\/{rel}","templated":true}]}}