{"id":51929,"date":"2017-10-30T18:33:41","date_gmt":"2017-10-30T14:33:41","guid":{"rendered":""},"modified":"-0001-11-30T00:00:00","modified_gmt":"-0001-11-29T20:00:00","slug":"","status":"publish","type":"post","link":"https:\/\/ucnoqta.az\/?p=51929","title":{"rendered":"\u0130sve\u00e7r\u0259lil\u0259r\u0259 Xo\u00e7al\u0131 soyq\u0131r\u0131m\u0131 bar\u0259d\u0259 m\u0259lumat verilib"},"content":{"rendered":"<p><strong>Az\u0259rbaycan diasporas\u0131 m&uuml;xt\u0259lif xalqlar\u0131n h\u0259yat\u0131nda faci\u0259li m\u0259qamlar\u0131n oldu\u011funu, amma &ouml;z miqyas\u0131na v\u0259 amans\u0131zl\u0131\u011f\u0131na g&ouml;r\u0259 Xocal\u0131 soyq\u0131r\u0131m\u0131n\u0131n onlardan tamamil\u0259 f\u0259rql\u0259ndiyini diqq\u0259t\u0259 &ccedil;atd\u0131r\u0131b<\/strong><\/p>\n<p>\n\u0130lham \u018fliyevin apard\u0131\u011f\u0131 ard\u0131c\u0131l v\u0259 m\u0259qs\u0259dy&ouml;nl&uuml; siyas\u0259t, d&uuml;nya d&ouml;vl\u0259tl\u0259ri v\u0259 beyn\u0259lxaql t\u0259\u015fkilatlarla y&uuml;ks\u0259k s\u0259viyy\u0259d\u0259 qurulan m&uuml;nasib\u0259tl\u0259r, d&uuml;nyada s&uuml;lh&uuml;n t\u0259min olunmas\u0131na, \u0259traf m&uuml;hitin v\u0259 d&uuml;nya incil\u0259ri olan maddi-m\u0259d\u0259niyy\u0259t abid\u0259l\u0259rinin qorunmas\u0131na &ouml;lk\u0259mizin verdiyi t&ouml;vh\u0259l\u0259r, Az\u0259rbaycan\u0131n t\u0259kc\u0259 neftl\u0259 z\u0259ngin &ouml;lk\u0259 deyil, h\u0259m d\u0259 insanp\u0259rv\u0259rlik n&uuml;mun\u0259si olan \u0259hali resursu il\u0259 z\u0259ngin olmas\u0131 kimi m\u0259qamlardan \u0130sve&ccedil;d\u0259 d\u0259 x\u0259b\u0259rdard\u0131r. Az\u0259rbaycan-\u0130sve&ccedil;r\u0259 \u0259laq\u0259l\u0259ri ilk n&ouml;vb\u0259d\u0259 dostluq v\u0259 qar\u015f\u0131l\u0131ql\u0131 etimada \u0259saslan\u0131r, y&uuml;ks\u0259k inki\u015faf dinamikas\u0131 v\u0259 n&uuml;mun\u0259viliyi il\u0259 se&ccedil;ilir.\u0259n ciddi t\u0259r\u0259fda\u015fl\u0131q m&uuml;nasib\u0259tl\u0259ri kimi s\u0259ciyy\u0259l\u0259ndirilir. \u0130sve&ccedil;r\u0259 Erm\u0259nistan-Az\u0259rbaycan, Da\u011fl\u0131q Qaraba\u011f m&uuml;naqi\u015f\u0259sinin beyn\u0259lxalq h&uuml;quq prinsipl\u0259ri \u0259sas\u0131nda dayan\u0131ql\u0131 h\u0259llinin t\u0259min olunmas\u0131 &uuml;&ccedil;&uuml;n struktur dan\u0131\u015f\u0131qlar prosesinin t\u0259r\u0259fdar\u0131d\u0131r. \u0130sve&ccedil;r\u0259nin Az\u0259rbaycandak\u0131 s\u0259firi Filipp Stalder deyib ki, &ldquo;Da\u011fl\u0131q Qaraba\u011f m&uuml;naqi\u015f\u0259sinin s&uuml;lh yolu il\u0259 h\u0259llinin t\u0259min olunmas\u0131 &uuml;&ccedil;&uuml;n mandat AT\u018fT-in Minsk qrupuna verilib. \u0130sve&ccedil;r\u0259 bu format\u0131n i\u015ftirak&ccedil;\u0131s\u0131 olmasa da, biz Minsk qrupu h\u0259ms\u0259drl\u0259rinin i\u015fini tam d\u0259st\u0259kl\u0259yirik v\u0259 struktur dan\u0131\u015f\u0131qlar prosesinin t\u0259r\u0259fdar\u0131y\u0131q. \u0130sve&ccedil;r\u0259 dinc sakinl\u0259r\u0259 qar\u015f\u0131 zorak\u0131l\u0131q aktlar\u0131n\u0131 v\u0259 onlar\u0131n at\u0259\u015f\u0259 tutulmas\u0131n\u0131 q\u0259tiyy\u0259tl\u0259 pisl\u0259yir. \u0130sve&ccedil;r\u0259nin Az\u0259rbaycandak\u0131 s\u0259firi Filip Stalder bildirib ki, m&uuml;naqi\u015f\u0259 t\u0259r\u0259fl\u0259ri dan\u0131\u015f\u0131qlar masas\u0131na \u0259yl\u0259\u015fm\u0259li v\u0259 daha s\u0259m\u0259r\u0259li s&uuml;lh dan\u0131\u015f\u0131qlar\u0131 aparmal\u0131d\u0131r: &ldquo;H\u0259r bir m&uuml;naqi\u015f\u0259 qon\u015fu &ouml;lk\u0259l\u0259r\u0259, &uuml;mumilikd\u0259 b&uuml;t&uuml;n regiona m\u0259nfi t\u0259sir edir v\u0259 bu bax\u0131mdan Da\u011fl\u0131q Qaraba\u011f m&uuml;naqi\u015f\u0259si d\u0259 &ouml;z m\u0259nfi t\u0259sirini g&ouml;st\u0259rm\u0259kd\u0259dir&rdquo;.&nbsp;<br \/>\n&nbsp;Xo&ccedil;al\u0131 soyq\u0131r\u0131m\u0131 bard\u0259 d\u0259 bu &ouml;lk\u0259 m\u0259lumatl\u0131d\u0131r.&nbsp; Bu il Az\u0259rbaycan\u0131n \u0130sve&ccedil;r\u0259d\u0259ki s\u0259firliyinin d\u0259st\u0259yi v\u0259 &ldquo;Az\u0259rbaycan\u0131n dostlar\u0131&rdquo; diaspor t\u0259\u015fkilat\u0131n\u0131n t\u0259\u015fkilat&ccedil;\u0131l\u0131\u011f\u0131 il\u0259 \u0130sve&ccedil;r\u0259nin Bazel \u015f\u0259h\u0259rind\u0259ki &ldquo;Union&rdquo; t\u0259dbir zal\u0131nda &ldquo;Xocal\u0131ya \u0259dal\u0259t&rdquo; devizi alt\u0131nda an\u0131m t\u0259dbiri ke&ccedil;irilib. T\u0259dbir zaman\u0131 i\u015ftirak&ccedil;\u0131lara ilkin olaraq Az\u0259rbaycan bar\u0259d\u0259 geni\u015f m\u0259lumat verilib, m&uuml;xt\u0259lif video rolikl\u0259r g&ouml;st\u0259rilib, daha sonra is\u0259 &ldquo;Xocal\u0131ya \u0259dal\u0259t&rdquo; kampaniyas\u0131 &ccedil;\u0259r&ccedil;iv\u0259sind\u0259 haz\u0131rlan\u0131b, Xocal\u0131 soyq\u0131r\u0131m\u0131ndan b\u0259hs ed\u0259n film i\u015ftirak&ccedil;\u0131lara t\u0259qdim edilib. Bundan \u0259lav\u0259, \u0130taliyada ya\u015fayan az\u0259rbaycanl\u0131 xoreoqraf Mais Nuriyevin r\u0259hb\u0259rliyi alt\u0131nda f\u0259aliyy\u0259t g&ouml;st\u0259r\u0259n qrupun ifas\u0131nda Xocal\u0131 soyq\u0131r\u0131m\u0131 qurbanlar\u0131n\u0131n xatir\u0259sin\u0259 x&uuml;susi haz\u0131rlanm\u0131\u015f tama\u015fa g&ouml;st\u0259rilib.&nbsp; Heyd\u0259r \u018fliyev Fondunun vitse-prezidenti Leyla \u018fliyevan\u0131n t\u0259\u015f\u0259bb&uuml;s&uuml; il\u0259 ke&ccedil;iril\u0259n &ldquo;Xocal\u0131ya \u0259dal\u0259t&rdquo; (&quot;Justice for Khojaly&quot;) beyn\u0259lxalq t\u0259bli\u011fat-t\u0259\u015fviqat kampaniyas\u0131 &ccedil;\u0259r&ccedil;iv\u0259sind\u0259 Az\u0259rbaycan\u0131n \u0130sve&ccedil;r\u0259d\u0259ki s\u0259firliyinin t\u0259\u015fkilat&ccedil;\u0131l\u0131\u011f\u0131 v\u0259 Avropa-Az\u0259rbaycan C\u0259miyy\u0259tinin d\u0259st\u0259yi il\u0259 &ouml;lk\u0259nin paytaxt\u0131 Bernin m\u0259\u015fhur Bellevue otelind\u0259 Xocal\u0131 soyq\u0131r\u0131m\u0131ndan b\u0259hs ed\u0259n kitablar\u0131n v\u0259 filmin t\u0259qdimat\u0131 ke&ccedil;irilib.&nbsp; Az\u0259rbaycan diasporas\u0131 d&uuml;nyada m&uuml;xt\u0259lif xalqlar\u0131n h\u0259yat\u0131nda faci\u0259li m\u0259qamlar\u0131n oldu\u011funu, amma &ouml;z miqyas\u0131na v\u0259 amans\u0131zl\u0131\u011f\u0131na g&ouml;r\u0259 Xocal\u0131 soyq\u0131r\u0131m\u0131n\u0131n onlardan tamamil\u0259 f\u0259rql\u0259ndiyini diqq\u0259t\u0259 &ccedil;atd\u0131r\u0131b.<br \/>\nAz\u0259rbaycan\u0131n tarixi torpa\u011f\u0131 Da\u011fl\u0131q Qaraba\u011f \u0259razisind\u0259 yerl\u0259\u015f\u0259n, ki&ccedil;ik v\u0259 azsayl\u0131 \u0259halisi olan Xocal\u0131 \u015f\u0259h\u0259rind\u0259 v\u0259h\u015fil\u0259\u015fmi\u015f erm\u0259nil\u0259rin ke&ccedil;mi\u015f sovet ordusunun Xank\u0259ndind\u0259 dislokasiya olunmu\u015f 366-c\u0131 alay\u0131n\u0131n k&ouml;m\u0259yi il\u0259 fevral\u0131n 25-d\u0259n 26-na ke&ccedil;\u0259n gec\u0259 t&ouml;r\u0259tdikl\u0259ri soyq\u0131r\u0131m\u0131ndan dan\u0131\u015fan s\u0259fir bu hadis\u0259nin XX \u0259srin g&ouml;r&uuml;nm\u0259mi\u015f faci\u0259si oldu\u011fu bildirilib. T\u0259dbird\u0259 i\u015ftirak ed\u0259nl\u0259r\u0259 \u015f\u0259h\u0259rin \u0259vv\u0259lc\u0259 bir ne&ccedil;\u0259 istiqm\u0259td\u0259 top v\u0259 minamyot at\u0259\u015fin\u0259 tutuldu\u011funu, 150 az\u0259rbaycanl\u0131 h\u0259rb&ccedil;ini q\u0259tl\u0259 yetirdikd\u0259n sonra az\u011f\u0131nla\u015fm\u0131\u015f erm\u0259nil\u0259rin dinc \u0259haliy\u0259 divan tutduqlar\u0131n\u0131 qeyd edib. Do\u011fma ata-baba yurdlar\u0131nda az\u0259rbaycanl\u0131lara qar\u015f\u0131 etnik t\u0259mizl\u0259m\u0259 siyas\u0259ti aparan erm\u0259nil\u0259rin h\u0259min faci\u0259li gec\u0259d\u0259 h\u0259tta g&uuml;nahs\u0131z qad\u0131nlara, u\u015faqlara v\u0259 ya\u015fl\u0131 insanlara bel\u0259 aman verm\u0259dikl\u0259rini, 8 ail\u0259ni is\u0259 t\u0259mamil\u0259 m\u0259hv etdikl\u0259rini bildirilib.<br \/>\nXocal\u0131 soyq\u0131r\u0131m\u0131na d&uuml;nya ictimaiyy\u0259tinin v\u0259 beyn\u0259lxalq t\u0259\u015fkilatlar\u0131n siyasi qiym\u0259t verm\u0259m\u0259l\u0259rind\u0259n t\u0259\u0259ss&uuml;f hissi ke&ccedil;irdiyini diqq\u0259t\u0259 &ccedil;atd\u0131r\u0131l\u0131b. M\u0259hz Heyd\u0259r \u018fliyev Fondunun vits-prezidenti Leyla \u018fliyevan\u0131n t\u0259\u015f\u0259bb&uuml;s&uuml; il\u0259 ke&ccedil;iril\u0259n &ldquo;Xocal\u0131ya \u0259dal\u0259t&rdquo; kampaniyas\u0131 &ccedil;\u0259r&ccedil;iv\u0259sind\u0259 t\u0259\u015fkil olunana konfranslar, t\u0259qdimatlar v\u0259 dig\u0259r t\u0259dbirl\u0259r say\u0259sind\u0259 art\u0131q \u0259ks\u0259r &ouml;lk\u0259l\u0259rin XX \u0259srin \u0259n a\u011fr\u0131l\u0131 v\u0259 qanl\u0131 faci\u0259si bar\u0259d\u0259 \u0259trafl\u0131 m\u0259lumat \u0259ld\u0259 etdikl\u0259rini, bir s\u0131ra &ouml;lk\u0259l\u0259rin parlamentl\u0259rinin faci\u0259ni r\u0259sm\u0259n soyq\u0131r\u0131m\u0131 kimi tan\u0131nd\u0131\u011f\u0131n\u0131 vur\u011fulan\u0131b. T\u0259dbirin \u0130sve&ccedil;r\u0259 auditoriyas\u0131n\u0131 tam m\u0259lumatland\u0131rma\u011fa istiqam\u0259tl\u0259ndirildiyi bildirilib.<br \/>\nAvropa-Az\u0259rbaycan C\u0259miyy\u0259tinin t\u0259msil&ccedil;isi Yan Pert &ouml;lk\u0259miz\u0259 s\u0259f\u0259rl\u0259ri zaman\u0131 Xocal\u0131 faci\u0259si haqq\u0131nda \u0259trafl\u0131 m\u0259lumat \u0259ld\u0259 etdiyini v\u0259 d&uuml;nya ictimaiyy\u0259tini soyq\u0131r\u0131m\u0131 bar\u0259d\u0259 daha dol\u011fun m\u0259lumatland\u0131rmaq &uuml;&ccedil;&uuml;n kitab n\u0259\u015fr etdirm\u0259k q\u0259rar\u0131na g\u0259ldiyini deyib. O Xocal\u0131 faci\u0259sini ya\u015fam\u0131\u015f insanlarla s&ouml;hb\u0259t v\u0259 soyq\u0131r\u0131mla ba\u011fl\u0131 d\u0259rc olunan materiallar \u0259sas\u0131nda &ldquo;M&uuml;harib\u0259 cinay\u0259tinin Xocal\u0131 \u015fahidi. Erm\u0259nistan m&uuml;tt\u0259him k&uuml;rs&uuml;s&uuml;nd\u0259&rdquo; kitab\u0131n \u0259rs\u0259y\u0259 g\u0259ldiyini vur\u011fulay\u0131b. Kitab\u0131n ingilis dilind\u0259 n\u0259\u015fr olundu\u011funu, d&uuml;nya ictimaiyy\u0259tinin mara\u011f\u0131n\u0131 n\u0259z\u0259r\u0259 alaraq onun dig\u0259r dill\u0259r\u0259 d\u0259 t\u0259rc&uuml;m\u0259 edil\u0259c\u0259yini bildirib.<br \/>\n\u0130sve&ccedil;r\u0259li tarix&ccedil;i-jurnalist Andre Vidmer m&uuml;\u0259llifi oldu\u011fu &ldquo;Unudulmu\u015f m&uuml;naqi\u015f\u0259&rdquo; kitab\u0131 &uuml;z\u0259rind\u0259 i\u015fl\u0259y\u0259rk\u0259n Erm\u0259nistana v\u0259 Az\u0259rbaycana s\u0259f\u0259rl\u0259r etdiyini, bu zaman m&uuml;naqi\u015f\u0259nin do\u011furdu\u011fu a\u011f\u0131r n\u0259tic\u0259l\u0259rin \u015fahidi oldu\u011funu, onun tarixi k&ouml;kl\u0259rini ara\u015fd\u0131rd\u0131\u011f\u0131n\u0131, \u0259sl h\u0259qiq\u0259ti a\u015fikar etdiyini deyib. O ara\u015fd\u0131rmalar\u0131 n\u0259tic\u0259sind\u0259 Erm\u0259nistan\u0131n i\u015f\u011fal&ccedil;\u0131 d&ouml;vl\u0259t olmas\u0131 v\u0259 erm\u0259nil\u0259rin Az\u0259rbaycan \u0259razisinin 20 faizini i\u015f\u011fal etm\u0259si q\u0259na\u0259tin\u0259 g\u0259ldiyini bildirib.<br \/>\n\u0130sve&ccedil;r\u0259 Konfederasiya\u0131n\u0131n d&ouml;vl\u0259t strukturalar\u0131 r\u0259sml\u0259rinin, &ouml;lk\u0259d\u0259 akkredit\u0259 olunan diplomatik korpus n&uuml;may\u0259nd\u0259l\u0259rinin, qarda\u015f T&uuml;rkiy\u0259 v\u0259 Az\u0259rbaycan diasporas\u0131 t\u0259msil&ccedil;il\u0259rinin i\u015ftirak etdiyi t\u0259dbird\u0259 litval\u0131 prod&uuml;ser Aleksandras Brokas\u0131n &ldquo;Sonsuz d\u0259hliz&rdquo; filmi n&uuml;mayi\u015f etdirilib, qonaqlara Xocal\u0131 faci\u0259sind\u0259n b\u0259hs ed\u0259n kitablar t\u0259qdim olunub.<br \/>\nT\u0259dbird\u0259, h\u0259m&ccedil;inin &ldquo;Xocal\u0131 faci\u0259si u\u015faqlar\u0131n g&ouml;z&uuml; il\u0259 &ldquo; r\u0259sm \u0259s\u0259rl\u0259rind\u0259n ibar\u0259t s\u0259rgi d\u0259 n&uuml;mayi\u015f etdirilib.<br \/>\nAz\u0259rbaycanla \u0130sve&ccedil;r\u0259 aras\u0131nda t\u0259hsil sah\u0259sind\u0259 d\u0259 \u0259laq\u0259l\u0259r inki\u015faf edir. Bu g&uuml;n bu &ouml;lk\u0259d\u0259 bir ne&ccedil;\u0259 Az\u0259rbaycan m\u0259kt\u0259bi f\u0259aliyy\u0259t g&ouml;st\u0259rir. Cenevr\u0259 \u015f\u0259h\u0259rind\u0259 yerl\u0259\u015f\u0259n Akademik M\u0259rk\u0259zin &ldquo;Oiseau Bleu&ldquo; (G&ouml;y Qu\u015f) adl\u0131 ibtidai m\u0259kt\u0259binin n\u0259zdind\u0259 Az\u0259rbaycan dili kurslar\u0131 f\u0259aliyy\u0259t g&ouml;st\u0259rir. Yeni t\u0259dris ili m&uuml;nasib\u0259til\u0259 &ouml;lk\u0259mizin Cenevr\u0259d\u0259ki BMT B&ouml;lm\u0259si v\u0259 dig\u0259r beyn\u0259lxalq t\u0259\u015fkilatlar yan\u0131nda Daimi N&uuml;may\u0259nd\u0259liyinin \u0259m\u0259kda\u015flar\u0131 Cenevr\u0259 Akademik M\u0259rk\u0259zind\u0259 olublar.Daimi n&uuml;may\u0259nd\u0259liyin \u0259m\u0259kda\u015f\u0131 Cavid Sad\u0131xov yeni d\u0259rs ilind\u0259 Cenevr\u0259 Akademik M\u0259rk\u0259zin\u0259 v\u0259 onun m&uuml;\u0259lliml\u0259rin\u0259 u\u011furlar arzu ed\u0259r\u0259k, burada Az\u0259rbaycan dilinin d\u0259 t\u0259dris olunmas\u0131 t\u0259\u015f\u0259bb&uuml;s&uuml;n&uuml;n ir\u0259li s&uuml;r&uuml;lm\u0259si v\u0259 h\u0259yata ke&ccedil;irilm\u0259si &uuml;&ccedil;&uuml;n M\u0259rk\u0259zin kollektivin\u0259 daimi n&uuml;may\u0259nd\u0259lik ad\u0131ndan t\u0259\u015f\u0259kk&uuml;r&uuml;n&uuml; bildirib. Az\u0259rbaycanl\u0131 \u015fagirdl\u0259r v\u0259 valideynl\u0259rl\u0259 yana\u015f\u0131, Cenevr\u0259 Akademik M\u0259rk\u0259zinin ba\u015f direktoru Yelena H\u0259s\u0259nova v\u0259 m\u0259rk\u0259zin u\u015faq proqramlar\u0131 &uuml;zr\u0259 direktoru Yelena Stepanenko d\u0259 i\u015ftirak edibl\u0259r. Y.H\u0259s\u0259nova &ldquo;G&ouml;y Qu\u015f&rdquo; ibtidai m\u0259kt\u0259binin t\u0259dris proqram\u0131 haqq\u0131nda \u0259trafl\u0131 m\u0259lumat verib, Az\u0259rbaycan dilinin t\u0259drisin\u0259 2016-c\u0131 ild\u0259 ba\u015flan\u0131ld\u0131\u011f\u0131 diqq\u0259t\u0259 &ccedil;atd\u0131r\u0131b. M\u0259rk\u0259zin direktoru Az\u0259rbaycan dilinin t\u0259drisinin \u015fagirdl\u0259r t\u0259r\u0259find\u0259n b&ouml;y&uuml;k maraqla qar\u015f\u0131land\u0131\u011f\u0131n\u0131 v\u0259 dilin t\u0259drisi il\u0259 yana\u015f\u0131, u\u015faqlara Az\u0259rbaycan m\u0259d\u0259niyy\u0259ti v\u0259 ad\u0259t-\u0259n\u0259n\u0259l\u0259ri haqq\u0131nda da m\u0259lumat\u0131n verildiyini qeyd edib. Haz\u0131rda m\u0259kt\u0259bd\u0259 Az\u0259rbaycan dili m&uuml;\u0259lliml\u0259ri olan h\u0259myerlil\u0259rimiz Elnar\u0259 Allahverdiyeva v\u0259 Fidan Mehdiyeva t\u0259r\u0259find\u0259n 4-6 v\u0259 7-14 ya\u015flar\u0131nda olan u\u015faqlara h\u0259ft\u0259d\u0259 iki d\u0259f\u0259 olmaqla d\u0259rsl\u0259r ke&ccedil;irilir. \u015eagird v\u0259 valideynl\u0259rin ist\u0259yini n\u0259z\u0259r\u0259 alaraq, m\u0259rk\u0259z r\u0259hb\u0259rliyi yeni t\u0259dris ilind\u0259 ibtidai m\u0259kt\u0259b n\u0259zdind\u0259 Az\u0259rbaycan milli r\u0259qsl\u0259r kursunu da a&ccedil;maq q\u0259rar\u0131na g\u0259lib. Az\u0259rbaycan diplomatlar\u0131 Cenevr\u0259 Akademik M\u0259rk\u0259zinin kitabxanas\u0131na &ouml;lk\u0259mizin z\u0259ngin \u0259d\u0259biyyat\u0131, inc\u0259s\u0259n\u0259ti v\u0259 musiqi m\u0259d\u0259niyy\u0259ti haqq\u0131nda kitab v\u0259 n\u0259\u015frl\u0259r t\u0259qdim edibl\u0259r.<br \/>\nBel\u0259 m\u0259kt\u0259bl\u0259rd\u0259n biri d\u0259 S&uuml;rix \u015f\u0259h\u0259rind\u0259 f\u0259aliyy\u0259t g&ouml;st\u0259rir. Bir ne&ccedil;\u0259 il bundan \u0259vv\u0259l is\u0259 \u0130sve&ccedil;r\u0259nin paytaxt\u0131 Bern \u015f\u0259h\u0259rind\u0259, Maarif Idar\u0259sinin t\u0259\u015f\u0259bbusu il\u0259 bu \u015f\u0259h\u0259rin qimnaziyas\u0131n\u0131n 2 qrupunun \u015fagirdl\u0259ri &uuml;&ccedil;&uuml;n Az\u0259rbaycan haqq\u0131nda m\u0259lumat xarakterli d\u0259rsl\u0259r ke&ccedil;irilib.&nbsp;<br \/>\nDiasporla \u0130\u015f &uuml;zr\u0259 D&ouml;vl\u0259t Komit\u0259sinin m\u0259tbuat xidm\u0259tind\u0259n veril\u0259n m\u0259lumata g&ouml;r\u0259, bu &ouml;lk\u0259d\u0259 ba\u015flam\u0131\u015f &quot;Az\u0259rbaycan\u0131n dostlar\u0131&quot; C\u0259miyy\u0259tinin t\u0259\u015fkil etdiyi t\u0259dbird\u0259 Az\u0259rbaycan xalq\u0131n\u0131n tarixi, m\u0259d\u0259niyy\u0259ti v\u0259 bug&uuml;nk&uuml; reall\u0131qlar\u0131, &ouml;lk\u0259mizin h\u0259r sah\u0259d\u0259 inki\u015faf tempi isve&ccedil;r\u0259li qonaqlara t\u0259qdim olunub.<\/p>\n","protected":false},"excerpt":{"rendered":"<p>Az\u0259rbaycan diasporas\u0131 m&uuml;xt\u0259lif xalqlar\u0131n h\u0259yat\u0131nda faci\u0259li m\u0259qamlar\u0131n oldu\u011funu, amma &ouml;z miqyas\u0131na v\u0259 amans\u0131zl\u0131\u011f\u0131na g&ouml;r\u0259 Xocal\u0131 soyq\u0131r\u0131m\u0131n\u0131n onlardan tamamil\u0259 f\u0259rql\u0259ndiyini diqq\u0259t\u0259 &ccedil;atd\u0131r\u0131b \u0130lham \u018fliyevin apard\u0131\u011f\u0131 ard\u0131c\u0131l v\u0259 m\u0259qs\u0259dy&ouml;nl&uuml; siyas\u0259t, d&uuml;nya d&ouml;vl\u0259tl\u0259ri&hellip;<\/p>\n","protected":false},"author":1,"featured_media":251278,"comment_status":"open","ping_status":"open","sticky":false,"template":"","format":"standard","meta":{"_lmt_disableupdate":"","_lmt_disable":"","footnotes":""},"categories":[1],"tags":[],"class_list":["post-51929","post","type-post","status-publish","format-standard","has-post-thumbnail","hentry","category-esas"],"_links":{"self":[{"href":"https:\/\/ucnoqta.az\/index.php?rest_route=\/wp\/v2\/posts\/51929","targetHints":{"allow":["GET"]}}],"collection":[{"href":"https:\/\/ucnoqta.az\/index.php?rest_route=\/wp\/v2\/posts"}],"about":[{"href":"https:\/\/ucnoqta.az\/index.php?rest_route=\/wp\/v2\/types\/post"}],"author":[{"embeddable":true,"href":"https:\/\/ucnoqta.az\/index.php?rest_route=\/wp\/v2\/users\/1"}],"replies":[{"embeddable":true,"href":"https:\/\/ucnoqta.az\/index.php?rest_route=%2Fwp%2Fv2%2Fcomments&post=51929"}],"version-history":[{"count":0,"href":"https:\/\/ucnoqta.az\/index.php?rest_route=\/wp\/v2\/posts\/51929\/revisions"}],"wp:featuredmedia":[{"embeddable":true,"href":"https:\/\/ucnoqta.az\/index.php?rest_route=\/wp\/v2\/media\/251278"}],"wp:attachment":[{"href":"https:\/\/ucnoqta.az\/index.php?rest_route=%2Fwp%2Fv2%2Fmedia&parent=51929"}],"wp:term":[{"taxonomy":"category","embeddable":true,"href":"https:\/\/ucnoqta.az\/index.php?rest_route=%2Fwp%2Fv2%2Fcategories&post=51929"},{"taxonomy":"post_tag","embeddable":true,"href":"https:\/\/ucnoqta.az\/index.php?rest_route=%2Fwp%2Fv2%2Ftags&post=51929"}],"curies":[{"name":"wp","href":"https:\/\/api.w.org\/{rel}","templated":true}]}}