{"id":51928,"date":"2017-10-30T16:30:48","date_gmt":"2017-10-30T12:30:48","guid":{"rendered":""},"modified":"-0001-11-30T00:00:00","modified_gmt":"-0001-11-29T20:00:00","slug":"","status":"publish","type":"post","link":"https:\/\/ucnoqta.az\/?p=51928","title":{"rendered":"Az\u0259rbaycan Prezidenti: <font color=red><b>B\u0259zi xarici dair\u0259l\u0259r Bak\u0131-Tbilisi-Qars d\u0259mir yolunun realla\u015fmas\u0131na inanm\u0131rd\u0131lar<\/b><\/font>"},"content":{"rendered":"<p>B\u0259zi xarici dair\u0259l\u0259r Bak\u0131-Tbilisi-Qars d\u0259mir yolunun realla\u015fmas\u0131na inanm\u0131rd\u0131lar. Bunu Bak\u0131da d\u0259mir yolunun a&ccedil;\u0131l\u0131\u015f m\u0259rasimind\u0259 &ccedil;\u0131x\u0131\u015f ed\u0259n Az\u0259rbaycan Prezidenti \u0130lham \u018fliyev deyib.<br \/>\n\u0130lham \u018fliyev bildirib ki, Bak\u0131-Tbilisi-Qars d\u0259mir yolu Avropan\u0131 Asiya il\u0259 birl\u0259\u015fdir\u0259n \u0259n q\u0131sa v\u0259 etibarl\u0131 yoldur: &quot;Bu yol vasit\u0259sil\u0259 birinci m\u0259rh\u0259l\u0259d\u0259 5 milyon, sonrak\u0131 m\u0259rh\u0259l\u0259d\u0259 17 milyon, ondan sonra is\u0259 daha b&ouml;y&uuml;k h\u0259cmd\u0259 y&uuml;kl\u0259rin da\u015f\u0131nmas\u0131 n\u0259z\u0259rd\u0259 tutulur. Bir s&ouml;zl\u0259, Bak\u0131-Tbilisi-Qars d\u0259mir yolu Avrasiyan\u0131n n\u0259qliyyat x\u0259rit\u0259sinin &ouml;n\u0259mli hiss\u0259sin\u0259 &ccedil;evrilir&quot;.<\/p>\n<p>Prezident vur\u011fulay\u0131b ki, bu yolun f\u0259aliyy\u0259ti n\u0259tic\u0259sind\u0259 yol boyunca yerl\u0259\u015f\u0259n &ouml;lk\u0259l\u0259r aras\u0131ndak\u0131 ticar\u0259t d&ouml;vriyy\u0259si, qar\u015f\u0131l\u0131ql\u0131 s\u0259rmay\u0259 qoyulu\u015fu artacaq, bu yoldan istifad\u0259 ed\u0259n b&uuml;t&uuml;n &ouml;lk\u0259l\u0259r aras\u0131ndak\u0131 \u0259m\u0259kda\u015fl\u0131q d\u0259rinl\u0259\u015f\u0259c\u0259k, bu yol sabitliy\u0259, t\u0259hl&uuml;k\u0259sizliy\u0259 xidm\u0259t g&ouml;st\u0259r\u0259c\u0259k: &quot;\u018fmin\u0259m ki, bu yolun istifad\u0259si zaman\u0131 turizmin inki\u015faf\u0131 da geni\u015f v&uuml;s\u0259t alacaq, turistl\u0259rin say\u0131 artacaq. T\u0259bii ki, Bak\u0131-Tbilisi-Qars d\u0259mir yolunun u\u011furlu f\u0259aliyy\u0259ti &ouml;lk\u0259l\u0259rimizin geosiyasi \u0259h\u0259miyy\u0259tini art\u0131racaq v\u0259 bizim &uuml;&ccedil;&uuml;n \u0259lav\u0259 imkanlar yaradacaq. Biznesin inki\u015faf\u0131, qar\u015f\u0131l\u0131ql\u0131 faydal\u0131 \u0259m\u0259kda\u015fl\u0131q &uuml;&ccedil;&uuml;n Bak\u0131-Tbilisi-Qars d\u0259mir yolunun &ccedil;ox b&ouml;y&uuml;k \u0259h\u0259miyy\u0259ti olacaq&quot;.<\/p>\n<p>D&ouml;vl\u0259timizin ba\u015f&ccedil;\u0131s\u0131 qeyd edib ki, bir &ccedil;oxlar\u0131, x&uuml;susil\u0259 b\u0259zi xarici dair\u0259l\u0259r Bak\u0131-Tbilisi-Qars d\u0259mir yolunun tikintisin\u0259 inanm\u0131rd\u0131lar: &quot;Hesab edirdil\u0259r ki, bunun realla\u015fmas\u0131 m&uuml;mk&uuml;n deyil v\u0259 bunun &uuml;&ccedil;&uuml;n laz\u0131m olan texniki imkanlar v\u0259 maliyy\u0259 v\u0259saiti imkan verm\u0259y\u0259c\u0259k ki, bu layih\u0259 ger&ccedil;\u0259kl\u0259\u015fdirilsin. Lakin &uuml;&ccedil; &ouml;lk\u0259 g&ouml;st\u0259rdi v\u0259 s&uuml;but etdi ki, bu m&uuml;mk&uuml;nd&uuml;r. Bizim g&uuml;cl&uuml; irad\u0259miz olan yerd\u0259, qar\u015f\u0131l\u0131ql\u0131 d\u0259st\u0259k olan yerd\u0259, bir-birimiz\u0259 inam olan yerd\u0259 b&uuml;t&uuml;n i\u015fl\u0259ri g&ouml;rm\u0259k m&uuml;mk&uuml;nd&uuml;r. Bak\u0131-Tbilisi-Qars d\u0259mir yolunun tikintisi bunun \u0259yani misal\u0131d\u0131r. \u018fmin\u0259m ki, regional \u0259m\u0259kda\u015fl\u0131\u011fa \u0259n b&ouml;y&uuml;k t&ouml;hf\u0259 ver\u0259n &ouml;lk\u0259l\u0259r &ndash; Az\u0259rbaycan, G&uuml;rc&uuml;stan v\u0259 T&uuml;rkiy\u0259 bundan sonra da bir-birini d\u0259st\u0259kl\u0259y\u0259c\u0259k&quot;.<\/p>\n<p>\u0130lham \u018fliyev deyib ki, Bak\u0131-Tbilisi-Qars d\u0259mir yolu kimi n\u0259h\u0259ng layih\u0259l\u0259r bizim birliyimizi, dostlu\u011fumuzu daha da m&ouml;hk\u0259ml\u0259ndirir: &quot;Bu d\u0259mir yolu layih\u0259sin\u0259 Orta Asiya, Qazax\u0131stan b&ouml;y&uuml;k maraq g&ouml;st\u0259rir. Orta Asiyadan v\u0259 Qazax\u0131standan g\u0259lmi\u015f n&uuml;may\u0259nd\u0259 hey\u0259tl\u0259ri, y&uuml;ks\u0259k v\u0259zif\u0259li \u015f\u0259xsl\u0259rin bu m\u0259rasimd\u0259 i\u015ftirak\u0131 bunu \u0259yani \u015f\u0259kild\u0259 g&ouml;st\u0259rir. Biz \u0259minik ki, y&uuml;kl\u0259rin da\u015f\u0131nmas\u0131 istiqam\u0259tind\u0259 \u0259lav\u0259 imkanlar yaranacaq. Bizim &ouml;lk\u0259l\u0259rin Orta Asiya &ouml;lk\u0259l\u0259ri il\u0259 \u0259n\u0259n\u0259vi dostluq \u0259laq\u0259l\u0259ri d\u0259 bu d\u0259mir yolu vasit\u0259sil\u0259 m&ouml;hk\u0259ml\u0259n\u0259c\u0259k&quot;.trend<\/p>\n","protected":false},"excerpt":{"rendered":"<p>B\u0259zi xarici dair\u0259l\u0259r Bak\u0131-Tbilisi-Qars d\u0259mir yolunun realla\u015fmas\u0131na inanm\u0131rd\u0131lar. Bunu Bak\u0131da d\u0259mir yolunun a&ccedil;\u0131l\u0131\u015f m\u0259rasimind\u0259 &ccedil;\u0131x\u0131\u015f ed\u0259n Az\u0259rbaycan Prezidenti \u0130lham \u018fliyev deyib. \u0130lham \u018fliyev bildirib ki, Bak\u0131-Tbilisi-Qars d\u0259mir yolu Avropan\u0131 Asiya&hellip;<\/p>\n","protected":false},"author":1,"featured_media":251278,"comment_status":"open","ping_status":"open","sticky":false,"template":"","format":"standard","meta":{"_lmt_disableupdate":"","_lmt_disable":"","footnotes":""},"categories":[],"tags":[],"class_list":["post-51928","post","type-post","status-publish","format-standard","has-post-thumbnail","hentry"],"_links":{"self":[{"href":"https:\/\/ucnoqta.az\/index.php?rest_route=\/wp\/v2\/posts\/51928","targetHints":{"allow":["GET"]}}],"collection":[{"href":"https:\/\/ucnoqta.az\/index.php?rest_route=\/wp\/v2\/posts"}],"about":[{"href":"https:\/\/ucnoqta.az\/index.php?rest_route=\/wp\/v2\/types\/post"}],"author":[{"embeddable":true,"href":"https:\/\/ucnoqta.az\/index.php?rest_route=\/wp\/v2\/users\/1"}],"replies":[{"embeddable":true,"href":"https:\/\/ucnoqta.az\/index.php?rest_route=%2Fwp%2Fv2%2Fcomments&post=51928"}],"version-history":[{"count":0,"href":"https:\/\/ucnoqta.az\/index.php?rest_route=\/wp\/v2\/posts\/51928\/revisions"}],"wp:featuredmedia":[{"embeddable":true,"href":"https:\/\/ucnoqta.az\/index.php?rest_route=\/wp\/v2\/media\/251278"}],"wp:attachment":[{"href":"https:\/\/ucnoqta.az\/index.php?rest_route=%2Fwp%2Fv2%2Fmedia&parent=51928"}],"wp:term":[{"taxonomy":"category","embeddable":true,"href":"https:\/\/ucnoqta.az\/index.php?rest_route=%2Fwp%2Fv2%2Fcategories&post=51928"},{"taxonomy":"post_tag","embeddable":true,"href":"https:\/\/ucnoqta.az\/index.php?rest_route=%2Fwp%2Fv2%2Ftags&post=51928"}],"curies":[{"name":"wp","href":"https:\/\/api.w.org\/{rel}","templated":true}]}}