{"id":51926,"date":"2017-10-30T16:14:55","date_gmt":"2017-10-30T12:14:55","guid":{"rendered":""},"modified":"-0001-11-30T00:00:00","modified_gmt":"-0001-11-29T20:00:00","slug":"","status":"publish","type":"post","link":"https:\/\/ucnoqta.az\/?p=51926","title":{"rendered":"Sahib \u018fl\u0259kb\u0259rov: <font color=red><b>\u201cBak\u0131 d\u00fcnya \u00e7empionat\u0131n\u0131 q\u0259bul etm\u0259y\u0259 tam haz\u0131rd\u0131r\u201d<\/b><\/font>"},"content":{"rendered":"<p>&nbsp;&quot;Bu g&uuml;n tam \u0259minlikl\u0259 dey\u0259 bil\u0259rik ki, Bak\u0131 t\u0259\u015fkilat&ccedil;\u0131l\u0131q bax\u0131m\u0131ndan d&uuml;nya &ccedil;empionat\u0131n\u0131 q\u0259bul etm\u0259y\u0259 tam haz\u0131rd\u0131r&rdquo;. Bunu Az\u0259rbaycan Velosiped \u0130dman\u0131 Federasiyas\u0131n\u0131n I vitse-prezidenti, Avropa Velosiped&ccedil;il\u0259r Birliyinin R\u0259hb\u0259r Komit\u0259sinin &uuml;zv&uuml; Sahib \u018fl\u0259kb\u0259rov deyib.<br \/>\n2018-ci il iyunun 5-d\u0259 Bak\u0131da velosiped idman\u0131n\u0131n BMX n&ouml;v&uuml; &uuml;zr\u0259 start g&ouml;t&uuml;r\u0259c\u0259k d&uuml;nya &ccedil;empionat\u0131 il\u0259 \u0259laq\u0259dar BMX Velopark\u0131nda t\u0259\u015fkil olunmu\u015f D&uuml;nya S\u0131naq Yar\u0131\u015f\u0131ndan sonra suallar\u0131 cavabland\u0131ran federasiya r\u0259smisi bildirib ki, bu test yar\u0131\u015f\u0131n\u0131n h\u0259m stadion, h\u0259m d\u0259 dig\u0259r m\u0259s\u0259l\u0259l\u0259rin s\u0131naqdan ke&ccedil;irilm\u0259si &uuml;&ccedil;&uuml;n &ccedil;ox b&ouml;y&uuml;k \u0259h\u0259miyy\u0259ti var: &ldquo;&Ccedil;empionat 2018-ci il iyunun 9-d\u0259k bu m\u0259kanda ke&ccedil;iril\u0259c\u0259k. Bizim stadion 2015-ci ild\u0259 istifad\u0259y\u0259 verilib. Ancaq &ouml;t\u0259n il Beyn\u0259lxalq Velosiped&ccedil;il\u0259r \u0130ttifaq\u0131 standartlar\u0131 d\u0259yi\u015fdi. Stadionun eni v\u0259 uzunlu\u011fu, h\u0259m d\u0259 mane\u0259l\u0259rin h&uuml;nd&uuml;rl&uuml;y&uuml; art\u0131r\u0131ld\u0131. Bu &uuml;zd\u0259n BMX Trekini s&ouml;k&uuml;b yenid\u0259n tikm\u0259li olduq. Bu g&uuml;n h\u0259m velosiped&ccedil;il\u0259rin, h\u0259m d\u0259 m&uuml;t\u0259x\u0259ssisl\u0259rin r\u0259yi bel\u0259di ki, stadion birm\u0259nal\u0131 \u015f\u0259kild\u0259 d&uuml;nya &ccedil;empionat\u0131n\u0131 q\u0259bul etm\u0259y\u0259 haz\u0131rd\u0131r&rdquo;.<\/p>\n<p>Bu n&ouml;vd\u0259 Az\u0259rbaycan idman&ccedil;\u0131lar\u0131n\u0131n i\u015ftirak etm\u0259m\u0259sin\u0259 toxunan S.\u018fl\u0259kb\u0259rov deyib ki, bo\u015flu\u011fu aradan qald\u0131rmaq &uuml;&ccedil;&uuml;n \u0259cn\u0259bi velosiped&ccedil;il\u0259r millil\u0259\u015fdirilm\u0259y\u0259c\u0259k. O, az\u0259rbaycanl\u0131 idman&ccedil;\u0131ya &uuml;st&uuml;nl&uuml;k ver\u0259c\u0259kl\u0259rini s&ouml;yl\u0259yib: &ldquo;Yaponiya, Fransa, Almaniya, \u0130taliya kimi n\u0259h\u0259ng &ouml;lk\u0259l\u0259rin velosiped&ccedil;il\u0259ri test yar\u0131\u015f\u0131nda i\u015ftirak etdi. X&uuml;sus\u0259n, frans\u0131z idman&ccedil;\u0131lar &ccedil;ox g&uuml;cl&uuml; idi. Buna q\u0259d\u0259r is\u0259 Baltikyan\u0131 &ouml;lk\u0259l\u0259rd\u0259n titullu velosiped&ccedil;il\u0259ri d\u0259v\u0259t etmi\u015fdik. Onlar stadionu testd\u0259n ke&ccedil;irmi\u015f, irad v\u0259 t\u0259klifl\u0259rini bildirmi\u015fdil\u0259r. D&uuml;\u015f&uuml;n&uuml;r\u0259m ki, d&uuml;nya &ccedil;empionat\u0131nad\u0259k bizim idman&ccedil;\u0131lar da haz\u0131r olacaq&quot;.<br \/>\nVitse-prezident BMX n&ouml;v&uuml; &uuml;zr\u0259 t\u0259\u015fkil olunacaq d&uuml;nya &ccedil;empionat\u0131 zaman\u0131 azarke\u015fl\u0259rin mara\u011f\u0131n\u0131 n\u0259z\u0259r\u0259 alaraq tribunalar\u0131n qura\u015fd\u0131r\u0131laca\u011f\u0131n\u0131 deyib. Onun s&ouml;zl\u0259rin\u0259 g&ouml;r\u0259, stadionun h\u0259r iki t\u0259r\u0259find\u0259 3000-3500 yerlik oturacaqlar qura\u015fd\u0131r\u0131lacaq: &ldquo;H\u0259qiq\u0259t\u0259n BMX &ccedil;ox tama\u015fa&ccedil;\u0131 c\u0259lb ed\u0259n idman n&ouml;vl\u0259rind\u0259n biridir. Biz estafeti Amerikadan q\u0259bul etmi\u015fik. 2019-cu ild\u0259 d&uuml;nya &ccedil;empionat\u0131 yenid\u0259n AB\u015e-da ke&ccedil;iril\u0259c\u0259k. Maraql\u0131 buras\u0131ndad\u0131r ki, Az\u0259rbaycan bel\u0259 bir &ouml;lk\u0259 il\u0259 yana\u015f\u0131 bu m\u0259sul yar\u0131\u015f\u0131 ke&ccedil;irir. Bu il d&uuml;nya &ccedil;empionat\u0131 C\u0259nubi Korolina \u015ftat\u0131n\u0131n Rok Hill \u015f\u0259h\u0259rind\u0259 ke&ccedil;irildi v\u0259 yar\u0131\u015fa 3750 i\u015ftirak&ccedil;\u0131 qat\u0131lm\u0131\u015fd\u0131. Rok Hilld\u0259 c\u0259mi 30 min\u0259 yax\u0131n insan ya\u015fay\u0131r. Ancaq ora 40 mind\u0259n &ccedil;ox tama\u015fa&ccedil;\u0131 g\u0259lmi\u015fdi. Biz d\u0259 azarke\u015fl\u0259rin say\u0131n\u0131n &ccedil;ox olaca\u011f\u0131n\u0131 d&uuml;\u015f&uuml;n&uuml;r&uuml;k. Ona g&ouml;r\u0259 d\u0259 stadionun h\u0259r iki t\u0259r\u0259find\u0259 3000-3500 yerlik oturacaqlar qura\u015fd\u0131r\u0131lacaq. Art\u0131q m\u0259s\u0259l\u0259 h\u0259llini tap\u0131b. Texniki v\u0259 dig\u0259r m\u0259s\u0259l\u0259l\u0259ri h\u0259ll etmi\u015fik. Bizd\u0259 d\u0259 bu yar\u0131\u015f y&uuml;ks\u0259k s\u0259viyy\u0259d\u0259 ke&ccedil;iril\u0259c\u0259k. Bu, \u0259sl idman bayram\u0131na &ccedil;evrilm\u0259lidir. Bunun &uuml;&ccedil;&uuml;n \u0259limizd\u0259n g\u0259l\u0259ni ed\u0259c\u0259yik&rdquo;.report<\/p>\n","protected":false},"excerpt":{"rendered":"<p>&nbsp;&quot;Bu g&uuml;n tam \u0259minlikl\u0259 dey\u0259 bil\u0259rik ki, Bak\u0131 t\u0259\u015fkilat&ccedil;\u0131l\u0131q bax\u0131m\u0131ndan d&uuml;nya &ccedil;empionat\u0131n\u0131 q\u0259bul etm\u0259y\u0259 tam haz\u0131rd\u0131r&rdquo;. Bunu Az\u0259rbaycan Velosiped \u0130dman\u0131 Federasiyas\u0131n\u0131n I vitse-prezidenti, Avropa Velosiped&ccedil;il\u0259r Birliyinin R\u0259hb\u0259r Komit\u0259sinin &uuml;zv&uuml; Sahib&hellip;<\/p>\n","protected":false},"author":1,"featured_media":251278,"comment_status":"open","ping_status":"open","sticky":false,"template":"","format":"standard","meta":{"_lmt_disableupdate":"","_lmt_disable":"","footnotes":""},"categories":[],"tags":[],"class_list":["post-51926","post","type-post","status-publish","format-standard","has-post-thumbnail","hentry"],"_links":{"self":[{"href":"https:\/\/ucnoqta.az\/index.php?rest_route=\/wp\/v2\/posts\/51926","targetHints":{"allow":["GET"]}}],"collection":[{"href":"https:\/\/ucnoqta.az\/index.php?rest_route=\/wp\/v2\/posts"}],"about":[{"href":"https:\/\/ucnoqta.az\/index.php?rest_route=\/wp\/v2\/types\/post"}],"author":[{"embeddable":true,"href":"https:\/\/ucnoqta.az\/index.php?rest_route=\/wp\/v2\/users\/1"}],"replies":[{"embeddable":true,"href":"https:\/\/ucnoqta.az\/index.php?rest_route=%2Fwp%2Fv2%2Fcomments&post=51926"}],"version-history":[{"count":0,"href":"https:\/\/ucnoqta.az\/index.php?rest_route=\/wp\/v2\/posts\/51926\/revisions"}],"wp:featuredmedia":[{"embeddable":true,"href":"https:\/\/ucnoqta.az\/index.php?rest_route=\/wp\/v2\/media\/251278"}],"wp:attachment":[{"href":"https:\/\/ucnoqta.az\/index.php?rest_route=%2Fwp%2Fv2%2Fmedia&parent=51926"}],"wp:term":[{"taxonomy":"category","embeddable":true,"href":"https:\/\/ucnoqta.az\/index.php?rest_route=%2Fwp%2Fv2%2Fcategories&post=51926"},{"taxonomy":"post_tag","embeddable":true,"href":"https:\/\/ucnoqta.az\/index.php?rest_route=%2Fwp%2Fv2%2Ftags&post=51926"}],"curies":[{"name":"wp","href":"https:\/\/api.w.org\/{rel}","templated":true}]}}