{"id":51925,"date":"2017-10-30T16:00:00","date_gmt":"2017-10-30T12:00:00","guid":{"rendered":""},"modified":"-0001-11-30T00:00:00","modified_gmt":"-0001-11-29T20:00:00","slug":"","status":"publish","type":"post","link":"https:\/\/ucnoqta.az\/?p=51925","title":{"rendered":"Tahir G\u00f6z\u0259l: <font color=red><b>&#8220;B\u00f6y\u00fck h\u0259y\u0259can v\u0259 inamla yola \u00e7\u0131xm\u0131\u015f\u0131q&#8221;<\/b><\/font>"},"content":{"rendered":"<p>&quot;Madridd\u0259 \u0259limizd\u0259n g\u0259l\u0259ni etm\u0259y\u0259 gedirik&quot;. Ucnoqta.az x\u0259b\u0259r verir ki, bu s&ouml;zl\u0259ri &quot;Qaraba\u011f&quot;\u0131n vitse-prezidenti Tahir G&ouml;z\u0259l deyib: &quot;Bu qar\u015f\u0131la\u015fma bizim &uuml;&ccedil;&uuml;n tarixi oyundu. &ldquo;Atletiko&rdquo; il\u0259 mat&ccedil;da qeyd\u0259 al\u0131nacaq n\u0259tic\u0259 &ldquo;Qaraba\u011f&rdquo; &uuml;&ccedil;&uuml;n &ccedil;ox &ouml;n\u0259mlidi. Madridd\u0259 \u0259limizd\u0259n g\u0259l\u0259ni etm\u0259y\u0259 gedirik. \u0130n\u015fallah, s\u0259f\u0259rd\u0259n xalla d&ouml;nm\u0259k ist\u0259yirik, arzumuz budu. B&ouml;y&uuml;k h\u0259y\u0259can v\u0259 inamla yola &ccedil;\u0131xm\u0131\u015f\u0131q. Bak\u0131dak\u0131 kimi ilk d\u0259qiq\u0259l\u0259rd\u0259n &ouml;z&uuml;m&uuml;z\u0259 inanaraq oynamaq v\u0259 s\u0259f\u0259rd\u0259n xalla d&ouml;nm\u0259k arzusunday\u0131q. H\u0259d\u0259fimiz budur&quot;.<\/p>\n","protected":false},"excerpt":{"rendered":"<p>&quot;Madridd\u0259 \u0259limizd\u0259n g\u0259l\u0259ni etm\u0259y\u0259 gedirik&quot;. Ucnoqta.az x\u0259b\u0259r verir ki, bu s&ouml;zl\u0259ri &quot;Qaraba\u011f&quot;\u0131n vitse-prezidenti Tahir G&ouml;z\u0259l deyib: &quot;Bu qar\u015f\u0131la\u015fma bizim &uuml;&ccedil;&uuml;n tarixi oyundu. &ldquo;Atletiko&rdquo; il\u0259 mat&ccedil;da qeyd\u0259 al\u0131nacaq n\u0259tic\u0259 &ldquo;Qaraba\u011f&rdquo; &uuml;&ccedil;&uuml;n&hellip;<\/p>\n","protected":false},"author":1,"featured_media":251278,"comment_status":"open","ping_status":"open","sticky":false,"template":"","format":"standard","meta":{"_lmt_disableupdate":"","_lmt_disable":"","footnotes":""},"categories":[90],"tags":[],"class_list":["post-51925","post","type-post","status-publish","format-standard","has-post-thumbnail","hentry","category-idman-butun-xeberler"],"_links":{"self":[{"href":"https:\/\/ucnoqta.az\/index.php?rest_route=\/wp\/v2\/posts\/51925","targetHints":{"allow":["GET"]}}],"collection":[{"href":"https:\/\/ucnoqta.az\/index.php?rest_route=\/wp\/v2\/posts"}],"about":[{"href":"https:\/\/ucnoqta.az\/index.php?rest_route=\/wp\/v2\/types\/post"}],"author":[{"embeddable":true,"href":"https:\/\/ucnoqta.az\/index.php?rest_route=\/wp\/v2\/users\/1"}],"replies":[{"embeddable":true,"href":"https:\/\/ucnoqta.az\/index.php?rest_route=%2Fwp%2Fv2%2Fcomments&post=51925"}],"version-history":[{"count":0,"href":"https:\/\/ucnoqta.az\/index.php?rest_route=\/wp\/v2\/posts\/51925\/revisions"}],"wp:featuredmedia":[{"embeddable":true,"href":"https:\/\/ucnoqta.az\/index.php?rest_route=\/wp\/v2\/media\/251278"}],"wp:attachment":[{"href":"https:\/\/ucnoqta.az\/index.php?rest_route=%2Fwp%2Fv2%2Fmedia&parent=51925"}],"wp:term":[{"taxonomy":"category","embeddable":true,"href":"https:\/\/ucnoqta.az\/index.php?rest_route=%2Fwp%2Fv2%2Fcategories&post=51925"},{"taxonomy":"post_tag","embeddable":true,"href":"https:\/\/ucnoqta.az\/index.php?rest_route=%2Fwp%2Fv2%2Ftags&post=51925"}],"curies":[{"name":"wp","href":"https:\/\/api.w.org\/{rel}","templated":true}]}}