{"id":50672,"date":"2017-09-27T14:00:58","date_gmt":"2017-09-27T10:00:58","guid":{"rendered":""},"modified":"-0001-11-30T00:00:00","modified_gmt":"-0001-11-29T20:00:00","slug":"","status":"publish","type":"post","link":"https:\/\/ucnoqta.az\/?p=50672","title":{"rendered":"BMT ba\u015f katibi: <font color=red><b>&#8220;Prezidentl\u0259r s\u0259viyy\u0259sind\u0259 planla\u015fd\u0131r\u0131lan g\u00f6r\u00fc\u015f etimad m\u00fchitinin artmas\u0131na s\u0259b\u0259b olacaq&#8221;<\/b><\/font>"},"content":{"rendered":"<p><span style=\"line-height: 1.6em;\">BMT ba\u015f katibi Antonio Quterri\u015f Nyu-Yorkda BMT Ba\u015f Assambleyas\u0131n\u0131n sessiyas\u0131 &ccedil;\u0259r&ccedil;iv\u0259sind\u0259 Az\u0259rbaycan v\u0259 Erm\u0259nistan xarici i\u015fl\u0259r nazirl\u0259rinin v\u0259 AT\u018fT-in Minsk qrupu h\u0259ms\u0259drl\u0259rinin g&ouml;r&uuml;\u015f&uuml;n&uuml; alq\u0131\u015flay\u0131r. Ucnoqta.az&nbsp;<\/span><span style=\"line-height: 1.6em;\">APA-ya istinad\u0259n x\u0259b\u0259r verir ki, bu bar\u0259d\u0259 ba\u015f katibin m\u0259tbuat katibi Stefan Duyarri&ccedil;in b\u0259yanat\u0131nda deyilir.<\/span><br \/>\n<span style=\"line-height: 1.6em;\">B\u0259yanatda bildirilir ki, ba\u015f katib h\u0259ms\u0259drl\u0259rin g\u0259rginliyi azaltmaq v\u0259 dan\u0131\u015f\u0131qlar prosesini yenid\u0259n canland\u0131rmaq istiqam\u0259tind\u0259 s\u0259yl\u0259rini d\u0259st\u0259kl\u0259yir: &ldquo;Ba\u015f katib &uuml;mid edir ki, Az\u0259rbaycan v\u0259 Erm\u0259nistan prezidentl\u0259ri s\u0259viyy\u0259sind\u0259 planla\u015fd\u0131r\u0131lan g&ouml;r&uuml;\u015f etimad m&uuml;hitinin artmas\u0131na s\u0259b\u0259b olacaq. O, eyni zamanda &uuml;midvard\u0131r ki, bu g&ouml;r&uuml;\u015f t\u0259r\u0259fl\u0259r aras\u0131nda raz\u0131la\u015fd\u0131r\u0131lmam\u0131\u015f \u0259sas m\u0259s\u0259l\u0259l\u0259rl\u0259 ba\u011fl\u0131 kompromisli h\u0259ll yolunun tap\u0131lmas\u0131 &uuml;&ccedil;&uuml;n vacib olan siyasi irad\u0259nin stimulla\u015fmas\u0131na da imkan yaradacaq&rdquo;.<\/span><\/p>\n","protected":false},"excerpt":{"rendered":"<p>BMT ba\u015f katibi Antonio Quterri\u015f Nyu-Yorkda BMT Ba\u015f Assambleyas\u0131n\u0131n sessiyas\u0131 &ccedil;\u0259r&ccedil;iv\u0259sind\u0259 Az\u0259rbaycan v\u0259 Erm\u0259nistan xarici i\u015fl\u0259r nazirl\u0259rinin v\u0259 AT\u018fT-in Minsk qrupu h\u0259ms\u0259drl\u0259rinin g&ouml;r&uuml;\u015f&uuml;n&uuml; alq\u0131\u015flay\u0131r. Ucnoqta.az&nbsp;APA-ya istinad\u0259n x\u0259b\u0259r verir ki, bu&hellip;<\/p>\n","protected":false},"author":1,"featured_media":251278,"comment_status":"open","ping_status":"open","sticky":false,"template":"","format":"standard","meta":{"_lmt_disableupdate":"","_lmt_disable":"","footnotes":""},"categories":[86],"tags":[],"class_list":["post-50672","post","type-post","status-publish","format-standard","has-post-thumbnail","hentry","category-siyaset"],"_links":{"self":[{"href":"https:\/\/ucnoqta.az\/index.php?rest_route=\/wp\/v2\/posts\/50672","targetHints":{"allow":["GET"]}}],"collection":[{"href":"https:\/\/ucnoqta.az\/index.php?rest_route=\/wp\/v2\/posts"}],"about":[{"href":"https:\/\/ucnoqta.az\/index.php?rest_route=\/wp\/v2\/types\/post"}],"author":[{"embeddable":true,"href":"https:\/\/ucnoqta.az\/index.php?rest_route=\/wp\/v2\/users\/1"}],"replies":[{"embeddable":true,"href":"https:\/\/ucnoqta.az\/index.php?rest_route=%2Fwp%2Fv2%2Fcomments&post=50672"}],"version-history":[{"count":0,"href":"https:\/\/ucnoqta.az\/index.php?rest_route=\/wp\/v2\/posts\/50672\/revisions"}],"wp:featuredmedia":[{"embeddable":true,"href":"https:\/\/ucnoqta.az\/index.php?rest_route=\/wp\/v2\/media\/251278"}],"wp:attachment":[{"href":"https:\/\/ucnoqta.az\/index.php?rest_route=%2Fwp%2Fv2%2Fmedia&parent=50672"}],"wp:term":[{"taxonomy":"category","embeddable":true,"href":"https:\/\/ucnoqta.az\/index.php?rest_route=%2Fwp%2Fv2%2Fcategories&post=50672"},{"taxonomy":"post_tag","embeddable":true,"href":"https:\/\/ucnoqta.az\/index.php?rest_route=%2Fwp%2Fv2%2Ftags&post=50672"}],"curies":[{"name":"wp","href":"https:\/\/api.w.org\/{rel}","templated":true}]}}