{"id":50671,"date":"2017-09-27T13:54:38","date_gmt":"2017-09-27T09:54:38","guid":{"rendered":""},"modified":"-0001-11-30T00:00:00","modified_gmt":"-0001-11-29T20:00:00","slug":"","status":"publish","type":"post","link":"https:\/\/ucnoqta.az\/?p=50671","title":{"rendered":"<b><font color=red>Deputat \u00c7ingiz Q\u0259nizad\u0259 \u015eeyxin qudas\u0131n\u0131n h\u0259bsi \u00fc\u00e7\u00fcn m\u0259hk\u0259m\u0259y\u0259 m\u00fcraci\u0259t etdi<\/font><\/b>"},"content":{"rendered":"<p><span style=\"line-height: 1.6em;\">Milli M\u0259clisin deputat\u0131 &Ccedil;ingiz Q\u0259nizad\u0259 sabiq deputat, Hac\u0131 Allah\u015f&uuml;k&uuml;r Pa\u015fazad\u0259nin qudas\u0131 Qalib Salahzad\u0259y\u0259 qar\u015f\u0131 sikay\u0259t \u0259rzisini bu g&uuml;n Sabun&ccedil;u Rayon M\u0259hk\u0259m\u0259sin\u0259 t\u0259qdim edib.&nbsp;<\/span><span style=\"line-height: 1.6em;\">Bu bar\u0259d\u0259 Modern.az-a &Ccedil;.Q\u0259nizad\u0259nin v\u0259kili Raqif Mustafayev m\u0259lumat verib.&nbsp;<\/span><span style=\"line-height: 1.6em;\">O, bildirib ki, m&uuml;v\u0259kkili x&uuml;susi ittiham qaydas\u0131nda Sabun&ccedil;u Rayon M\u0259hk\u0259m\u0259sin\u0259 m&uuml;raci\u0259t edib.<\/span><span style=\"line-height: 1.6em;\">&ldquo;&Ccedil;ingiz Q\u0259nizad\u0259 Qalib Salahzad\u0259nin Cinay\u0259t M\u0259c\u0259ll\u0259sinin 147.1 v\u0259 147.2-ci madd\u0259l\u0259ri il\u0259 cinay\u0259t m\u0259suliyy\u0259tin\u0259 c\u0259lb edilm\u0259sini v\u0259 h\u0259bsini ist\u0259yir&rdquo;.<\/span><\/p>\n<p>R.Mustafayev bildirib ki, Q.Salahzad\u0259nin m\u0259hk\u0259m\u0259y\u0259 verilm\u0259sin\u0259 s\u0259b\u0259b son g&uuml;nl\u0259r m\u0259tbuatda &Ccedil;.Q\u0259nizad\u0259y\u0259 qar\u015f\u0131 b&ouml;htan xarakterli fikirl\u0259rin &nbsp;s\u0259sl\u0259ndirm\u0259si olub.<\/p>\n<p>V\u0259kil qeyd edib ki, m\u0259hk\u0259m\u0259nin ke&ccedil;irilm\u0259si vaxt\u0131 bar\u0259d\u0259 jurnalistl\u0259r\u0259 \u0259vv\u0259lc\u0259d\u0259n m\u0259lumat veril\u0259c\u0259k.<\/p>\n","protected":false},"excerpt":{"rendered":"<p>Milli M\u0259clisin deputat\u0131 &Ccedil;ingiz Q\u0259nizad\u0259 sabiq deputat, Hac\u0131 Allah\u015f&uuml;k&uuml;r Pa\u015fazad\u0259nin qudas\u0131 Qalib Salahzad\u0259y\u0259 qar\u015f\u0131 sikay\u0259t \u0259rzisini bu g&uuml;n Sabun&ccedil;u Rayon M\u0259hk\u0259m\u0259sin\u0259 t\u0259qdim edib.&nbsp;Bu bar\u0259d\u0259 Modern.az-a &Ccedil;.Q\u0259nizad\u0259nin v\u0259kili Raqif Mustafayev m\u0259lumat&hellip;<\/p>\n","protected":false},"author":1,"featured_media":251278,"comment_status":"open","ping_status":"open","sticky":false,"template":"","format":"standard","meta":{"_lmt_disableupdate":"","_lmt_disable":"","footnotes":""},"categories":[91],"tags":[],"class_list":["post-50671","post","type-post","status-publish","format-standard","has-post-thumbnail","hentry","category-olkeici"],"_links":{"self":[{"href":"https:\/\/ucnoqta.az\/index.php?rest_route=\/wp\/v2\/posts\/50671","targetHints":{"allow":["GET"]}}],"collection":[{"href":"https:\/\/ucnoqta.az\/index.php?rest_route=\/wp\/v2\/posts"}],"about":[{"href":"https:\/\/ucnoqta.az\/index.php?rest_route=\/wp\/v2\/types\/post"}],"author":[{"embeddable":true,"href":"https:\/\/ucnoqta.az\/index.php?rest_route=\/wp\/v2\/users\/1"}],"replies":[{"embeddable":true,"href":"https:\/\/ucnoqta.az\/index.php?rest_route=%2Fwp%2Fv2%2Fcomments&post=50671"}],"version-history":[{"count":0,"href":"https:\/\/ucnoqta.az\/index.php?rest_route=\/wp\/v2\/posts\/50671\/revisions"}],"wp:featuredmedia":[{"embeddable":true,"href":"https:\/\/ucnoqta.az\/index.php?rest_route=\/wp\/v2\/media\/251278"}],"wp:attachment":[{"href":"https:\/\/ucnoqta.az\/index.php?rest_route=%2Fwp%2Fv2%2Fmedia&parent=50671"}],"wp:term":[{"taxonomy":"category","embeddable":true,"href":"https:\/\/ucnoqta.az\/index.php?rest_route=%2Fwp%2Fv2%2Fcategories&post=50671"},{"taxonomy":"post_tag","embeddable":true,"href":"https:\/\/ucnoqta.az\/index.php?rest_route=%2Fwp%2Fv2%2Ftags&post=50671"}],"curies":[{"name":"wp","href":"https:\/\/api.w.org\/{rel}","templated":true}]}}