{"id":50670,"date":"2017-09-27T13:35:03","date_gmt":"2017-09-27T09:35:03","guid":{"rendered":""},"modified":"-0001-11-30T00:00:00","modified_gmt":"-0001-11-29T20:00:00","slug":"","status":"publish","type":"post","link":"https:\/\/ucnoqta.az\/?p=50670","title":{"rendered":"<b><font color=red>Deputatdan DTX-ya \u00c7A\u011eIRI\u015e:<\/font> \u201cAz\u0259rbaycan pasportunu yand\u0131rma\u011fa haz\u0131r olan \u015f\u0259r\u0259fsizl\u0259r v\u0259zif\u0259y\u0259 nec\u0259 yerl\u0259\u015fdirilib?&#8221; <\/b>"},"content":{"rendered":"<p>Milli M\u0259clisin deputat\u0131 Fazil Mustafa Az\u0259rbaycanda r\u0259smi v\u0259zif\u0259 tutan m\u0259murun &#8211; La&ccedil;\u0131n rayon \u0130cra Hakimiyy\u0259tinin h&uuml;quq \u015f&ouml;b\u0259sinin m&uuml;diri Fizuli Tanirverdiyevin sosial \u015f\u0259b\u0259k\u0259l\u0259rd\u0259 \u0130raq K&uuml;rd&uuml;stan\u0131nda ke&ccedil;iril\u0259n referenduma haqq qazand\u0131rmas\u0131n\u0131 pisl\u0259yib. Deputat onun &quot;Az\u0259rbaycan pasportumu yand\u0131raca\u011fam&rdquo; s&ouml;zl\u0259rind\u0259n is\u0259 hidd\u0259tl\u0259nib.<\/p>\n<p><strong>Fazil Mustafa bu haqda bel\u0259 deyib:<\/strong><\/p>\n<p>&ldquo;Az\u0259rbaycan\u0131n m&uuml;h&uuml;m d&ouml;vl\u0259t qurumlar\u0131ndan biri olan rayon icra hakimiyy\u0259tind\u0259 m\u0259sul v\u0259zif\u0259y\u0259 yerl\u0259\u015fdirilmi\u015f militan deyir ki, &ldquo;m\u0259ni i\u015fd\u0259n m&uuml;st\u0131qil K&uuml;rd&uuml;stana g&ouml;r\u0259 &ccedil;\u0131xarsan\u0131z, m\u0259n d\u0259 gedib Az\u0259rbaycan pasportumu yand\u0131raca\u011fam&rdquo;.<\/p>\n<p>Y\u0259ni m&uuml;st\u0259qil K&uuml;rd&uuml;stan namin\u0259 Az\u0259rbaycan pasportunu yand\u0131rmaq (ard\u0131nca Az\u0259rbaycan bayra\u011f\u0131n\u0131 yand\u0131rmaq g\u0259lir, himnimiz oxunanda dal\u0131n\u0131 &ccedil;evirm\u0259k g\u0259lir, qondarma Da\u011fl\u0131q Qaraba\u011f\u0131n m&uuml;st\u0259qilliyini d\u0259st\u0259kl\u0259m\u0259k g\u0259lir) ideyas\u0131 ill\u0259rl\u0259 formala\u015fm\u0131\u015f d&uuml;\u015f&uuml;nc\u0259d\u0259n x\u0259b\u0259r verir v\u0259 buna oldu-bitdi kimi yana\u015fa bilm\u0259rik. Bu, bizim d&ouml;vl\u0259timiz &uuml;&ccedil;&uuml;n g&ouml;zl\u0259nil\u0259n t\u0259hl&uuml;k\u0259 simptomlar\u0131ndan biridir&quot;.<\/p>\n<p><strong>Fazil Mustada Az\u0259rbaycan\u0131n t\u0259hl&uuml;k\u0259sizlik orqanlar\u0131na da &ccedil;a\u011f\u0131r\u0131\u015f edib:<\/strong><\/p>\n<p>&quot;\u0130ndi g&ouml;r\u0259k t\u0259hl&uuml;k\u0259sizlik orqanlar\u0131 ayd\u0131nla\u015fd\u0131ra bil\u0259c\u0259kl\u0259rmi hans\u0131 qurumlarda Erm\u0259nistan &uuml;&ccedil;&uuml;n v\u0259 ya Rusiya &uuml;&ccedil;&uuml;n, yaxud \u0130ran &uuml;&ccedil;&uuml;n, AB\u015e &uuml;&ccedil;&uuml;n Az\u0259rbaycan pasportunu yand\u0131rma\u011fa haz\u0131r olan \u015f\u0259r\u0259fsizl\u0259r nec\u0259 v\u0259 kiml\u0259r vasit\u0259sil\u0259 yerl\u0259\u015fdirilib?<\/p>\n<p>&Ouml;z mill\u0259tini, xalq\u0131n\u0131 sevm\u0259k h\u0259r k\u0259sin haqq\u0131d\u0131r, h\u0259tta \u015f\u0259r\u0259f borcudur. Ancaq bu sevgini b\u0259han\u0259 edib, Az\u0259rbaycan d&ouml;vl\u0259tinin d\u0259y\u0259rl\u0259rin\u0259, milli maraqlar\u0131na qar\u015f\u0131 t\u0259rbiy\u0259sizlik etm\u0259k yolverilm\u0259zdir v\u0259 bunun qar\u015f\u0131s\u0131n\u0131 ham\u0131l\u0131qla almal\u0131y\u0131q&rdquo;. (modern.az)<\/p>\n","protected":false},"excerpt":{"rendered":"<p>Milli M\u0259clisin deputat\u0131 Fazil Mustafa Az\u0259rbaycanda r\u0259smi v\u0259zif\u0259 tutan m\u0259murun &#8211; La&ccedil;\u0131n rayon \u0130cra Hakimiyy\u0259tinin h&uuml;quq \u015f&ouml;b\u0259sinin m&uuml;diri Fizuli Tanirverdiyevin sosial \u015f\u0259b\u0259k\u0259l\u0259rd\u0259 \u0130raq K&uuml;rd&uuml;stan\u0131nda ke&ccedil;iril\u0259n referenduma haqq qazand\u0131rmas\u0131n\u0131 pisl\u0259yib. Deputat&hellip;<\/p>\n","protected":false},"author":1,"featured_media":251278,"comment_status":"open","ping_status":"open","sticky":false,"template":"","format":"standard","meta":{"_lmt_disableupdate":"","_lmt_disable":"","footnotes":""},"categories":[91],"tags":[],"class_list":["post-50670","post","type-post","status-publish","format-standard","has-post-thumbnail","hentry","category-olkeici"],"_links":{"self":[{"href":"https:\/\/ucnoqta.az\/index.php?rest_route=\/wp\/v2\/posts\/50670","targetHints":{"allow":["GET"]}}],"collection":[{"href":"https:\/\/ucnoqta.az\/index.php?rest_route=\/wp\/v2\/posts"}],"about":[{"href":"https:\/\/ucnoqta.az\/index.php?rest_route=\/wp\/v2\/types\/post"}],"author":[{"embeddable":true,"href":"https:\/\/ucnoqta.az\/index.php?rest_route=\/wp\/v2\/users\/1"}],"replies":[{"embeddable":true,"href":"https:\/\/ucnoqta.az\/index.php?rest_route=%2Fwp%2Fv2%2Fcomments&post=50670"}],"version-history":[{"count":0,"href":"https:\/\/ucnoqta.az\/index.php?rest_route=\/wp\/v2\/posts\/50670\/revisions"}],"wp:featuredmedia":[{"embeddable":true,"href":"https:\/\/ucnoqta.az\/index.php?rest_route=\/wp\/v2\/media\/251278"}],"wp:attachment":[{"href":"https:\/\/ucnoqta.az\/index.php?rest_route=%2Fwp%2Fv2%2Fmedia&parent=50670"}],"wp:term":[{"taxonomy":"category","embeddable":true,"href":"https:\/\/ucnoqta.az\/index.php?rest_route=%2Fwp%2Fv2%2Fcategories&post=50670"},{"taxonomy":"post_tag","embeddable":true,"href":"https:\/\/ucnoqta.az\/index.php?rest_route=%2Fwp%2Fv2%2Ftags&post=50670"}],"curies":[{"name":"wp","href":"https:\/\/api.w.org\/{rel}","templated":true}]}}