{"id":50667,"date":"2017-09-27T12:48:48","date_gmt":"2017-09-27T08:48:48","guid":{"rendered":""},"modified":"-0001-11-30T00:00:00","modified_gmt":"-0001-11-29T20:00:00","slug":"","status":"publish","type":"post","link":"https:\/\/ucnoqta.az\/?p=50667","title":{"rendered":"Az\u0259rbaycan \u00c7ind\u0259n turistl\u0259rin c\u0259lb edilm\u0259si \u00fc\u00e7\u00fcn i\u015f apar\u0131r"},"content":{"rendered":"<p><span style=\"line-height: 1.6em;\">&quot;N&ouml;vb\u0259ti Bak\u0131 \u015fopinq festival\u0131nda i\u015ftirak&ccedil;\u0131lar\u0131n say\u0131 500-d\u0259n &ccedil;ox olacaq. Halbuki, bu r\u0259q\u0259m &ouml;t\u0259n festivalda 300-d\u0259n az idi&quot;. &nbsp;Ucnoqta.az&nbsp;<\/span><span style=\"line-height: 1.6em;\">&quot;Report&quot;a istinad\u0259n x\u0259b\u0259r verir ki, bunu Az\u0259rbaycan\u0131n m\u0259d\u0259niyy\u0259t v\u0259 turizm naziri \u018fb&uuml;lf\u0259s Qarayev deyib.&nbsp;<\/span><span style=\"line-height: 1.6em;\">Onun s&ouml;zl\u0259rin\u0259 g&ouml;r\u0259, bu il i\u015ftirak&ccedil;\u0131lara \u0259lav\u0259 d\u0259y\u0259r vergisinin (\u018fDV) geri qaytar\u0131lmas\u0131 prosesi daha da sad\u0259l\u0259\u015fdiril\u0259c\u0259k.&nbsp;<\/span><\/p>\n<p>Nazir \u0259r\u0259bl\u0259rl\u0259 yana\u015f\u0131 dig\u0259r &ouml;lk\u0259l\u0259rin v\u0259t\u0259nda\u015flar\u0131 &uuml;&ccedil;&uuml;n d\u0259 sad\u0259l\u0259\u015fdirilmi\u015f viza rejiminin m&uuml;mk&uuml;n t\u0259tbiqin\u0259 d\u0259 m&uuml;asib\u0259t bildirib: &quot;Haz\u0131rda &quot;ASAN Viza&quot; sistemi m&ouml;vcuddur. D&uuml;\u015f&uuml;n&uuml;r\u0259m ki, bu, xarici turistl\u0259r &uuml;&ccedil;&uuml;n yarad\u0131lan \u0259n unikal \u015f\u0259raitdir. Ola bil\u0259r ki, hans\u0131sa &ouml;lk\u0259l\u0259rin v\u0259t\u0259nda\u015flar\u0131 &uuml;&ccedil;&uuml;n x&uuml;susi qaydalar t\u0259tbiq edilsin, bu is\u0259 art\u0131q xarici siyas\u0259tin t\u0259rkib hiss\u0259sidir&quot;.<br \/>\n\u018f.Qarayevin s&ouml;zl\u0259rin\u0259 g&ouml;r\u0259, haz\u0131rda &ccedil;inli turistl\u0259rin Az\u0259rbaycana c\u0259lb edilm\u0259si &uuml;&ccedil;&uuml;n i\u015f apar\u0131l\u0131r: &quot;Bu yax\u0131nlarda &Ccedil;in\u0259 s\u0259f\u0259rimiz olub, onlarla anla\u015fma imzalad\u0131q. Xarici \u0130\u015fl\u0259r Nazirliyi vasit\u0259si il\u0259 i\u015f apar\u0131l\u0131r. H\u0259m&ccedil;inin AZAL avia\u015firk\u0259ti &Ccedil;in\u0259 u&ccedil;u\u015flar\u0131 geni\u015fl\u0259ndirir. &Ccedil;inli turistl\u0259r x&uuml;susi turistl\u0259rdir. Onlar\u0131 c\u0259lb etm\u0259k h\u0259r turizm firmas\u0131n\u0131n i\u015fi deyil. Biz bu i\u015fi yaln\u0131z bacaranlara tap\u015f\u0131raca\u011f\u0131q&quot;.<br \/>\nNazir turizm sah\u0259sind\u0259 dempinq sisteminin t\u0259tbiqi bar\u0259d\u0259 d\u0259 dan\u0131\u015f\u0131b v\u0259 deyib ki, qiym\u0259tl\u0259rin s&uuml;ni \u015f\u0259kild\u0259 art\u0131r\u0131l\u0131b-azald\u0131lmas\u0131n\u0131n \u0259leyhin\u0259dir: &quot;D&uuml;\u015f&uuml;n&uuml;r\u0259m ki, h\u0259r qiym\u0259t\u0259 uy\u011fun t\u0259klif olmal\u0131d\u0131r. Dempinq sistemi &ouml;z&uuml;-&ouml;zl&uuml;y&uuml;nd\u0259 \u015firk\u0259tl\u0259rin m&uuml;flis olmas\u0131na \u015f\u0259rait yarad\u0131r. Ola bilsin ki, hans\u0131sa \u015firk\u0259t bir qiym\u0259t\u0259 2 ulduzlu hotel t\u0259klif ed\u0259r, dig\u0259ri is\u0259 ba\u015fqa \u015fey t\u0259klif ed\u0259r&quot;.<\/p>\n","protected":false},"excerpt":{"rendered":"<p>&quot;N&ouml;vb\u0259ti Bak\u0131 \u015fopinq festival\u0131nda i\u015ftirak&ccedil;\u0131lar\u0131n say\u0131 500-d\u0259n &ccedil;ox olacaq. Halbuki, bu r\u0259q\u0259m &ouml;t\u0259n festivalda 300-d\u0259n az idi&quot;. &nbsp;Ucnoqta.az&nbsp;&quot;Report&quot;a istinad\u0259n x\u0259b\u0259r verir ki, bunu Az\u0259rbaycan\u0131n m\u0259d\u0259niyy\u0259t v\u0259 turizm naziri \u018fb&uuml;lf\u0259s Qarayev&hellip;<\/p>\n","protected":false},"author":1,"featured_media":251278,"comment_status":"open","ping_status":"open","sticky":false,"template":"","format":"standard","meta":{"_lmt_disableupdate":"","_lmt_disable":"","footnotes":""},"categories":[],"tags":[],"class_list":["post-50667","post","type-post","status-publish","format-standard","has-post-thumbnail","hentry"],"_links":{"self":[{"href":"https:\/\/ucnoqta.az\/index.php?rest_route=\/wp\/v2\/posts\/50667","targetHints":{"allow":["GET"]}}],"collection":[{"href":"https:\/\/ucnoqta.az\/index.php?rest_route=\/wp\/v2\/posts"}],"about":[{"href":"https:\/\/ucnoqta.az\/index.php?rest_route=\/wp\/v2\/types\/post"}],"author":[{"embeddable":true,"href":"https:\/\/ucnoqta.az\/index.php?rest_route=\/wp\/v2\/users\/1"}],"replies":[{"embeddable":true,"href":"https:\/\/ucnoqta.az\/index.php?rest_route=%2Fwp%2Fv2%2Fcomments&post=50667"}],"version-history":[{"count":0,"href":"https:\/\/ucnoqta.az\/index.php?rest_route=\/wp\/v2\/posts\/50667\/revisions"}],"wp:featuredmedia":[{"embeddable":true,"href":"https:\/\/ucnoqta.az\/index.php?rest_route=\/wp\/v2\/media\/251278"}],"wp:attachment":[{"href":"https:\/\/ucnoqta.az\/index.php?rest_route=%2Fwp%2Fv2%2Fmedia&parent=50667"}],"wp:term":[{"taxonomy":"category","embeddable":true,"href":"https:\/\/ucnoqta.az\/index.php?rest_route=%2Fwp%2Fv2%2Fcategories&post=50667"},{"taxonomy":"post_tag","embeddable":true,"href":"https:\/\/ucnoqta.az\/index.php?rest_route=%2Fwp%2Fv2%2Ftags&post=50667"}],"curies":[{"name":"wp","href":"https:\/\/api.w.org\/{rel}","templated":true}]}}