{"id":50666,"date":"2017-09-27T12:35:38","date_gmt":"2017-09-27T08:35:38","guid":{"rendered":""},"modified":"-0001-11-30T00:00:00","modified_gmt":"-0001-11-29T20:00:00","slug":"","status":"publish","type":"post","link":"https:\/\/ucnoqta.az\/?p=50666","title":{"rendered":"DGK K\u0130V-d\u0259 yay\u0131lan m\u0259lumat\u0131 t\u0259kzib edir"},"content":{"rendered":"<p>Bu g&uuml;n bir s\u0131ra k&uuml;tl\u0259vi informasiya vasit\u0259l\u0259rind\u0259 T&uuml;rkiy\u0259 Respublikas\u0131nda f\u0259aliyy\u0259t g&ouml;st\u0259r\u0259n medya orqanlar\u0131na istinad\u0259n T&uuml;rkiy\u0259 Respublikas\u0131n\u0131n &Ccedil;orum \u0259yal\u0259tinin Osmanc\u0131q b&ouml;lg\u0259sind\u0259 polis t\u0259r\u0259find\u0259n y&uuml;k yerind\u0259 Avropaya m&uuml;hacir\u0259t etm\u0259k ist\u0259y\u0259n miqrantlar\u0131n oldu\u011fu n\u0259qliyyat vasit\u0259sinin saxlan\u0131ld\u0131\u011f\u0131, n\u0259qliyyat vasit\u0259sinin qo\u015fqusunda a\u015fkar edil\u0259n Az\u0259rbaycan Respublikas\u0131 v\u0259t\u0259nda\u015flar\u0131 v\u0259 \u0259fqanlardan ibar\u0259t 200-d\u0259n art\u0131q miqrant\u0131n Az\u0259rbaycan Respublikas\u0131n\u0131n Bak\u0131 \u015f\u0259h\u0259rind\u0259 pul m&uuml;qabilind\u0259 n\u0259qliyyat vasit\u0259sin\u0259 mindiril\u0259r\u0259k qeyri-qanuni yollarla Avropaya da\u015f\u0131nd\u0131\u011f\u0131 bar\u0259d\u0259 h\u0259qiq\u0259t\u0259 uy\u011fun olmayan m\u0259lumatlar yay\u0131l\u0131b.<br \/>\nBu bar\u0259d\u0259 Ucnoqta.az-a D&ouml;vl\u0259t G&ouml;mr&uuml;k Komit\u0259sinin&nbsp;M\u0259tbuat Xidm\u0259tind\u0259n m\u0259lumat verilib. M\u0259lumata g&ouml;r\u0259,&nbsp;D&ouml;vl\u0259t G&ouml;mr&uuml;k Komit\u0259sind\u0259 apar\u0131lan ara\u015fd\u0131rma zaman\u0131 m\u0259lum olub ki, yay\u0131lan x\u0259b\u0259r\u0259 \u0259lav\u0259 edil\u0259n videoda g&ouml;r&uuml;nt&uuml;l\u0259ri \u0259ksini tapan miqrantlar\u0131n da\u015f\u0131nd\u0131\u011f\u0131 34 DH 9435 d&ouml;vl\u0259t n&ouml;mr\u0259li ni\u015fanl\u0131 n\u0259qliyyat vasit\u0259si Az\u0259rbaycan Respublikas\u0131n\u0131n g&ouml;mr&uuml;k \u0259razisin\u0259 &uuml;mumiyy\u0259tl\u0259 daxil olmay\u0131b. H\u0259min n\u0259qliyyat vasit\u0259sinin 34 EL 322 d&ouml;vl\u0259t n&ouml;mr\u0259 ni\u015fanl\u0131 qo\u015fqusu is\u0259 sad\u0259c\u0259 1 d\u0259f\u0259, 2010-ci ild\u0259 Az\u0259rbaycan Respublikas\u0131 \u0259razisind\u0259 olub.<br \/>\n&Uuml;st\u0259lik hadis\u0259 il\u0259 ba\u011fl\u0131 T&uuml;rkiy\u0259 Respublikas\u0131nda f\u0259aliyy\u0259t g&ouml;st\u0259r\u0259n k&uuml;tl\u0259vi informasiya vasit\u0259l\u0259rinin haz\u0131rlad\u0131\u011f\u0131 daha \u0259trafl\u0131 reportajlarda jurnalistl\u0259r\u0259 m&uuml;sahib\u0259 ver\u0259n miqrantlar n\u0259qliyyat vasit\u0259sind\u0259ki insanlar\u0131n \u0259fqan, tacik, t&uuml;rkm\u0259n v\u0259 &ouml;zb\u0259kl\u0259rd\u0259n ibar\u0259t oldu\u011funu bildirir, x\u0259b\u0259rd\u0259 Az\u0259rbaycan v\u0259 ya az\u0259rbaycanl\u0131lardan &uuml;mumiyy\u0259tl\u0259 b\u0259hs olunmur.<br \/>\nD&ouml;vl\u0259t G&ouml;mr&uuml;k Komit\u0259si bir daha media qurumlar\u0131 v\u0259 n&uuml;may\u0259nd\u0259l\u0259rin\u0259 komit\u0259nin f\u0259aliyy\u0259t sah\u0259l\u0259rin\u0259 aid olan m\u0259lumatlar\u0131n r\u0259smi m&ouml;vqe &ouml;yr\u0259nm\u0259kl\u0259 haz\u0131rlanmas\u0131n\u0131 v\u0259 yay\u0131mlanmas\u0131n\u0131 t&ouml;vsiyy\u0259 edir.<\/p>\n<p>&nbsp;<\/p>\n","protected":false},"excerpt":{"rendered":"<p>Bu g&uuml;n bir s\u0131ra k&uuml;tl\u0259vi informasiya vasit\u0259l\u0259rind\u0259 T&uuml;rkiy\u0259 Respublikas\u0131nda f\u0259aliyy\u0259t g&ouml;st\u0259r\u0259n medya orqanlar\u0131na istinad\u0259n T&uuml;rkiy\u0259 Respublikas\u0131n\u0131n &Ccedil;orum \u0259yal\u0259tinin Osmanc\u0131q b&ouml;lg\u0259sind\u0259 polis t\u0259r\u0259find\u0259n y&uuml;k yerind\u0259 Avropaya m&uuml;hacir\u0259t etm\u0259k ist\u0259y\u0259n miqrantlar\u0131n oldu\u011fu&hellip;<\/p>\n","protected":false},"author":1,"featured_media":251278,"comment_status":"open","ping_status":"open","sticky":false,"template":"","format":"standard","meta":{"_lmt_disableupdate":"","_lmt_disable":"","footnotes":""},"categories":[],"tags":[],"class_list":["post-50666","post","type-post","status-publish","format-standard","has-post-thumbnail","hentry"],"_links":{"self":[{"href":"https:\/\/ucnoqta.az\/index.php?rest_route=\/wp\/v2\/posts\/50666","targetHints":{"allow":["GET"]}}],"collection":[{"href":"https:\/\/ucnoqta.az\/index.php?rest_route=\/wp\/v2\/posts"}],"about":[{"href":"https:\/\/ucnoqta.az\/index.php?rest_route=\/wp\/v2\/types\/post"}],"author":[{"embeddable":true,"href":"https:\/\/ucnoqta.az\/index.php?rest_route=\/wp\/v2\/users\/1"}],"replies":[{"embeddable":true,"href":"https:\/\/ucnoqta.az\/index.php?rest_route=%2Fwp%2Fv2%2Fcomments&post=50666"}],"version-history":[{"count":0,"href":"https:\/\/ucnoqta.az\/index.php?rest_route=\/wp\/v2\/posts\/50666\/revisions"}],"wp:featuredmedia":[{"embeddable":true,"href":"https:\/\/ucnoqta.az\/index.php?rest_route=\/wp\/v2\/media\/251278"}],"wp:attachment":[{"href":"https:\/\/ucnoqta.az\/index.php?rest_route=%2Fwp%2Fv2%2Fmedia&parent=50666"}],"wp:term":[{"taxonomy":"category","embeddable":true,"href":"https:\/\/ucnoqta.az\/index.php?rest_route=%2Fwp%2Fv2%2Fcategories&post=50666"},{"taxonomy":"post_tag","embeddable":true,"href":"https:\/\/ucnoqta.az\/index.php?rest_route=%2Fwp%2Fv2%2Ftags&post=50666"}],"curies":[{"name":"wp","href":"https:\/\/api.w.org\/{rel}","templated":true}]}}