{"id":50664,"date":"2017-09-27T12:27:00","date_gmt":"2017-09-27T08:27:00","guid":{"rendered":""},"modified":"-0001-11-30T00:00:00","modified_gmt":"-0001-11-29T20:00:00","slug":"","status":"publish","type":"post","link":"https:\/\/ucnoqta.az\/?p=50664","title":{"rendered":"Nazir: &#8220;A\u015f\u0131q musiqisi ist\u0259diyimiz q\u0259d\u0259r inki\u015faf etdirilm\u0259yib&#8221;"},"content":{"rendered":"<p><span style=\"line-height: 1.6em;\">&quot;Biz hans\u0131sa nominasiyan\u0131 xaricd\u0259 beyn\u0259lxalq s\u0259viyy\u0259d\u0259 t\u0259qdim ediriks\u0259, bu, o dem\u0259kdir ki, h\u0259min sah\u0259 daxild\u0259 el\u0259 v\u0259ziyy\u0259td\u0259 olmal\u0131d\u0131r ki, xaricd\u0259n g\u0259l\u0259nl\u0259r &uuml;&ccedil;&uuml;n bu n&uuml;mun\u0259 olsun&quot;. Ucnoqta.az&nbsp;<\/span><span style=\"line-height: 1.6em;\">&quot;Report&quot;a istinad\u0259n&nbsp;x\u0259b\u0259r verir ki, bunu m\u0259d\u0259niyy\u0259t v\u0259 turizm naziri \u018fb&uuml;lf\u0259s Qarayev 27 sentyabr &quot;Turizm i\u015f&ccedil;il\u0259rinin pe\u015f\u0259 bayram\u0131&quot; m&uuml;nasib\u0259ti il\u0259 ke&ccedil;iril\u0259n t\u0259dbird\u0259 deyib.<\/span><br \/>\n<span style=\"line-height: 1.6em;\">O qeyd edib ki, a\u015f\u0131q musiqisi Az\u0259rbaycan\u0131n milli s\u0259rv\u0259tidir: &quot;Biz onu qorumal\u0131 oldu\u011fumuzu h\u0259r yerd\u0259 qeyd edirik. Xaricd\u0259n b\u0259\u015f\u0259riyy\u0259tin siyah\u0131s\u0131nda olan bu musiqiy\u0259 maraq g&ouml;st\u0259rm\u0259y\u0259 g\u0259l\u0259n turistl\u0259r g&ouml;r&uuml;rl\u0259r ki, bu sah\u0259 ist\u0259diyimiz q\u0259d\u0259r inki\u015faf etdirilm\u0259yib. V\u0259ziyy\u0259tl\u0259ri pisdir, oxuya bilmirl\u0259r. Dey\u0259 bil\u0259rl\u0259r ki, budurmu sizin s\u0259rv\u0259tiniz, hans\u0131 ki, d&uuml;nya b\u0259\u015f\u0259riyy\u0259tinin siyah\u0131s\u0131na daxil etmisiniz? Biz hans\u0131sa nominasiyan\u0131 xaricd\u0259 beyn\u0259lxalq s\u0259viyy\u0259d\u0259 t\u0259qdim ediriks\u0259, bu, o dem\u0259kdir ki, h\u0259min sah\u0259 daxild\u0259 el\u0259 v\u0259ziyy\u0259td\u0259 olmal\u0131d\u0131r ki, xaricd\u0259n g\u0259l\u0259nl\u0259r &uuml;&ccedil;&uuml;n bu n&uuml;mun\u0259 olsun. Onlar anlas\u0131nlar ki, bu sah\u0259 n\u0259 &uuml;&ccedil;&uuml;n siyah\u0131ya daxil olub&quot;.<\/span><\/p>\n","protected":false},"excerpt":{"rendered":"<p>&quot;Biz hans\u0131sa nominasiyan\u0131 xaricd\u0259 beyn\u0259lxalq s\u0259viyy\u0259d\u0259 t\u0259qdim ediriks\u0259, bu, o dem\u0259kdir ki, h\u0259min sah\u0259 daxild\u0259 el\u0259 v\u0259ziyy\u0259td\u0259 olmal\u0131d\u0131r ki, xaricd\u0259n g\u0259l\u0259nl\u0259r &uuml;&ccedil;&uuml;n bu n&uuml;mun\u0259 olsun&quot;. Ucnoqta.az&nbsp;&quot;Report&quot;a istinad\u0259n&nbsp;x\u0259b\u0259r verir ki, bunu&hellip;<\/p>\n","protected":false},"author":1,"featured_media":251278,"comment_status":"open","ping_status":"open","sticky":false,"template":"","format":"standard","meta":{"_lmt_disableupdate":"","_lmt_disable":"","footnotes":""},"categories":[102],"tags":[],"class_list":["post-50664","post","type-post","status-publish","format-standard","has-post-thumbnail","hentry","category-medeniyyet-butun-xeberler"],"_links":{"self":[{"href":"https:\/\/ucnoqta.az\/index.php?rest_route=\/wp\/v2\/posts\/50664","targetHints":{"allow":["GET"]}}],"collection":[{"href":"https:\/\/ucnoqta.az\/index.php?rest_route=\/wp\/v2\/posts"}],"about":[{"href":"https:\/\/ucnoqta.az\/index.php?rest_route=\/wp\/v2\/types\/post"}],"author":[{"embeddable":true,"href":"https:\/\/ucnoqta.az\/index.php?rest_route=\/wp\/v2\/users\/1"}],"replies":[{"embeddable":true,"href":"https:\/\/ucnoqta.az\/index.php?rest_route=%2Fwp%2Fv2%2Fcomments&post=50664"}],"version-history":[{"count":0,"href":"https:\/\/ucnoqta.az\/index.php?rest_route=\/wp\/v2\/posts\/50664\/revisions"}],"wp:featuredmedia":[{"embeddable":true,"href":"https:\/\/ucnoqta.az\/index.php?rest_route=\/wp\/v2\/media\/251278"}],"wp:attachment":[{"href":"https:\/\/ucnoqta.az\/index.php?rest_route=%2Fwp%2Fv2%2Fmedia&parent=50664"}],"wp:term":[{"taxonomy":"category","embeddable":true,"href":"https:\/\/ucnoqta.az\/index.php?rest_route=%2Fwp%2Fv2%2Fcategories&post=50664"},{"taxonomy":"post_tag","embeddable":true,"href":"https:\/\/ucnoqta.az\/index.php?rest_route=%2Fwp%2Fv2%2Ftags&post=50664"}],"curies":[{"name":"wp","href":"https:\/\/api.w.org\/{rel}","templated":true}]}}