{"id":50663,"date":"2017-09-27T12:22:25","date_gmt":"2017-09-27T08:22:25","guid":{"rendered":""},"modified":"-0001-11-30T00:00:00","modified_gmt":"-0001-11-29T20:00:00","slug":"","status":"publish","type":"post","link":"https:\/\/ucnoqta.az\/?p=50663","title":{"rendered":"<font color=red><b>\u00ae<\/b><\/font> Azercell-d\u0259n daha bir yenilik"},"content":{"rendered":"<p><strong>Yeni konsepsiyal\u0131 &ldquo;Azercell Eksl&uuml;ziv&rdquo; ma\u011fazas\u0131 abun\u0259&ccedil;il\u0259rin istifad\u0259sin\u0259 verildi<\/strong><\/p>\n<p>&nbsp; &nbsp;Azercell \u015firk\u0259ti x&uuml;susi rahatl\u0131\u011f\u0131 v\u0259 innovativ t\u0259rzi il\u0259 se&ccedil;il\u0259n n&ouml;vb\u0259ti ma\u011fazas\u0131n\u0131 istifad\u0259y\u0259 verib. M&uuml;\u015ft\u0259ri xidm\u0259ti sah\u0259sind\u0259 h\u0259r zaman yenilikl\u0259ri il\u0259 f\u0259rql\u0259n\u0259n, m&uuml;\u015ft\u0259ri m\u0259mnuniyy\u0259tin\u0259 b&ouml;y&uuml;k &ouml;n\u0259m ver\u0259n \u015firk\u0259t sentyabr\u0131n 26-da B&uuml;l-b&uuml;l prospektind\u0259 (Sahil metrosunun yan\u0131) yeni konsepsiyal\u0131 Sahil Franchise ofisini abun\u0259&ccedil;il\u0259rin ixtiyar\u0131na verib. 110 m2 \u0259razid\u0259 yerl\u0259\u015f\u0259n v\u0259 \u0259n m&uuml;asir avadanl\u0131qla t\u0259hciz olunan &nbsp;ofis yeni Nordic konsepsiyas\u0131na uy\u011fun olaraq qurulub.&nbsp;<br \/>\n&nbsp; &nbsp;A&ccedil;\u0131l\u0131\u015f m\u0259rasimind\u0259 &ccedil;\u0131x\u0131\u015f ed\u0259n \u015firk\u0259tin prezidenti Vahid M&uuml;rs\u0259liyev bu ma\u011fazan\u0131n Azercell-in uzun ill\u0259r etibarl\u0131 partnyoru olmu\u015f &nbsp;NLT \u015firk\u0259ti il\u0259 qar\u015f\u0131l\u0131ql\u0131 etibar v\u0259 pe\u015f\u0259karl\u0131q \u0259sas\u0131nda qurulmu\u015f sa\u011flam biznesinin n&uuml;mun\u0259si oldu\u011funu vur\u011fulay\u0131b. Onun s&ouml;zl\u0259rin\u0259 g&ouml;r\u0259, m\u0259rk\u0259z Azercellin &ouml;z&uuml;n&uuml; do\u011frultmu\u015f konsepsiyas\u0131 \u0259sas\u0131nda t\u0259rtib olunaraq NLT \u015firk\u0259ti t\u0259r\u0259find\u0259n u\u011furla idar\u0259 olunacaq v\u0259 h\u0259r zaman abun\u0259&ccedil;il\u0259r\u0259 y&uuml;ks\u0259k s\u0259viyy\u0259d\u0259 xidm\u0259t g&ouml;st\u0259r\u0259c\u0259k. H\u0259m&ccedil;inin, abun\u0259&ccedil;il\u0259rinin operativ v\u0259 keyfiyy\u0259tli xidm\u0259td\u0259n istifad\u0259sini t\u0259min etm\u0259k &uuml;&ccedil;&uuml;n Azercell-in b&uuml;t&uuml;n &ouml;lk\u0259 boyu yeni konsepsiyal\u0131 Eksl&uuml;ziv ofisl\u0259rinin say\u0131n\u0131 art\u0131rmaqda davam ed\u0259c\u0259yini qeyd edib.&nbsp;<br \/>\n&nbsp; &nbsp; Ma\u011fazan\u0131n x&uuml;susi &ouml;z\u0259lliyi ofisd\u0259 aciq sah\u0259l\u0259rin m&ouml;vcudlu\u011fu, servisl\u0259rin v\u0259 se&ccedil;im imkanlar\u0131n\u0131n rahatl\u0131\u011f\u0131d\u0131r. Burada abun\u0259&ccedil;il\u0259r ist\u0259diyi m\u0259hsulu t\u0259dqiq v\u0259 m&uuml;qayis\u0259 ed\u0259, s\u0131naqdan ke&ccedil;ir\u0259 bil\u0259r. D&uuml;zg&uuml;n se&ccedil;im etm\u0259kd\u0259, xidm\u0259tl\u0259ri qo\u015fmaqda v\u0259 dig\u0259r m\u0259sl\u0259l\u0259rd\u0259 is\u0259 m&uuml;\u015ft\u0259ril\u0259rimiz\u0259 pe\u015f\u0259kar sat\u0131c\u0131lar d\u0259st\u0259k olacaqlar. Bu ofisd\u0259 d\u0259 dig\u0259r M&uuml;\u015ft\u0259ri Xidm\u0259tl\u0259rind\u0259 t\u0259qdim olunan butun \u0259m\u0259liyyatlar, izahli qaim\u0259 ve addan ada \u0259m\u0259liyyatlar\u0131 istisna olmaqla icra olunur. Abun\u0259&ccedil;il\u0259rimiz mobil texnologiyalar\u0131 d\u0259st\u0259kl\u0259y\u0259n m&uuml;xt\u0259lif aksessuralar, cihazlar \u0259ld\u0259 ed\u0259, eyni zamanda mobil telefonlar\u0131 kredit v\u0259 na\u011fd \u015f\u0259kild\u0259 ala bil\u0259rl\u0259r.&nbsp;<br \/>\nQeyd ed\u0259k ki, ofisin a&ccedil;\u0131l\u0131\u015f\u0131 m&uuml;nasib\u0259ti il\u0259 \u015firk\u0259t Azercell-in x&uuml;susi loyall\u0131\u011f\u0131 il\u0259 se&ccedil;il\u0259n m&uuml;\u015ft\u0259ril\u0259rin\u0259 b&uuml;t&uuml;n telefonlara 50% endirim d\u0259 t\u0259qdim edib.&nbsp;<\/p>\n<p><em>&nbsp;Daha \u0259trafl\u0131 m\u0259lumat &uuml;&ccedil;&uuml;n news@mcs.az &uuml;nvan\u0131na m&uuml;raci\u0259t ed\u0259 bil\u0259rsiniz&nbsp;<\/em>&nbsp; &nbsp;<\/p>\n","protected":false},"excerpt":{"rendered":"<p>Yeni konsepsiyal\u0131 &ldquo;Azercell Eksl&uuml;ziv&rdquo; ma\u011fazas\u0131 abun\u0259&ccedil;il\u0259rin istifad\u0259sin\u0259 verildi &nbsp; &nbsp;Azercell \u015firk\u0259ti x&uuml;susi rahatl\u0131\u011f\u0131 v\u0259 innovativ t\u0259rzi il\u0259 se&ccedil;il\u0259n n&ouml;vb\u0259ti ma\u011fazas\u0131n\u0131 istifad\u0259y\u0259 verib. M&uuml;\u015ft\u0259ri xidm\u0259ti sah\u0259sind\u0259 h\u0259r zaman yenilikl\u0259ri il\u0259 f\u0259rql\u0259n\u0259n,&hellip;<\/p>\n","protected":false},"author":1,"featured_media":251278,"comment_status":"open","ping_status":"open","sticky":false,"template":"","format":"standard","meta":{"_lmt_disableupdate":"","_lmt_disable":"","footnotes":""},"categories":[],"tags":[],"class_list":["post-50663","post","type-post","status-publish","format-standard","has-post-thumbnail","hentry"],"_links":{"self":[{"href":"https:\/\/ucnoqta.az\/index.php?rest_route=\/wp\/v2\/posts\/50663","targetHints":{"allow":["GET"]}}],"collection":[{"href":"https:\/\/ucnoqta.az\/index.php?rest_route=\/wp\/v2\/posts"}],"about":[{"href":"https:\/\/ucnoqta.az\/index.php?rest_route=\/wp\/v2\/types\/post"}],"author":[{"embeddable":true,"href":"https:\/\/ucnoqta.az\/index.php?rest_route=\/wp\/v2\/users\/1"}],"replies":[{"embeddable":true,"href":"https:\/\/ucnoqta.az\/index.php?rest_route=%2Fwp%2Fv2%2Fcomments&post=50663"}],"version-history":[{"count":0,"href":"https:\/\/ucnoqta.az\/index.php?rest_route=\/wp\/v2\/posts\/50663\/revisions"}],"wp:featuredmedia":[{"embeddable":true,"href":"https:\/\/ucnoqta.az\/index.php?rest_route=\/wp\/v2\/media\/251278"}],"wp:attachment":[{"href":"https:\/\/ucnoqta.az\/index.php?rest_route=%2Fwp%2Fv2%2Fmedia&parent=50663"}],"wp:term":[{"taxonomy":"category","embeddable":true,"href":"https:\/\/ucnoqta.az\/index.php?rest_route=%2Fwp%2Fv2%2Fcategories&post=50663"},{"taxonomy":"post_tag","embeddable":true,"href":"https:\/\/ucnoqta.az\/index.php?rest_route=%2Fwp%2Fv2%2Ftags&post=50663"}],"curies":[{"name":"wp","href":"https:\/\/api.w.org\/{rel}","templated":true}]}}