{"id":50660,"date":"2017-09-27T11:56:52","date_gmt":"2017-09-27T07:56:52","guid":{"rendered":""},"modified":"-0001-11-30T00:00:00","modified_gmt":"-0001-11-29T20:00:00","slug":"","status":"publish","type":"post","link":"https:\/\/ucnoqta.az\/?p=50660","title":{"rendered":"Qurban Qurbanov: <font color=red><b>\u201c\u00d6lk\u0259mizin prezidenti i\u015f\u011fal olunmu\u015f torpaqlar\u0131 geri qaytarmaq \u00fc\u00e7\u00fcn \u00e7ox s\u0259y g\u00f6st\u0259rir\u201d <\/b><\/font>"},"content":{"rendered":"<p>&ldquo;Qaraba\u011f&rdquo;\u0131n ba\u015f m\u0259\u015fq&ccedil;isi Qurban Qurbanov \u0130taliya m\u0259tbuat\u0131na ekskl&uuml;ziv m&uuml;sahib\u0259 verib. Ucnoqta.az &quot;Qafqazinfo&quot;ya istinad\u0259n h\u0259min m&uuml;sahib\u0259ni t\u0259qdim edir:<\/p>\n<p>\n<strong>&#8211; S&uuml;rg&uuml;nd\u0259 olan klub &uuml;&ccedil;&uuml;n Avropada u\u011furlar n\u0259 dem\u0259kdir?<\/strong><br \/>\n<span style=\"line-height: 1.6em;\">&#8211; Bir az\u0259rbaycanl\u0131 kimi m\u0259nim &uuml;&ccedil;&uuml;n bu bar\u0259d\u0259 dan\u0131\u015fmaq &ccedil;\u0259tindir. Bildiyiniz kimi bizd\u0259 bir milyondan &ccedil;ox qa&ccedil;q\u0131n var v\u0259 \u0259razimizin b\u0259zi hiss\u0259l\u0259ri d&uuml;\u015fm\u0259nl\u0259r t\u0259r\u0259find\u0259n i\u015f\u011fal edilib. Amma m\u0259n bu yaral\u0131 b&ouml;lg\u0259nin klubunda f\u0259xrl\u0259, m\u0259suliyy\u0259tl\u0259 i\u015fl\u0259yir\u0259m. He&ccedil; zaman &ouml;z m\u0259suliyy\u0259timi unutmaram. H\u0259mi\u015f\u0259 &ouml;z v\u0259t\u0259nini, evl\u0259rini t\u0259rk ed\u0259n insanlar\u0131 d&uuml;\u015f&uuml;n&uuml;r\u0259m.&nbsp;<\/span><\/p>\n<p>\n<strong>&#8211; He&ccedil; A\u011fdamda oldunuzmu?&nbsp;<\/strong><br \/>\n<span style=\"line-height: 1.6em;\">&#8211; \u018flb\u0259tt\u0259. Orada oldum. Amma m&uuml;sahib\u0259d\u0259 bu bar\u0259d\u0259 duy\u011fular\u0131m\u0131 ifad\u0259 ed\u0259 bilm\u0259r\u0259m. Ora &ccedil;ox g&ouml;z\u0259l \u015f\u0259h\u0259r idi. Bunu ancaq &ouml;z g&ouml;zl\u0259rinizl\u0259 g&ouml;rm\u0259lisiniz. M\u0259ni incid\u0259n odur ki, bu yerl\u0259ri ziyar\u0259t ed\u0259 bilmirik.&nbsp;<\/span><\/p>\n<p>\n<strong>&#8211; Niy\u0259 Quzanl\u0131da oynam\u0131rs\u0131z?<\/strong><br \/>\n<span style=\"line-height: 1.6em;\">&#8211; Biz &ouml;t\u0259n m&ouml;vs&uuml;ml\u0259rd\u0259 orada oynad\u0131q. \u018fg\u0259r bu m\u0259niml\u0259 ba\u011fl\u0131 olsayd\u0131, daha &ccedil;ox Quzanl\u0131da olard\u0131m. Amma t\u0259\u0259ss&uuml;f ki, futbol \u015f\u0259raiti xo\u015f deyil. Bu s\u0259b\u0259bd\u0259n Bak\u0131da oynamaq m\u0259cburiyy\u0259tind\u0259yik.&nbsp;<\/span><\/p>\n<p>\n<strong>&#8211; Azarke\u015fl\u0259r &uuml;&ccedil;&uuml;n yax\u015f\u0131 olmazd\u0131m\u0131?<\/strong><br \/>\n<span style=\"line-height: 1.6em;\">&#8211; Bunu bilirik. Amma v\u0259ziyy\u0259t \u0259lveri\u015fli deyil. \u0130nsanlar bu komandan\u0131 sevirl\u0259r, onunla ya\u015fay\u0131rlar.<\/span><\/p>\n<p>\n<strong>&#8211; Bir g&uuml;n t\u0259krar A\u011fdama qay\u0131dacaqs\u0131n\u0131z dey\u0259 d&uuml;\u015f&uuml;n&uuml;rs&uuml;n&uuml;z?<\/strong><br \/>\n<span style=\"line-height: 1.6em;\">&#8211; &Uuml;midl\u0259 ya\u015famaq h\u0259mi\u015f\u0259 vacibdir. Allaha h\u0259mi\u015f\u0259 dua edir\u0259m ki, Qaraba\u011f geri qay\u0131ts\u0131n.&nbsp;<\/span><\/p>\n<p>\n<strong>&#8211; &Ccedil;empionlar Liqas\u0131n\u0131n qrup m\u0259rh\u0259l\u0259si sizin &uuml;&ccedil;&uuml;n n\u0259 dem\u0259kdir?<\/strong><br \/>\n<span style=\"line-height: 1.6em;\">&#8211; Avropan\u0131n \u0259n n&uuml;fuzlu klub turniridir. \u018fn yax\u015f\u0131 klublar, \u0259n yax\u015f\u0131 oyun&ccedil;ular, \u0259n yax\u015f\u0131 m\u0259\u015fq&ccedil;il\u0259r burada yer al\u0131r. Biz bildiyiniz kimi ki&ccedil;ik bir futbol &ouml;lk\u0259siyik. Bu yar\u0131\u015fda &ouml;lk\u0259mizi v\u0259 i\u015f\u011fal olunmu\u015f \u015f\u0259h\u0259rl\u0259ri t\u0259msil etm\u0259k q&uuml;rurdur.&nbsp;<\/span><\/p>\n<p>\n<strong>&#8211; &quot;&Ccedil;elsi&quot;y\u0259 0:6 hesabl\u0131 m\u0259\u011flubiyy\u0259ti nec\u0259 \u015f\u0259rh ed\u0259rdiniz?<\/strong><br \/>\n<span style=\"line-height: 1.6em;\">&#8211; &quot;Qaraba\u011f&quot;la &quot;&Ccedil;elsi&quot; aras\u0131nda b&ouml;y&uuml;k f\u0259rq var. Amma yekun hesab f\u0259rqli ola bil\u0259rdi. Bu turnird\u0259 ilk oyunumuz idi v\u0259 t\u0259cr&uuml;b\u0259miz &uuml;&ccedil;&uuml;n y&uuml;ks\u0259k qiym\u0259t verdik. &quot;Atletiko&quot; da &quot;&Ccedil;elsi&quot; kimi b&ouml;y&uuml;k komandad\u0131r. Yax\u015f\u0131 m\u0259\u015fq&ccedil;il\u0259r, oyun&ccedil;ular v\u0259 yax\u015f\u0131 oyun t\u0259rzi var. \u018fslind\u0259 biz &ccedil;ox g&uuml;cl&uuml; r\u0259qibl\u0259 qar\u015f\u0131la\u015faca\u011f\u0131q. &quot;Roma&quot; haqq\u0131nda is\u0259 he&ccedil; n\u0259 demir\u0259m. B&uuml;t&uuml;n hey\u0259td\u0259ki oyun&ccedil;ular g&uuml;cl&uuml;d&uuml;r.&nbsp;<\/span><\/p>\n<p>\n<strong>&#8211; Fran&ccedil;esko Tottisiz &quot;Roma&quot;n\u0131n ilk m&ouml;vs&uuml;m&uuml;n&uuml; nec\u0259 analiz ed\u0259rdiniz?<\/strong><br \/>\n<span style=\"line-height: 1.6em;\">&#8211; Totti \u0259n yax\u015f\u0131lardan biri idi. Veteran olmas\u0131na baxmayaraq &quot;Roma&quot;n\u0131 onsuz t\u0259s\u0259vv&uuml;r etm\u0259k &ccedil;\u0259tindir.&nbsp;<\/span><\/p>\n<p>\n<strong>&#8211; &quot;Qaraba\u011f&quot;\u0131n azad edilm\u0259si &uuml;&ccedil;&uuml;n hans\u0131 i\u015fl\u0259r g&ouml;r&uuml;l&uuml;r?<\/strong><br \/>\n<span style=\"line-height: 1.6em;\">&#8211; M\u0259n siyas\u0259td\u0259n uzaq bir insanam. Bir \u015feyi bilir\u0259m ki, &ouml;lk\u0259mizin prezidenti \u0130lham \u018fliyev i\u015f\u011fal olunmu\u015f torpaqlar\u0131 geri qaytarmaq &uuml;&ccedil;&uuml;n &ccedil;ox s\u0259y g&ouml;st\u0259rir. B\u0259zi &ouml;lk\u0259l\u0259r d\u0259 bundan narahatd\u0131r. Az\u0259rbaycan v\u0259t\u0259nda\u015flar\u0131 olaraq biz d\u0259 &Ccedil;L-d\u0259 &ouml;lk\u0259mizi t\u0259msil etm\u0259k &uuml;&ccedil;&uuml;n h\u0259r \u015feyi ed\u0259c\u0259yik. Bu \u0259razil\u0259r Az\u0259rbaycana aiddir. Bir d\u0259 g&ouml;r&uuml;r\u0259m ki, i\u015f\u011fal olunmu\u015f \u0259razil\u0259rimiz haqq\u0131nda sizin d\u0259 kifay\u0259t q\u0259d\u0259r m\u0259lumat\u0131n\u0131z var. Bunun &uuml;&ccedil;&uuml;n siz\u0259 t\u0259\u015f\u0259kk&uuml;r edir\u0259m. &Uuml;mumiyy\u0259tl\u0259, m\u0259n d&uuml;nyada s&uuml;lh&uuml;n olmas\u0131n\u0131n t\u0259r\u0259fdar\u0131yam.<\/span><\/p>\n","protected":false},"excerpt":{"rendered":"<p>&ldquo;Qaraba\u011f&rdquo;\u0131n ba\u015f m\u0259\u015fq&ccedil;isi Qurban Qurbanov \u0130taliya m\u0259tbuat\u0131na ekskl&uuml;ziv m&uuml;sahib\u0259 verib. Ucnoqta.az &quot;Qafqazinfo&quot;ya istinad\u0259n h\u0259min m&uuml;sahib\u0259ni t\u0259qdim edir: &#8211; S&uuml;rg&uuml;nd\u0259 olan klub &uuml;&ccedil;&uuml;n Avropada u\u011furlar n\u0259 dem\u0259kdir? &#8211; Bir az\u0259rbaycanl\u0131 kimi&hellip;<\/p>\n","protected":false},"author":1,"featured_media":251278,"comment_status":"open","ping_status":"open","sticky":false,"template":"","format":"standard","meta":{"_lmt_disableupdate":"","_lmt_disable":"","footnotes":""},"categories":[90],"tags":[],"class_list":["post-50660","post","type-post","status-publish","format-standard","has-post-thumbnail","hentry","category-idman-butun-xeberler"],"_links":{"self":[{"href":"https:\/\/ucnoqta.az\/index.php?rest_route=\/wp\/v2\/posts\/50660","targetHints":{"allow":["GET"]}}],"collection":[{"href":"https:\/\/ucnoqta.az\/index.php?rest_route=\/wp\/v2\/posts"}],"about":[{"href":"https:\/\/ucnoqta.az\/index.php?rest_route=\/wp\/v2\/types\/post"}],"author":[{"embeddable":true,"href":"https:\/\/ucnoqta.az\/index.php?rest_route=\/wp\/v2\/users\/1"}],"replies":[{"embeddable":true,"href":"https:\/\/ucnoqta.az\/index.php?rest_route=%2Fwp%2Fv2%2Fcomments&post=50660"}],"version-history":[{"count":0,"href":"https:\/\/ucnoqta.az\/index.php?rest_route=\/wp\/v2\/posts\/50660\/revisions"}],"wp:featuredmedia":[{"embeddable":true,"href":"https:\/\/ucnoqta.az\/index.php?rest_route=\/wp\/v2\/media\/251278"}],"wp:attachment":[{"href":"https:\/\/ucnoqta.az\/index.php?rest_route=%2Fwp%2Fv2%2Fmedia&parent=50660"}],"wp:term":[{"taxonomy":"category","embeddable":true,"href":"https:\/\/ucnoqta.az\/index.php?rest_route=%2Fwp%2Fv2%2Fcategories&post=50660"},{"taxonomy":"post_tag","embeddable":true,"href":"https:\/\/ucnoqta.az\/index.php?rest_route=%2Fwp%2Fv2%2Ftags&post=50660"}],"curies":[{"name":"wp","href":"https:\/\/api.w.org\/{rel}","templated":true}]}}