{"id":50656,"date":"2017-09-27T11:22:50","date_gmt":"2017-09-27T07:22:50","guid":{"rendered":""},"modified":"-0001-11-30T00:00:00","modified_gmt":"-0001-11-29T20:00:00","slug":"","status":"publish","type":"post","link":"https:\/\/ucnoqta.az\/?p=50656","title":{"rendered":"Nazir: Az\u0259rbaycana g\u0259l\u0259n \u0259cn\u0259bil\u0259rin say\u0131 23,1 faiz art\u0131b"},"content":{"rendered":"<p><span style=\"line-height: 1.6em;\">Bu ilin 8 ay\u0131 \u0259rzind\u0259 Az\u0259rbaycana g\u0259l\u0259n \u0259cn\u0259bil\u0259rin say\u0131 &ouml;t\u0259n ilin 8 ay\u0131na nisb\u0259t\u0259n 23,1 faiz art\u0131b.&nbsp;<\/span><span style=\"line-height: 1.6em;\">Bu bar\u0259d\u0259 m\u0259d\u0259niyy\u0259t v\u0259 turizm naziri \u018fb&uuml;lf\u0259s Qarayev 27 sentyabr &#8211; &Uuml;mumd&uuml;nya Turizm G&uuml;n&uuml; il\u0259 \u0259laq\u0259dar bu g&uuml;n ke&ccedil;irdiyi brifinqd\u0259 m\u0259lumat verib.<\/span><br \/>\n<span style=\"line-height: 1.6em;\">Onun s&ouml;zl\u0259rin\u0259 g&ouml;r\u0259, 2016-c\u0131 ild\u0259 &ouml;lk\u0259y\u0259 g\u0259l\u0259nl\u0259rin say\u0131ndak\u0131 art\u0131m 2015-ci il\u0259 nisb\u0259t\u0259n 11,7 faiz t\u0259\u015fkil edib.<\/span><br \/>\n<span style=\"line-height: 1.6em;\">\u018f.Qarayev deyib ki, bu il yanvar-avqust aylar\u0131nda &ouml;lk\u0259y\u0259 1 milyon 818 min adam g\u0259lib: &quot;M&ouml;vs&uuml;ml\u0259 \u0259laq\u0259dar &ouml;lk\u0259y\u0259 g\u0259l\u0259nl\u0259rin say\u0131 azala bil\u0259r. Ona g&ouml;r\u0259 d\u0259 m&ouml;vs&uuml;ml&uuml;l&uuml;k aradan qald\u0131r\u0131lmal\u0131d\u0131r&quot;.<\/span><br \/>\n<span style=\"line-height: 1.6em;\">Nazir deyib ki, bu il yaln\u0131z iyul-avqust aylar\u0131nda hotell\u0259rd\u0259 860 mind\u0259n &ccedil;ox adam yerl\u0259\u015fdirilib.trend<\/span><\/p>\n","protected":false},"excerpt":{"rendered":"<p>Bu ilin 8 ay\u0131 \u0259rzind\u0259 Az\u0259rbaycana g\u0259l\u0259n \u0259cn\u0259bil\u0259rin say\u0131 &ouml;t\u0259n ilin 8 ay\u0131na nisb\u0259t\u0259n 23,1 faiz art\u0131b.&nbsp;Bu bar\u0259d\u0259 m\u0259d\u0259niyy\u0259t v\u0259 turizm naziri \u018fb&uuml;lf\u0259s Qarayev 27 sentyabr &#8211; &Uuml;mumd&uuml;nya Turizm G&uuml;n&uuml;&hellip;<\/p>\n","protected":false},"author":1,"featured_media":251278,"comment_status":"open","ping_status":"open","sticky":false,"template":"","format":"standard","meta":{"_lmt_disableupdate":"","_lmt_disable":"","footnotes":""},"categories":[102],"tags":[],"class_list":["post-50656","post","type-post","status-publish","format-standard","has-post-thumbnail","hentry","category-medeniyyet-butun-xeberler"],"_links":{"self":[{"href":"https:\/\/ucnoqta.az\/index.php?rest_route=\/wp\/v2\/posts\/50656","targetHints":{"allow":["GET"]}}],"collection":[{"href":"https:\/\/ucnoqta.az\/index.php?rest_route=\/wp\/v2\/posts"}],"about":[{"href":"https:\/\/ucnoqta.az\/index.php?rest_route=\/wp\/v2\/types\/post"}],"author":[{"embeddable":true,"href":"https:\/\/ucnoqta.az\/index.php?rest_route=\/wp\/v2\/users\/1"}],"replies":[{"embeddable":true,"href":"https:\/\/ucnoqta.az\/index.php?rest_route=%2Fwp%2Fv2%2Fcomments&post=50656"}],"version-history":[{"count":0,"href":"https:\/\/ucnoqta.az\/index.php?rest_route=\/wp\/v2\/posts\/50656\/revisions"}],"wp:featuredmedia":[{"embeddable":true,"href":"https:\/\/ucnoqta.az\/index.php?rest_route=\/wp\/v2\/media\/251278"}],"wp:attachment":[{"href":"https:\/\/ucnoqta.az\/index.php?rest_route=%2Fwp%2Fv2%2Fmedia&parent=50656"}],"wp:term":[{"taxonomy":"category","embeddable":true,"href":"https:\/\/ucnoqta.az\/index.php?rest_route=%2Fwp%2Fv2%2Fcategories&post=50656"},{"taxonomy":"post_tag","embeddable":true,"href":"https:\/\/ucnoqta.az\/index.php?rest_route=%2Fwp%2Fv2%2Ftags&post=50656"}],"curies":[{"name":"wp","href":"https:\/\/api.w.org\/{rel}","templated":true}]}}