{"id":50652,"date":"2017-09-27T10:30:20","date_gmt":"2017-09-27T06:30:20","guid":{"rendered":""},"modified":"-0001-11-30T00:00:00","modified_gmt":"-0001-11-29T20:00:00","slug":"","status":"publish","type":"post","link":"https:\/\/ucnoqta.az\/?p=50652","title":{"rendered":"G\u0259nc\u0259d\u0259 \u0259r arvad\u0131n\u0131 k\u00fc\u00e7\u0259d\u0259 b\u0131\u00e7aqlay\u0131b"},"content":{"rendered":"<p><span style=\"line-height: 1.6em;\">G\u0259nc\u0259d\u0259 \u0259r arvad\u0131n\u0131 b\u0131&ccedil;aqlayaraq &ouml;ld&uuml;rm\u0259y\u0259 c\u0259hd edib. Ucnoqta.az&nbsp;<\/span><span style=\"line-height: 1.6em;\">&quot;Report&quot;a istinad\u0259n x\u0259b\u0259r verir ki, hadis\u0259 \u015f\u0259h\u0259rin D\u0259d\u0259 Qorqud k&uuml;&ccedil;\u0259si il\u0259 M.Ba\u011f\u0131rov k&uuml;&ccedil;\u0259sinin k\u0259si\u015fm\u0259sind\u0259 ba\u015f verib.&nbsp;<\/span><br \/>\n<span style=\"line-height: 1.6em;\">Bel\u0259 ki, 1976-c\u0131 il t\u0259v\u0259ll&uuml;dl&uuml; Elyar Ayd\u0131n o\u011flu S&uuml;leymanov q\u0131sqancl\u0131q z\u0259minind\u0259 h\u0259yat yolda\u015f\u0131 olan, 1990-c\u0131 il t\u0259v\u0259ll&uuml;dl&uuml; Elnar\u0259 Da\u015fd\u0259mir q\u0131z\u0131 S&uuml;leymanovan\u0131 k&uuml;&ccedil;\u0259d\u0259 b\u0131&ccedil;aqlayaraq hadis\u0259 yerind\u0259n qa&ccedil;\u0131b. D&ouml;rd b\u0131&ccedil;aq yaras\u0131 alan qad\u0131n yax\u0131nl\u0131qdak\u0131lar\u0131n k&ouml;m\u0259yi il\u0259 x\u0259st\u0259xanaya &ccedil;atd\u0131r\u0131l\u0131b. H\u0259kiml\u0259r t\u0259r\u0259find\u0259n \u0259m\u0259liyyat olunan yaral\u0131n\u0131n v\u0259ziyy\u0259tinin orta-a\u011f\u0131r oldu\u011fu bildirilir.<\/span><\/p>\n<p>H&uuml;quq-m&uuml;hafiz\u0259 orqanlar\u0131 \u0259m\u0259kda\u015flar\u0131n\u0131n apard\u0131qlar\u0131 \u0259m\u0259liyyat-axtar\u0131\u015f t\u0259dbirl\u0259ri n\u0259tic\u0259sind\u0259 hadis\u0259 yerind\u0259n qa&ccedil;an E.S&uuml;leymanov saxlan\u0131laraq istintaqa c\u0259lb olunub v\u0259 onun bar\u0259sind\u0259 cinay\u0259t i\u015fi a&ccedil;\u0131l\u0131b, ara\u015fd\u0131rma apar\u0131l\u0131r.<\/p>\n","protected":false},"excerpt":{"rendered":"<p>G\u0259nc\u0259d\u0259 \u0259r arvad\u0131n\u0131 b\u0131&ccedil;aqlayaraq &ouml;ld&uuml;rm\u0259y\u0259 c\u0259hd edib. Ucnoqta.az&nbsp;&quot;Report&quot;a istinad\u0259n x\u0259b\u0259r verir ki, hadis\u0259 \u015f\u0259h\u0259rin D\u0259d\u0259 Qorqud k&uuml;&ccedil;\u0259si il\u0259 M.Ba\u011f\u0131rov k&uuml;&ccedil;\u0259sinin k\u0259si\u015fm\u0259sind\u0259 ba\u015f verib.&nbsp; Bel\u0259 ki, 1976-c\u0131 il t\u0259v\u0259ll&uuml;dl&uuml; Elyar Ayd\u0131n&hellip;<\/p>\n","protected":false},"author":1,"featured_media":251278,"comment_status":"open","ping_status":"open","sticky":false,"template":"","format":"standard","meta":{"_lmt_disableupdate":"","_lmt_disable":"","footnotes":""},"categories":[],"tags":[],"class_list":["post-50652","post","type-post","status-publish","format-standard","has-post-thumbnail","hentry"],"_links":{"self":[{"href":"https:\/\/ucnoqta.az\/index.php?rest_route=\/wp\/v2\/posts\/50652","targetHints":{"allow":["GET"]}}],"collection":[{"href":"https:\/\/ucnoqta.az\/index.php?rest_route=\/wp\/v2\/posts"}],"about":[{"href":"https:\/\/ucnoqta.az\/index.php?rest_route=\/wp\/v2\/types\/post"}],"author":[{"embeddable":true,"href":"https:\/\/ucnoqta.az\/index.php?rest_route=\/wp\/v2\/users\/1"}],"replies":[{"embeddable":true,"href":"https:\/\/ucnoqta.az\/index.php?rest_route=%2Fwp%2Fv2%2Fcomments&post=50652"}],"version-history":[{"count":0,"href":"https:\/\/ucnoqta.az\/index.php?rest_route=\/wp\/v2\/posts\/50652\/revisions"}],"wp:featuredmedia":[{"embeddable":true,"href":"https:\/\/ucnoqta.az\/index.php?rest_route=\/wp\/v2\/media\/251278"}],"wp:attachment":[{"href":"https:\/\/ucnoqta.az\/index.php?rest_route=%2Fwp%2Fv2%2Fmedia&parent=50652"}],"wp:term":[{"taxonomy":"category","embeddable":true,"href":"https:\/\/ucnoqta.az\/index.php?rest_route=%2Fwp%2Fv2%2Fcategories&post=50652"},{"taxonomy":"post_tag","embeddable":true,"href":"https:\/\/ucnoqta.az\/index.php?rest_route=%2Fwp%2Fv2%2Ftags&post=50652"}],"curies":[{"name":"wp","href":"https:\/\/api.w.org\/{rel}","templated":true}]}}