{"id":50645,"date":"2017-09-26T18:41:08","date_gmt":"2017-09-26T14:41:08","guid":{"rendered":""},"modified":"-0001-11-30T00:00:00","modified_gmt":"-0001-11-29T20:00:00","slug":"","status":"publish","type":"post","link":"https:\/\/ucnoqta.az\/?p=50645","title":{"rendered":"Qurban Qurbanov: <font color=red><b>&#8220;Bu g\u00f6r\u00fc\u015f\u0259 yax\u015f\u0131 haz\u0131rla\u015fm\u0131\u015f\u0131q&#8221;<\/b><\/font>"},"content":{"rendered":"<p>&#8220;Bu, Bak\u0131da ilk oyunumuzdur. Ham\u0131m\u0131z \u00fc\u00e7\u00fcn \u00f6n\u0259mli oldu\u011funu d\u00fc\u015f\u00fcnr\u0259m. Bel\u0259 bir g\u00f6r\u00fc\u015f\u00fcn Bak\u0131da ke\u00e7irilm\u0259si \u015f\u0259h\u0259rimiz, \u00f6lk\u0259miz, el\u0259c\u0259 d\u0259 futbolumuz \u00fc\u00e7\u00fcn \u00f6n\u0259mlidir. &#8220;Roma&#8221;n\u0131 b\u0259lk\u0259 d\u0259 kiml\u0259rs\u0259 silirdi. Lakin bu komandan\u0131n oyununu g\u00f6rd\u00fcm. \u00c7ox pe\u015f\u0259kar komandad\u0131r. \u00c7al\u0131\u015faca\u011f\u0131q ki, m\u00fcsb\u0259t n\u0259tic\u0259 \u0259ld\u0259 ed\u0259k&#8221;.\u00a0<br \/>\n\u00a0Bu s\u00f6zl\u0259ri &#8220;Qaraba\u011f&#8221;\u0131n ba\u015f m\u0259\u015fq\u00e7isi Qurban Qurbanov \u00c7empionlar Liqas\u0131n\u0131n qrup m\u0259rh\u0259l\u0259sinin ikinci turunda &#8220;Roma&#8221; il\u0259 oyundan \u00f6nc\u0259 t\u0259\u015fkil edil\u0259n m\u0259tbuat konfrans\u0131nda deyib. 45 ya\u015fl\u0131 m\u00fct\u0259x\u0259ssis daha sonra jurnalistl\u0259rin suallar\u0131n\u0131 da cavabland\u0131r\u0131b.<br \/>\n\u00a0<\/p>\n<p>&#8211; 65 min azarke\u015f \u00f6n\u00fcnd\u0259 oynamaq nec\u0259 hisdir?<\/p>\n<p>&#8211; T\u0259zyiq h\u0259mi\u015f\u0259 olur. Avropa t\u0259cr\u00fcb\u0259miz olsa da, bunlar tam f\u0259rqli turnirl\u0259rdir. Stadion m\u0259s\u0259l\u0259si \u00e7ox m\u00fczakir\u0259 olundu. Buna bir daha toxunma\u011fa g\u0259r\u0259k yoxdur. N\u0259 q\u0259d\u0259r \u00e7ox azarke\u015f \u00f6n\u00fcnd\u0259 \u00e7\u0131x\u0131\u015f ets\u0259k, futbol\u00e7ular bir o q\u0259d\u0259r inaml\u0131 oynayarlar. B\u0259zi m\u0259\u011flubiyy\u0259tl\u0259r b\u00f6y\u00fcm\u0259k \u00fc\u00e7\u00fcn biz\u0259 laz\u0131md\u0131r. Bundan n\u0259tic\u0259 \u00e7\u0131xarmal\u0131y\u0131q. \u0130lk oyunda 0:6 hesab\u0131 il\u0259 uduzsaq da, bu g\u00f6r\u00fc\u015f\u0259 yax\u015f\u0131 haz\u0131rla\u015fm\u0131\u015f\u0131q. Daha yax\u015f\u0131 \u00e7\u0131x\u0131\u015f etm\u0259y\u0259 \u00e7al\u0131\u015faca\u011f\u0131q.<\/p>\n<p>&#8211; Mi\u00e7el Madeyran\u0131n c\u0259rim\u0259 olunmas\u0131 x\u0259b\u0259ri do\u011frudur?<\/p>\n<p>&#8211; O, d\u00fcn\u0259n c\u0259zalan\u0131b. Bel\u0259 \u015feyl\u0259r ba\u011f\u0131\u015flan\u0131lm\u0131r. Lakin idmanda bel\u0259 \u015feyl\u0259r olur. H\u0259tta \u00f6z\u00fcmd\u0259 d\u0259 olur.\u00a0<br \/>\nBunu normal qar\u015f\u0131lay\u0131ram. Klubda yaratd\u0131\u011f\u0131m\u0131z nizam-intizamdan uzaqla\u015fmamal\u0131y\u0131q. Mi\u00e7el pe\u015f\u0259kar futbol\u00e7ular\u0131m\u0131zdan biridir. Sabah da meydanda olma ehtimal\u0131 \u00e7oxdur.<br \/>\n\u00a0<\/p>\n<p>&#8211; Ansi Aqolinin durumu nec\u0259dir?\u00a0<\/p>\n<p>&#8211; H\u0259r \u015fey pozitivdir. Son q\u0259rar\u0131 sabahl\u0131 m\u0259\u015fqd\u0259n sonra ver\u0259c\u0259yik. B\u0259zi m\u00f6vqel\u0259rl\u0259 ba\u011fl\u0131 fikirl\u0259rimiz var.<br \/>\n\u00a0<\/p>\n<p>&#8211; Hey\u0259td\u0259 n\u0259 kimi d\u0259yi\u015fiklikl\u0259r etm\u0259yi d\u00fc\u015f\u00fcn\u00fcrs\u00fcn\u00fcz?\u00a0<\/p>\n<p>&#8211; D\u0259yi\u015fiklikl\u0259r olacaq, amma ciddi yox. \u00c7\u00fcnki r\u0259qib f\u0259rqlidir. \u00dcst\u0259lik evd\u0259 oynay\u0131r\u0131q.<br \/>\n\u00a0<\/p>\n<p>&#8211; &#8220;Roma&#8221;n\u0131 canl\u0131 izl\u0259y\u0259nd\u0259 z\u0259if yerl\u0259rini he\u00e7 g\u00f6rm\u0259diniz?\u00a0<\/p>\n<p>&#8211; O vaxt\u0131 Pro kateqoriya oxuyark\u0259n, Dortmund &#8220;Borussiya&#8221;s\u0131n\u0131n d\u00fc\u015f\u0259rg\u0259sin\u0259 getmi\u015fdim. H\u0259min vaxt fikirl\u0259\u015firdim ki, Az\u0259rbaycan futbolu hardad\u0131r, &#8220;Borussiya&#8221; harda? Sonra &#8220;Barselona&#8221;ya getdim. Dedim ki, &#8220;Barsa&#8221; hardad\u0131r, &#8220;Borussiya&#8221; harda? &#8220;Roma&#8221;n\u0131 da canl\u0131 izl\u0259dim. Bir daha \u015fahidi oldum ki, bu r\u0259qib d\u0259 top- komandad\u0131r. Dem\u0259zdim ki, \u00e7oxlu\u00a0s\u0259hvini g\u00f6rd\u00fcm.<\/p>\n<p>&#8211; \u018fvv\u0259ll\u0259r d\u0259 \u0130taliya klublar\u0131na qar\u015f\u0131 oynam\u0131s\u0131n\u0131z. M\u00fcqayis\u0259 aparard\u0131n\u0131z&#8230;\u00a0<\/p>\n<p>&#8211; &#8220;Roma&#8221; &#8220;Fiorentina&#8221; v\u0259 &#8220;\u0130nter&#8221;d\u0259n f\u0259rqli oyun \u00fcslubuna malikdir. Oyunqaba\u011f\u0131 r\u0259qibi \u00e7ox da t\u0259rifl\u0259m\u0259k ist\u0259mir\u0259m. \u0130taliyada 2-ci yeri tutmalar\u0131 h\u0259r \u015feyi deyir.<br \/>\n\u00a0<\/p>\n<p>&#8211; Komandan\u0131z\u0131n \u00fcz\u0259rind\u0259 b\u00f6y\u00fck t\u0259zyiq olmayacaq. Bunu n\u0259z\u0259r\u0259 alaraq, Ramil \u015eeydayev, Mahir M\u0259d\u0259tov kimi g\u0259ncl\u0259r\u0259 \u015fans verm\u0259yi d\u00fc\u015f\u00fcn\u00fcrs\u00fcn\u00fcz?\u00a0<\/p>\n<p>&#8211; Bel\u0259 oyunlarda kimins\u0259 haqq\u0131n\u0131 \u0259lind\u0259n almaq d\u00fcz olmaz. Kim haz\u0131rd\u0131rsa, o da oynayacaq.qol.az<\/p>\n","protected":false},"excerpt":{"rendered":"<p>&#8220;Bu, Bak\u0131da ilk oyunumuzdur. Ham\u0131m\u0131z \u00fc\u00e7\u00fcn \u00f6n\u0259mli oldu\u011funu d\u00fc\u015f\u00fcnr\u0259m. Bel\u0259 bir g\u00f6r\u00fc\u015f\u00fcn Bak\u0131da ke\u00e7irilm\u0259si \u015f\u0259h\u0259rimiz, \u00f6lk\u0259miz, el\u0259c\u0259 d\u0259 futbolumuz \u00fc\u00e7\u00fcn \u00f6n\u0259mlidir. &#8220;Roma&#8221;n\u0131 b\u0259lk\u0259 d\u0259 kiml\u0259rs\u0259 silirdi. Lakin bu komandan\u0131n oyununu&hellip;<\/p>\n","protected":false},"author":1,"featured_media":251278,"comment_status":"open","ping_status":"open","sticky":false,"template":"","format":"standard","meta":{"_lmt_disableupdate":"","_lmt_disable":"","footnotes":""},"categories":[90],"tags":[],"class_list":["post-50645","post","type-post","status-publish","format-standard","has-post-thumbnail","hentry","category-idman-butun-xeberler"],"_links":{"self":[{"href":"https:\/\/ucnoqta.az\/index.php?rest_route=\/wp\/v2\/posts\/50645","targetHints":{"allow":["GET"]}}],"collection":[{"href":"https:\/\/ucnoqta.az\/index.php?rest_route=\/wp\/v2\/posts"}],"about":[{"href":"https:\/\/ucnoqta.az\/index.php?rest_route=\/wp\/v2\/types\/post"}],"author":[{"embeddable":true,"href":"https:\/\/ucnoqta.az\/index.php?rest_route=\/wp\/v2\/users\/1"}],"replies":[{"embeddable":true,"href":"https:\/\/ucnoqta.az\/index.php?rest_route=%2Fwp%2Fv2%2Fcomments&post=50645"}],"version-history":[{"count":0,"href":"https:\/\/ucnoqta.az\/index.php?rest_route=\/wp\/v2\/posts\/50645\/revisions"}],"wp:featuredmedia":[{"embeddable":true,"href":"https:\/\/ucnoqta.az\/index.php?rest_route=\/wp\/v2\/media\/251278"}],"wp:attachment":[{"href":"https:\/\/ucnoqta.az\/index.php?rest_route=%2Fwp%2Fv2%2Fmedia&parent=50645"}],"wp:term":[{"taxonomy":"category","embeddable":true,"href":"https:\/\/ucnoqta.az\/index.php?rest_route=%2Fwp%2Fv2%2Fcategories&post=50645"},{"taxonomy":"post_tag","embeddable":true,"href":"https:\/\/ucnoqta.az\/index.php?rest_route=%2Fwp%2Fv2%2Ftags&post=50645"}],"curies":[{"name":"wp","href":"https:\/\/api.w.org\/{rel}","templated":true}]}}