{"id":50640,"date":"2017-09-26T17:11:21","date_gmt":"2017-09-26T13:11:21","guid":{"rendered":""},"modified":"-0001-11-30T00:00:00","modified_gmt":"-0001-11-29T20:00:00","slug":"","status":"publish","type":"post","link":"https:\/\/ucnoqta.az\/?p=50640","title":{"rendered":"Az\u0259r X\u0259lilov: <font color=red><b>&#8220;TV-d\u0259 bu v\u0259ziyy\u0259tin yaranmas\u0131na s\u0259b\u0259b olan verili\u015fl\u0259r\u0259 ehtiyac qalmay\u0131b&#8221;<\/b><\/font>"},"content":{"rendered":"<p>ATV-y\u0259 bu g&uuml;n r\u0259hb\u0259r t\u0259yin olunan Az\u0259r X\u0259lilov i\u015fd\u0259n &ccedil;\u0131xar\u0131lanlarla ba\u011fl\u0131 yay\u0131lan x\u0259b\u0259rl\u0259r\u0259 ayd\u0131nl\u0131q g\u0259tirib. Ucnoqta.az x\u0259b\u0259r verir ki, o, &ldquo;Qafqazinfo&rdquo;ya a&ccedil;\u0131qlamas\u0131nda qeyd edib ki, h\u0259l\u0259lik kiml\u0259rins\u0259 i\u015fd\u0259n k&uuml;tl\u0259vi \u015f\u0259kild\u0259 &ccedil;\u0131xar\u0131lmas\u0131ndan s&ouml;hb\u0259t ged\u0259 bilm\u0259z:<br \/>\n<span style=\"line-height: 1.6em;\">&ldquo;Bu d\u0259qiq\u0259 bizim kiml\u0259ris\u0259 i\u015fd\u0259n uzaqla\u015fd\u0131rma\u011f\u0131m\u0131zdan dan\u0131\u015fmaq do\u011fru deyil. Getm\u0259k ist\u0259y\u0259nl\u0259rin is\u0259 qar\u015f\u0131s\u0131n\u0131 k\u0259sm\u0259k olmaz. Bu ana olan reall\u0131q ondan ibar\u0259tdir ki, i\u015fd\u0259n getm\u0259k &uuml;&ccedil;&uuml;n 3 n\u0259f\u0259r \u0259riz\u0259 yaz\u0131b v\u0259 q\u0259bul edilib. Onlar\u0131n aras\u0131nda V&uuml;qar Qarada\u011fl\u0131n\u0131n qayn\u0131 v\u0259 kanal\u0131n vitse-prezidenti v\u0259zif\u0259sini tutan Rauf Dada\u015fov da var&rdquo;.&nbsp;<\/span><br \/>\n<span style=\"line-height: 1.6em;\">A. X\u0259lilov bildirib ki, bir h\u0259qiq\u0259t d\u0259 var ki, TV-d\u0259 bu v\u0259ziyy\u0259tin yaranmas\u0131na s\u0259b\u0259b olan &ldquo;ATV-S\u0259h\u0259r&rdquo; v\u0259 &ldquo;Yoxlama&rdquo; verili\u015fl\u0259rin\u0259 art\u0131q ehtiyac qalmay\u0131b.<\/span><br \/>\n<span style=\"line-height: 1.6em;\">Yeni r\u0259hb\u0259r deyib ki, ilk i\u015fi ATV-nin yarad\u0131c\u0131 kollektivi il\u0259 g&ouml;r&uuml;\u015f&uuml;b situasiyan\u0131 t\u0259hlil etm\u0259k v\u0259 kanal\u0131n do\u011fru istiqam\u0259td\u0259 ir\u0259lil\u0259m\u0259sini t\u0259min etm\u0259kdir.<\/span><br \/>\n<span style=\"line-height: 1.6em;\">O, &ldquo;CBC&rdquo;d\u0259 f\u0259aliyy\u0259tini davam etdirib etdirm\u0259y\u0259c\u0259yi il\u0259 ba\u011fl\u0131 m\u0259s\u0259l\u0259nin h\u0259l\u0259lik konkretl\u0259\u015fm\u0259diyini d\u0259 vur\u011fulay\u0131b.<\/span><\/p>\n","protected":false},"excerpt":{"rendered":"<p>ATV-y\u0259 bu g&uuml;n r\u0259hb\u0259r t\u0259yin olunan Az\u0259r X\u0259lilov i\u015fd\u0259n &ccedil;\u0131xar\u0131lanlarla ba\u011fl\u0131 yay\u0131lan x\u0259b\u0259rl\u0259r\u0259 ayd\u0131nl\u0131q g\u0259tirib. Ucnoqta.az x\u0259b\u0259r verir ki, o, &ldquo;Qafqazinfo&rdquo;ya a&ccedil;\u0131qlamas\u0131nda qeyd edib ki, h\u0259l\u0259lik kiml\u0259rins\u0259 i\u015fd\u0259n k&uuml;tl\u0259vi \u015f\u0259kild\u0259&hellip;<\/p>\n","protected":false},"author":1,"featured_media":251278,"comment_status":"open","ping_status":"open","sticky":false,"template":"","format":"standard","meta":{"_lmt_disableupdate":"","_lmt_disable":"","footnotes":""},"categories":[],"tags":[],"class_list":["post-50640","post","type-post","status-publish","format-standard","has-post-thumbnail","hentry"],"_links":{"self":[{"href":"https:\/\/ucnoqta.az\/index.php?rest_route=\/wp\/v2\/posts\/50640","targetHints":{"allow":["GET"]}}],"collection":[{"href":"https:\/\/ucnoqta.az\/index.php?rest_route=\/wp\/v2\/posts"}],"about":[{"href":"https:\/\/ucnoqta.az\/index.php?rest_route=\/wp\/v2\/types\/post"}],"author":[{"embeddable":true,"href":"https:\/\/ucnoqta.az\/index.php?rest_route=\/wp\/v2\/users\/1"}],"replies":[{"embeddable":true,"href":"https:\/\/ucnoqta.az\/index.php?rest_route=%2Fwp%2Fv2%2Fcomments&post=50640"}],"version-history":[{"count":0,"href":"https:\/\/ucnoqta.az\/index.php?rest_route=\/wp\/v2\/posts\/50640\/revisions"}],"wp:featuredmedia":[{"embeddable":true,"href":"https:\/\/ucnoqta.az\/index.php?rest_route=\/wp\/v2\/media\/251278"}],"wp:attachment":[{"href":"https:\/\/ucnoqta.az\/index.php?rest_route=%2Fwp%2Fv2%2Fmedia&parent=50640"}],"wp:term":[{"taxonomy":"category","embeddable":true,"href":"https:\/\/ucnoqta.az\/index.php?rest_route=%2Fwp%2Fv2%2Fcategories&post=50640"},{"taxonomy":"post_tag","embeddable":true,"href":"https:\/\/ucnoqta.az\/index.php?rest_route=%2Fwp%2Fv2%2Ftags&post=50640"}],"curies":[{"name":"wp","href":"https:\/\/api.w.org\/{rel}","templated":true}]}}