{"id":50637,"date":"2017-09-26T16:36:27","date_gmt":"2017-09-26T12:36:27","guid":{"rendered":""},"modified":"-0001-11-30T00:00:00","modified_gmt":"-0001-11-29T20:00:00","slug":"","status":"publish","type":"post","link":"https:\/\/ucnoqta.az\/?p=50637","title":{"rendered":"Kristian Vigenin: <font color=red><b>\u201cMinsk qrupunun t\u0259rkibin\u0259 yenid\u0259n bax\u0131la bil\u0259r\u201d<\/b><\/font>"},"content":{"rendered":"<p><span style=\"line-height: 1.6em;\">&ldquo;G\u0259l\u0259n il AT\u018fT-in Minsk qrupunun yarad\u0131lmas\u0131n\u0131n 25 illiyi tamam olacaq. Bununla \u0259laq\u0259dar, Minsk qrupunun t\u0259rkibin\u0259 yenid\u0259n bax\u0131la bil\u0259r&rdquo;.&nbsp;<\/span><span style=\"line-height: 1.6em;\">APA-n\u0131n m\u0259lumat\u0131na g&ouml;r\u0259, bunu AT\u018fT Parlament Assambleyas\u0131n\u0131n (PA) C\u0259nubi Qafqaz &uuml;zr\u0259 x&uuml;susi n&uuml;may\u0259nd\u0259si Kristian Vigenin Milli M\u0259clisd\u0259 t\u0259msil olunan partiya r\u0259hb\u0259rl\u0259ri il\u0259 g&ouml;r&uuml;\u015fd\u0259 s\u0259sl\u0259ndirib.<\/span><br \/>\n<span style=\"line-height: 1.6em;\">K. Vigenin Az\u0259rbaycan t\u0259r\u0259finin AT\u018fT-in Minsk qrupunun f\u0259aliyy\u0259tind\u0259n raz\u0131 olmamas\u0131n\u0131 ba\u015fa d&uuml;\u015fd&uuml;y&uuml;n&uuml; deyib: &ldquo;&Ccedil;&uuml;nki m&uuml;naqi\u015f\u0259nin h\u0259llind\u0259 faktiki he&ccedil; bir ir\u0259lil\u0259yi\u015f yoxdur. G\u0259l\u0259n il AT\u018fT-in Minsk qrupunun yarad\u0131lmas\u0131n\u0131n 25 illiyi tamam olacaq. Bununla \u0259laq\u0259dar, Minsk qrupunun t\u0259rkibin\u0259 yenid\u0259n bax\u0131la bil\u0259r. Problemi yaln\u0131z at\u0259\u015fk\u0259sin pozulmas\u0131 zaman\u0131 yox, daim diqq\u0259t m\u0259rk\u0259zind\u0259 saxlamaq laz\u0131md\u0131r. M\u0259n &ouml;z t\u0259r\u0259fimd\u0259n m&uuml;naqi\u015f\u0259nin h\u0259lli &uuml;&ccedil;&uuml;n \u0259limd\u0259n g\u0259l\u0259ni \u0259sirg\u0259m\u0259y\u0259c\u0259y\u0259m. Lakin bununla kifay\u0259tl\u0259nm\u0259k olmaz. Yaln\u0131z AT\u018fT-in Minsk qrupunun &uuml;zvl\u0259ri deyil, dig\u0259r &ouml;lk\u0259l\u0259r d\u0259 m&uuml;naqi\u015f\u0259nin h\u0259llin\u0259 &ouml;z t&ouml;hf\u0259l\u0259rini verm\u0259lidirl\u0259r. Biz &ouml;z&uuml;m&uuml;z d\u0259 parlament &uuml;zvl\u0259ri olaraq, m&uuml;\u0259yy\u0259n t\u0259\u015f\u0259bb&uuml;sl\u0259r, t\u0259klifl\u0259r ir\u0259li s&uuml;rm\u0259liyik. Bu t\u0259\u015f\u0259bb&uuml;sl\u0259rd\u0259n biri kimi, s\u0259f\u0259rim zaman\u0131 Z\u0259ngilandan olan m\u0259cburi k&ouml;&ccedil;k&uuml;nl\u0259rl\u0259 g&ouml;r&uuml;\u015fd&uuml;m&rdquo;.<\/span><br \/>\n<span style=\"line-height: 1.6em;\">K. Vigenin vur\u011fulay\u0131b ki, m&uuml;naqi\u015f\u0259 il\u0259 ba\u011fl\u0131 m&ouml;vcud &ldquo;status-kvo&rdquo; AT\u018fT Parlament Assambleyas\u0131 &uuml;&ccedil;&uuml;n q\u0259buledilm\u0259zdir v\u0259 tezlikl\u0259 s&uuml;lh yolu il\u0259 d\u0259yi\u015fdirilm\u0259lidir.<\/span><\/p>\n","protected":false},"excerpt":{"rendered":"<p>&ldquo;G\u0259l\u0259n il AT\u018fT-in Minsk qrupunun yarad\u0131lmas\u0131n\u0131n 25 illiyi tamam olacaq. Bununla \u0259laq\u0259dar, Minsk qrupunun t\u0259rkibin\u0259 yenid\u0259n bax\u0131la bil\u0259r&rdquo;.&nbsp;APA-n\u0131n m\u0259lumat\u0131na g&ouml;r\u0259, bunu AT\u018fT Parlament Assambleyas\u0131n\u0131n (PA) C\u0259nubi Qafqaz &uuml;zr\u0259 x&uuml;susi n&uuml;may\u0259nd\u0259si&hellip;<\/p>\n","protected":false},"author":1,"featured_media":251278,"comment_status":"open","ping_status":"open","sticky":false,"template":"","format":"standard","meta":{"_lmt_disableupdate":"","_lmt_disable":"","footnotes":""},"categories":[86],"tags":[],"class_list":["post-50637","post","type-post","status-publish","format-standard","has-post-thumbnail","hentry","category-siyaset"],"_links":{"self":[{"href":"https:\/\/ucnoqta.az\/index.php?rest_route=\/wp\/v2\/posts\/50637","targetHints":{"allow":["GET"]}}],"collection":[{"href":"https:\/\/ucnoqta.az\/index.php?rest_route=\/wp\/v2\/posts"}],"about":[{"href":"https:\/\/ucnoqta.az\/index.php?rest_route=\/wp\/v2\/types\/post"}],"author":[{"embeddable":true,"href":"https:\/\/ucnoqta.az\/index.php?rest_route=\/wp\/v2\/users\/1"}],"replies":[{"embeddable":true,"href":"https:\/\/ucnoqta.az\/index.php?rest_route=%2Fwp%2Fv2%2Fcomments&post=50637"}],"version-history":[{"count":0,"href":"https:\/\/ucnoqta.az\/index.php?rest_route=\/wp\/v2\/posts\/50637\/revisions"}],"wp:featuredmedia":[{"embeddable":true,"href":"https:\/\/ucnoqta.az\/index.php?rest_route=\/wp\/v2\/media\/251278"}],"wp:attachment":[{"href":"https:\/\/ucnoqta.az\/index.php?rest_route=%2Fwp%2Fv2%2Fmedia&parent=50637"}],"wp:term":[{"taxonomy":"category","embeddable":true,"href":"https:\/\/ucnoqta.az\/index.php?rest_route=%2Fwp%2Fv2%2Fcategories&post=50637"},{"taxonomy":"post_tag","embeddable":true,"href":"https:\/\/ucnoqta.az\/index.php?rest_route=%2Fwp%2Fv2%2Ftags&post=50637"}],"curies":[{"name":"wp","href":"https:\/\/api.w.org\/{rel}","templated":true}]}}