{"id":50635,"date":"2017-09-26T16:20:38","date_gmt":"2017-09-26T12:20:38","guid":{"rendered":""},"modified":"-0001-11-30T00:00:00","modified_gmt":"-0001-11-29T20:00:00","slug":"","status":"publish","type":"post","link":"https:\/\/ucnoqta.az\/?p=50635","title":{"rendered":"D\u00f6vl\u0259t Kukla Teatr\u0131nda \u201cSehrli d\u00fcnya\u201d t\u0259qdim olunacaq"},"content":{"rendered":"<p>Abdulla \u015eaiq ad\u0131na Az\u0259rbaycan D&ouml;vl\u0259t Kukla Teatr\u0131 balaca balalar\u0131m\u0131z\u0131n, x&uuml;susi qay\u011f\u0131ya ehtiyac\u0131 olan u\u015faqlar\u0131n c\u0259miyy\u0259t\u0259 inteqrasiyas\u0131 yolundak\u0131 u\u011furlu missiyas\u0131n\u0131 davam etdirm\u0259kd\u0259dir.&nbsp;<br \/>\n<span style=\"line-height: 20.8px;\">Teatr\u0131n m\u0259tbuat xidm\u0259tind\u0259n Ucnoqta.az-a veril\u0259n m\u0259lumata g&ouml;r\u0259, b<\/span>u &ccedil;\u0259r&ccedil;iv\u0259d\u0259 n&ouml;vb\u0259ti aksiya sentyabr\u0131n 28-d\u0259 ba\u015f tutacaq. Bel\u0259 ki, teatrda &ldquo;\u0130nternyus Az\u0259rbaycan&rdquo; \u0130ctimai Birliyi il\u0259 birg\u0259 &ldquo;Sehrli d&uuml;nya&rdquo; adl\u0131 tama\u015fa-konsert t\u0259qdim olunacaq. T\u0259dbir Avropa \u0130ttifaq\u0131 t\u0259r\u0259find\u0259n maliyy\u0259l\u0259\u015fdiril\u0259n v\u0259 BMT \u0130nki\u015faf Proqram\u0131n\u0131n d\u0259st\u0259yil\u0259 h\u0259yata ke&ccedil;iril\u0259n &ldquo;H\u0259ssas \u0259hali qruplar\u0131n\u0131n sosial-iqtisadi h&uuml;quqlar\u0131n\u0131n t\u0259\u015fviqind\u0259 v\u0259t\u0259nda\u015f c\u0259miyy\u0259tinin rolunun g&uuml;cl\u0259ndirilm\u0259si&rdquo; layih\u0259si &ccedil;\u0259r&ccedil;iv\u0259sind\u0259 realla\u015facaq. Aksiyan\u0131n \u0259sas m\u0259qs\u0259di fiziki m\u0259hdudiyy\u0259tli u\u015faqlar\u0131n istedad v\u0259 bacar\u0131qlar\u0131n\u0131 &uuml;z\u0259 &ccedil;\u0131xarmaqla onlara &ouml;zl\u0259rini realiz\u0259 imkan\u0131 yaratmaqd\u0131r.&nbsp;<br \/>\nTeatr\u0131n n\u0259zdind\u0259ki &ldquo;Oyuq&rdquo; teatr-studiyas\u0131n\u0131n balaca istedadlar\u0131n\u0131n x&uuml;susi qay\u011f\u0131ya ehtiyac\u0131 olan balalar\u0131m\u0131zla birg\u0259 \u0259rs\u0259y\u0259 g\u0259tirdikl\u0259ri &ldquo;Sehrli d&uuml;nya&rdquo; adl\u0131 tama\u015fa-konsertin ssenari m&uuml;\u0259llifi studiyan\u0131n u\u015faq qrupunun r\u0259hb\u0259ri S\u0259id\u0259 Haqverdiyeva, rejissoru C\u0259mil\u0259 Allahverdiyevad\u0131r.&nbsp;<br \/>\nU\u015faqlara b&uuml;t&uuml;n m\u0259hdudiyy\u0259tl\u0259r\u0259 r\u0259\u011fm\u0259n &ouml;z g&uuml;c&uuml;n\u0259, istedad v\u0259 bacar\u0131\u011f\u0131na inam a\u015f\u0131layan, birlikd\u0259 h\u0259r bir mane\u0259ni d\u0259f etm\u0259k ruhuna k&ouml;kl\u0259y\u0259n tama\u015fan\u0131n ard\u0131nca r\u0259ngar\u0259ng konsert proqram\u0131 da t\u0259qdim olunacaq.&nbsp;<br \/>\nQeyd ed\u0259k ki, tama\u015fan\u0131n haz\u0131rlanmas\u0131nda B&ouml;y&uuml;k Britaniyan\u0131n Az\u0259rbaycana Birg\u0259 Yard\u0131m (UAFA) t\u0259\u015fkilat\u0131n\u0131n &uuml;zv&uuml; istedadl\u0131 u\u015faqlar da yax\u0131ndan i\u015ftirak edibl\u0259r. M&uuml;\u0259yy\u0259n m\u0259hdudiyy\u0259tli bu balacalar &ldquo;Oyuq&rdquo;un t\u0259msil&ccedil;il\u0259ri il\u0259 birlikd\u0259 h\u0259r k\u0259s\u0259 &ldquo;Biz birlikd\u0259 h\u0259r &ccedil;\u0259tinliy\u0259 qalib g\u0259l\u0259rik&rdquo; &ccedil;a\u011f\u0131r\u0131\u015f\u0131n\u0131 ed\u0259c\u0259kl\u0259r.<br \/>\nSonda tama\u015fa-konsertd\u0259 i\u015ftirak ed\u0259n balacalara &ldquo;Sinema Park&rdquo; kinoteatrlar \u015f\u0259b\u0259k\u0259si t\u0259r\u0259find\u0259n biletl\u0259r h\u0259diyy\u0259 olunacaq.&nbsp;<br \/>\n&nbsp;<\/p>\n","protected":false},"excerpt":{"rendered":"<p>Abdulla \u015eaiq ad\u0131na Az\u0259rbaycan D&ouml;vl\u0259t Kukla Teatr\u0131 balaca balalar\u0131m\u0131z\u0131n, x&uuml;susi qay\u011f\u0131ya ehtiyac\u0131 olan u\u015faqlar\u0131n c\u0259miyy\u0259t\u0259 inteqrasiyas\u0131 yolundak\u0131 u\u011furlu missiyas\u0131n\u0131 davam etdirm\u0259kd\u0259dir.&nbsp; Teatr\u0131n m\u0259tbuat xidm\u0259tind\u0259n Ucnoqta.az-a veril\u0259n m\u0259lumata g&ouml;r\u0259, bu &ccedil;\u0259r&ccedil;iv\u0259d\u0259&hellip;<\/p>\n","protected":false},"author":1,"featured_media":251278,"comment_status":"open","ping_status":"open","sticky":false,"template":"","format":"standard","meta":{"_lmt_disableupdate":"","_lmt_disable":"","footnotes":""},"categories":[102],"tags":[],"class_list":["post-50635","post","type-post","status-publish","format-standard","has-post-thumbnail","hentry","category-medeniyyet-butun-xeberler"],"_links":{"self":[{"href":"https:\/\/ucnoqta.az\/index.php?rest_route=\/wp\/v2\/posts\/50635","targetHints":{"allow":["GET"]}}],"collection":[{"href":"https:\/\/ucnoqta.az\/index.php?rest_route=\/wp\/v2\/posts"}],"about":[{"href":"https:\/\/ucnoqta.az\/index.php?rest_route=\/wp\/v2\/types\/post"}],"author":[{"embeddable":true,"href":"https:\/\/ucnoqta.az\/index.php?rest_route=\/wp\/v2\/users\/1"}],"replies":[{"embeddable":true,"href":"https:\/\/ucnoqta.az\/index.php?rest_route=%2Fwp%2Fv2%2Fcomments&post=50635"}],"version-history":[{"count":0,"href":"https:\/\/ucnoqta.az\/index.php?rest_route=\/wp\/v2\/posts\/50635\/revisions"}],"wp:featuredmedia":[{"embeddable":true,"href":"https:\/\/ucnoqta.az\/index.php?rest_route=\/wp\/v2\/media\/251278"}],"wp:attachment":[{"href":"https:\/\/ucnoqta.az\/index.php?rest_route=%2Fwp%2Fv2%2Fmedia&parent=50635"}],"wp:term":[{"taxonomy":"category","embeddable":true,"href":"https:\/\/ucnoqta.az\/index.php?rest_route=%2Fwp%2Fv2%2Fcategories&post=50635"},{"taxonomy":"post_tag","embeddable":true,"href":"https:\/\/ucnoqta.az\/index.php?rest_route=%2Fwp%2Fv2%2Ftags&post=50635"}],"curies":[{"name":"wp","href":"https:\/\/api.w.org\/{rel}","templated":true}]}}