{"id":50634,"date":"2017-09-26T16:17:17","date_gmt":"2017-09-26T12:17:17","guid":{"rendered":""},"modified":"-0001-11-30T00:00:00","modified_gmt":"-0001-11-29T20:00:00","slug":"","status":"publish","type":"post","link":"https:\/\/ucnoqta.az\/?p=50634","title":{"rendered":"K\u0259mal\u0259ddin Heyd\u0259rov NATO ba\u015f katibinin x\u00fcsusi n\u00fcmay\u0259nd\u0259si Ceyms Appaturayla g\u00f6r\u00fc\u015f\u00fcb"},"content":{"rendered":"<p><span style=\"line-height: 1.6em;\">F&ouml;vq\u0259lad\u0259 hallar naziri, general-polkovnik K\u0259mal\u0259ddin Heyd\u0259rov sentyabr\u0131n 26-da NATO ba\u015f katibinin Qafqaz v\u0259 M\u0259rk\u0259zi Asiya &uuml;zr\u0259 x&uuml;susi n&uuml;may\u0259nd\u0259si Ceyms Appaturay\u0131n ba\u015f&ccedil;\u0131l\u0131q etdiyi n&uuml;may\u0259nd\u0259 hey\u0259ti il\u0259 g&ouml;r&uuml;\u015f&uuml;b.<\/span><br \/>\n<span style=\"line-height: 1.6em;\">F&ouml;vq\u0259lad\u0259 Hallar Nazirliyind\u0259n veril\u0259n m\u0259lumata g&ouml;r\u0259, K\u0259mal\u0259ddin Heyd\u0259rov Az\u0259rbaycanla NATO aras\u0131nda ikit\u0259r\u0259fli \u0259laq\u0259l\u0259rin \u0259h\u0259miyy\u0259tini qeyd ed\u0259r\u0259k FHN-nin NATO-nun m&uuml;vafiq qurumlar\u0131 il\u0259 m&uuml;lki f&ouml;vq\u0259lad\u0259 planla\u015fd\u0131rma v\u0259 b&ouml;hranlar\u0131n idar\u0259 olunmas\u0131 sah\u0259sind\u0259 \u0259m\u0259kda\u015fl\u0131q m&uuml;nasib\u0259tl\u0259rinin inki\u015faf etdirilm\u0259sinin vacibliyind\u0259n dan\u0131\u015f\u0131b. F&ouml;vq\u0259lad\u0259 hallar\u0131n qar\u015f\u0131s\u0131n\u0131n al\u0131nmas\u0131 v\u0259 n\u0259tic\u0259l\u0259rinin aradan qald\u0131r\u0131lmas\u0131 istiqam\u0259tind\u0259 g&ouml;r&uuml;l\u0259n i\u015fl\u0259rd\u0259n \u0259trafl\u0131 s&ouml;hb\u0259t a&ccedil;an nazir FHN \u0259m\u0259kda\u015flar\u0131n\u0131n m&uuml;t\u0259madi olaraq h\u0259m NATO t\u0259r\u0259find\u0259n, h\u0259m d\u0259 birg\u0259 t\u0259\u015fkil olunmu\u015f m&uuml;xt\u0259lif t\u0259lim, planla\u015fd\u0131rma g&ouml;r&uuml;\u015fl\u0259ri, plenar iclas v\u0259 seminarlarda i\u015ftirak\u0131n\u0131n vacibliyini vur\u011fulay\u0131b.<\/span><br \/>\n<span style=\"line-height: 1.6em;\">&Ouml;z n&ouml;vb\u0259sind\u0259, Ceyms Appaturay m&ouml;vcud m&uuml;nasib\u0259tl\u0259rin \u0259h\u0259miyy\u0259tind\u0259n b\u0259hs ed\u0259r\u0259k qar\u015f\u0131l\u0131ql\u0131 s\u0259f\u0259rl\u0259rin v\u0259 g&ouml;r&uuml;\u015fl\u0259rin ikit\u0259r\u0259fli \u0259laq\u0259l\u0259rin daha da d\u0259rinl\u0259\u015fm\u0259sin\u0259 xidm\u0259t ed\u0259c\u0259yin\u0259 \u0259minliyini ifad\u0259 edib. Qonaq FHN \u0259m\u0259kda\u015flar\u0131n\u0131n m&uuml;t\u0259madi olaraq NATO-nun m&uuml;vafiq qurumlar\u0131nda bilik v\u0259 t\u0259cr&uuml;b\u0259l\u0259rin qazanmas\u0131 istiqam\u0259tind\u0259ki f\u0259aliy\u0259tini y&uuml;ks\u0259k qiym\u0259tl\u0259ndirib.<\/span><\/p>\n<p>&nbsp;<br \/>\nG&ouml;r&uuml;\u015fd\u0259 qar\u015f\u0131l\u0131ql\u0131 maraq do\u011furan dig\u0259r m\u0259s\u0259l\u0259l\u0259r d\u0259 m&uuml;zakir\u0259 olunub.<\/p>\n","protected":false},"excerpt":{"rendered":"<p>F&ouml;vq\u0259lad\u0259 hallar naziri, general-polkovnik K\u0259mal\u0259ddin Heyd\u0259rov sentyabr\u0131n 26-da NATO ba\u015f katibinin Qafqaz v\u0259 M\u0259rk\u0259zi Asiya &uuml;zr\u0259 x&uuml;susi n&uuml;may\u0259nd\u0259si Ceyms Appaturay\u0131n ba\u015f&ccedil;\u0131l\u0131q etdiyi n&uuml;may\u0259nd\u0259 hey\u0259ti il\u0259 g&ouml;r&uuml;\u015f&uuml;b. F&ouml;vq\u0259lad\u0259 Hallar Nazirliyind\u0259n veril\u0259n&hellip;<\/p>\n","protected":false},"author":1,"featured_media":251278,"comment_status":"open","ping_status":"open","sticky":false,"template":"","format":"standard","meta":{"_lmt_disableupdate":"","_lmt_disable":"","footnotes":""},"categories":[],"tags":[],"class_list":["post-50634","post","type-post","status-publish","format-standard","has-post-thumbnail","hentry"],"_links":{"self":[{"href":"https:\/\/ucnoqta.az\/index.php?rest_route=\/wp\/v2\/posts\/50634","targetHints":{"allow":["GET"]}}],"collection":[{"href":"https:\/\/ucnoqta.az\/index.php?rest_route=\/wp\/v2\/posts"}],"about":[{"href":"https:\/\/ucnoqta.az\/index.php?rest_route=\/wp\/v2\/types\/post"}],"author":[{"embeddable":true,"href":"https:\/\/ucnoqta.az\/index.php?rest_route=\/wp\/v2\/users\/1"}],"replies":[{"embeddable":true,"href":"https:\/\/ucnoqta.az\/index.php?rest_route=%2Fwp%2Fv2%2Fcomments&post=50634"}],"version-history":[{"count":0,"href":"https:\/\/ucnoqta.az\/index.php?rest_route=\/wp\/v2\/posts\/50634\/revisions"}],"wp:featuredmedia":[{"embeddable":true,"href":"https:\/\/ucnoqta.az\/index.php?rest_route=\/wp\/v2\/media\/251278"}],"wp:attachment":[{"href":"https:\/\/ucnoqta.az\/index.php?rest_route=%2Fwp%2Fv2%2Fmedia&parent=50634"}],"wp:term":[{"taxonomy":"category","embeddable":true,"href":"https:\/\/ucnoqta.az\/index.php?rest_route=%2Fwp%2Fv2%2Fcategories&post=50634"},{"taxonomy":"post_tag","embeddable":true,"href":"https:\/\/ucnoqta.az\/index.php?rest_route=%2Fwp%2Fv2%2Ftags&post=50634"}],"curies":[{"name":"wp","href":"https:\/\/api.w.org\/{rel}","templated":true}]}}