{"id":50630,"date":"2017-09-26T15:59:12","date_gmt":"2017-09-26T11:59:12","guid":{"rendered":""},"modified":"-0001-11-30T00:00:00","modified_gmt":"-0001-11-29T20:00:00","slug":"","status":"publish","type":"post","link":"https:\/\/ucnoqta.az\/?p=50630","title":{"rendered":"&#8220;Roma&#8221; komandas\u0131 Bak\u0131ya g\u0259lib &#8211; <font color=red><b>FOTO<\/b><\/font>"},"content":{"rendered":"<p><span style=\"line-height: 1.6em;\">&Ccedil;empionlar Liqas\u0131n\u0131n qrup m\u0259rh\u0259l\u0259sinin II turunda &quot;Qaraba\u011f&quot; klubu il\u0259 qar\u015f\u0131la\u015facaq \u0130taliyan\u0131n &quot;Roma&quot; komandas\u0131 Bak\u0131ya g\u0259lib. Ucnoqta.az &quot;Report&quot;a istinad\u0259n x\u0259b\u0259r verir ki, Heyd\u0259r \u018fliyev Beyn\u0259lxalq Hava Liman\u0131nda &quot;sar\u0131-q\u0131rm\u0131z\u0131lar&quot;\u0131 bir qrup azarke\u015f qar\u015f\u0131lay\u0131b.<\/span><br \/>\n<span style=\"line-height: 1.6em;\">Futbol&ccedil;ular he&ccedil; bir a&ccedil;\u0131qlama verm\u0259d\u0259n onlar\u0131 g&ouml;zl\u0259y\u0259n avtobusa y&ouml;n\u0259libl\u0259r.<\/span><br \/>\n<span style=\"line-height: 1.6em;\">Qeyd ed\u0259k ki, bu ax\u015fam &quot;Roma&quot;n\u0131n Bak\u0131 Olimpiya Stadionunda m\u0259\u015fqi v\u0259 ba\u015f m\u0259\u015fq&ccedil;i Eusebio Di Fran&ccedil;eskonun m\u0259tbuat konfrans\u0131 ke&ccedil;iril\u0259c\u0259k. Sentyabr\u0131n 27-d\u0259 el\u0259 h\u0259min arenada t\u0259\u015fkil olunacaq qar\u015f\u0131la\u015fma saat 20:00-da ba\u015flanacaq.&nbsp;<\/span><\/p>\n","protected":false},"excerpt":{"rendered":"<p>&Ccedil;empionlar Liqas\u0131n\u0131n qrup m\u0259rh\u0259l\u0259sinin II turunda &quot;Qaraba\u011f&quot; klubu il\u0259 qar\u015f\u0131la\u015facaq \u0130taliyan\u0131n &quot;Roma&quot; komandas\u0131 Bak\u0131ya g\u0259lib. Ucnoqta.az &quot;Report&quot;a istinad\u0259n x\u0259b\u0259r verir ki, Heyd\u0259r \u018fliyev Beyn\u0259lxalq Hava Liman\u0131nda &quot;sar\u0131-q\u0131rm\u0131z\u0131lar&quot;\u0131 bir qrup azarke\u015f&hellip;<\/p>\n","protected":false},"author":1,"featured_media":251278,"comment_status":"open","ping_status":"open","sticky":false,"template":"","format":"standard","meta":{"_lmt_disableupdate":"","_lmt_disable":"","footnotes":""},"categories":[90],"tags":[],"class_list":["post-50630","post","type-post","status-publish","format-standard","has-post-thumbnail","hentry","category-idman-butun-xeberler"],"_links":{"self":[{"href":"https:\/\/ucnoqta.az\/index.php?rest_route=\/wp\/v2\/posts\/50630","targetHints":{"allow":["GET"]}}],"collection":[{"href":"https:\/\/ucnoqta.az\/index.php?rest_route=\/wp\/v2\/posts"}],"about":[{"href":"https:\/\/ucnoqta.az\/index.php?rest_route=\/wp\/v2\/types\/post"}],"author":[{"embeddable":true,"href":"https:\/\/ucnoqta.az\/index.php?rest_route=\/wp\/v2\/users\/1"}],"replies":[{"embeddable":true,"href":"https:\/\/ucnoqta.az\/index.php?rest_route=%2Fwp%2Fv2%2Fcomments&post=50630"}],"version-history":[{"count":0,"href":"https:\/\/ucnoqta.az\/index.php?rest_route=\/wp\/v2\/posts\/50630\/revisions"}],"wp:featuredmedia":[{"embeddable":true,"href":"https:\/\/ucnoqta.az\/index.php?rest_route=\/wp\/v2\/media\/251278"}],"wp:attachment":[{"href":"https:\/\/ucnoqta.az\/index.php?rest_route=%2Fwp%2Fv2%2Fmedia&parent=50630"}],"wp:term":[{"taxonomy":"category","embeddable":true,"href":"https:\/\/ucnoqta.az\/index.php?rest_route=%2Fwp%2Fv2%2Fcategories&post=50630"},{"taxonomy":"post_tag","embeddable":true,"href":"https:\/\/ucnoqta.az\/index.php?rest_route=%2Fwp%2Fv2%2Ftags&post=50630"}],"curies":[{"name":"wp","href":"https:\/\/api.w.org\/{rel}","templated":true}]}}