{"id":50629,"date":"2017-09-26T15:53:28","date_gmt":"2017-09-26T11:53:28","guid":{"rendered":""},"modified":"-0001-11-30T00:00:00","modified_gmt":"-0001-11-29T20:00:00","slug":"","status":"publish","type":"post","link":"https:\/\/ucnoqta.az\/?p=50629","title":{"rendered":"Bak\u0131da ke\u00e7iril\u0259n beyn\u0259lxalq ekoloji aksiya \u00e7\u0259r\u00e7iv\u0259sind\u0259 M\u0259rd\u0259kan \u00e7im\u0259rliyi tullant\u0131lardan t\u0259mizl\u0259nib"},"content":{"rendered":"<p><span style=\"line-height: 1.6em;\">&Ouml;lk\u0259nin bir s\u0131ra n&uuml;fuzlu \u015firk\u0259tl\u0259ri, d&ouml;vl\u0259t qurumlar\u0131 v\u0259 qeyri-h&ouml;kum\u0259t t\u0259\u015fkilatlar\u0131 bir araya g\u0259l\u0259r\u0259k b&uuml;t&uuml;n d&uuml;nyada qeyd olunan Beyn\u0259lxalq Sahilyan\u0131 T\u0259mizlik G&uuml;n&uuml; &ccedil;\u0259r&ccedil;iv\u0259sind\u0259 M\u0259rd\u0259kan &ccedil;im\u0259rliyind\u0259 geni\u015fmiqyasl\u0131 t\u0259mizlik aksiyas\u0131 ke&ccedil;irib.<\/span><\/p>\n<p>&nbsp;Bu il s&ouml;z&uuml;ged\u0259n aksiyada 500-d\u0259n art\u0131q insan i\u015ftirak edib v\u0259 sahilyan\u0131 \u0259razi 6 tona yax\u0131n tullant\u0131dan t\u0259mizl\u0259nib. T\u0259dbirin t\u0259\u015fkilat&ccedil;\u0131lar\u0131 qismind\u0259 &ldquo;Coca-Cola&rdquo; \u015firk\u0259ti, &ldquo;PA\u015eA Bank&rdquo;, &quot;Bakcell&quot; \u015firk\u0259ti, &quot;ASAN School&quot; k&ouml;n&uuml;ll&uuml;l&uuml;k m\u0259kt\u0259binin &quot;Ya\u015f\u0131l ASAN&quot; t\u0259\u015f\u0259bb&uuml;s&uuml; v\u0259 &nbsp;&ldquo;Let&rsquo;s Do It Azerbaijan&rdquo; proqram\u0131 (letsdoitworld.org) &ccedil;\u0131x\u0131\u015f edib. Aksiya Ekologiya v\u0259 T\u0259bii S\u0259rv\u0259tl\u0259r Nazirliyi, X\u0259z\u0259r Rayon \u0130cra Hakimiyy\u0259ti v\u0259 &ldquo;T\u0259miz \u015e\u0259h\u0259r&rdquo; ASC-nin d\u0259st\u0259yi il\u0259 ke&ccedil;irilib. Bildir\u0259k ki, t\u0259dbirin informasiya d\u0259st\u0259yi X\u0259z\u0259r TV t\u0259r\u0259find\u0259n h\u0259yata ke&ccedil;irilib.<\/p>\n<p>Art\u0131q uzun ill\u0259rdir ki, d&uuml;nyan\u0131n bir &ccedil;ox &ouml;lk\u0259si h\u0259r il sentyabr ay\u0131n\u0131n &uuml;&ccedil;&uuml;nc&uuml; \u015f\u0259nb\u0259 g&uuml;n&uuml;n&uuml; Beyn\u0259lxalq Sahilyan\u0131 T\u0259mizlik G&uuml;n&uuml; kimi qeyd edir. Sahilyan\u0131 T\u0259mizlik G&uuml;n&uuml; Yer k&uuml;r\u0259sind\u0259 su h&ouml;vz\u0259l\u0259ri sahill\u0259rinin tullant\u0131lardan t\u0259mizl\u0259nm\u0259sin\u0259 y&ouml;n\u0259l\u0259n \u0259n irimiqyasl\u0131 k&ouml;n&uuml;ll&uuml; h\u0259r\u0259kat\u0131d\u0131r. Bu m\u0259qs\u0259dl\u0259 on minl\u0259rl\u0259 insan k&ouml;n&uuml;ll&uuml; olaraq ya\u015fad\u0131qlar\u0131 \u0259razil\u0259rin sahill\u0259rini tullant\u0131lardan t\u0259mizl\u0259yirl\u0259r. Az\u0259rbaycan da bu beyn\u0259lxalq ekoloji aksiyada art\u0131q 8 ildir i\u015ftirak edir.<\/p>\n<p>&ldquo;Art\u0131q s\u0259kkiz il ard\u0131c\u0131l olaraq &ldquo;Coca-Cola&rdquo; v\u0259 &ouml;lk\u0259nin bir s\u0131ra n&uuml;fuzlu \u015firk\u0259t v\u0259 t\u0259\u015fkilatlar\u0131 ekoloji aksiya ke&ccedil;ir\u0259r\u0259k X\u0259z\u0259r d\u0259nizinin sahill\u0259rini tullant\u0131lardan t\u0259mizl\u0259yir. Bizim &uuml;&ccedil;&uuml;n c\u0259miyy\u0259tin ekoloji rifah\u0131 h\u0259r bir insan\u0131n v\u0259 &uuml;mumilikd\u0259 b&uuml;t&uuml;n c\u0259miyy\u0259tin rifah\u0131 kimi vacibdir. Aksiya &ccedil;\u0259r&ccedil;iv\u0259sind\u0259 sahilyan\u0131 \u0259razini 6 tona yax\u0131n tullant\u0131dan t\u0259mizl\u0259y\u0259 bildik. Y&uuml;zl\u0259rl\u0259 insanlar\u0131n k&ouml;n&uuml;ll&uuml; olaraq sahilyan\u0131 \u0259razil\u0259ri t\u0259mizl\u0259m\u0259sinin b&ouml;y&uuml;k maarifl\u0259ndirici \u0259h\u0259miyy\u0259ti var. S&ouml;z&uuml;ged\u0259n t\u0259dbir art\u0131q bayrama &ccedil;evrilib v\u0259 onun say\u0259sind\u0259 t\u0259bi\u0259t t\u0259mizl\u0259nir. &Uuml;mid edirik ki, ild\u0259n-il\u0259 h\u0259r k\u0259s \u0259traf m&uuml;hit\u0259 daha m\u0259suliyy\u0259tli yana\u015facaq v\u0259 g\u0259l\u0259c\u0259kd\u0259 analoji aksiyalar\u0131n ke&ccedil;irilm\u0259sin\u0259 ehtiyac qalmayacaq&rdquo;, &#8211; dey\u0259 &ldquo;Coca-Cola&rdquo; \u015firk\u0259tinin Qafqaz v\u0259 M\u0259rk\u0259zi Asiya &uuml;zr\u0259 kommunikasiya meneceri El\u015fad F\u0259rz\u0259liyev qeyd edib.<\/p>\n<p>&ldquo;Bu il aksiya il\u0259 ba\u011fl\u0131 daha geni\u015f m\u0259lumatland\u0131rma kampaniyas\u0131 h\u0259yata ke&ccedil;irilib, daha &ccedil;ox i\u015ftirak&ccedil;\u0131 c\u0259lb olunub. &nbsp;H\u0259r il daha &ccedil;ox insan\u0131n bu ekoloji aksiyaya qo\u015fuldu\u011funu g&ouml;rm\u0259k bizim &uuml;&ccedil;&uuml;n &ccedil;ox sevindirici hald\u0131r. H\u0259r il biz\u0259 qo\u015fulan y&uuml;zl\u0259rl\u0259 g\u0259ncimiz \u0259traf m&uuml;hitin tullant\u0131lardan t\u0259mizl\u0259nm\u0259sin\u0259 n\u0259 q\u0259d\u0259r h\u0259ssas yana\u015f\u0131rlarsa, d\u0259niz sahill\u0259rini &ccedil;irkl\u0259ndir\u0259nl\u0259r d\u0259 bu m\u0259s\u0259l\u0259y\u0259 o q\u0259d\u0259r h\u0259ssas yana\u015fmal\u0131d\u0131rlar. M\u0259n ist\u0259rdim ki, k&ouml;n&uuml;ll&uuml;l\u0259rimiz sad\u0259c\u0259 bu t\u0259dbir\u0259 qo\u015fulmaqla kifay\u0259tl\u0259nm\u0259sinl\u0259r, h\u0259m d\u0259 &ouml;z yax\u0131n \u0259traflar\u0131nda olan insanlar\u0131 t\u0259bi\u0259ti qoruma\u011fa t\u0259\u015fviq etsinl\u0259r. Bakcell \u015firk\u0259ti is\u0259 &ouml;z n&ouml;vb\u0259sind\u0259 qar\u015f\u0131dak\u0131 ill\u0259rd\u0259 d\u0259 bu b&ouml;y&uuml;k &nbsp;layih\u0259y\u0259 d\u0259st\u0259k verm\u0259y\u0259 haz\u0131rd\u0131r&ldquo;, &#8211; dey\u0259 &ldquo;Bakcell&rdquo; \u015firk\u0259tinin Korporativ kommunikasiya b&ouml;lm\u0259sinin r\u0259hb\u0259ri S&uuml;heyla C\u0259f\u0259rova bildirib.<\/p>\n<p>&ldquo;&Ouml;t\u0259n il &rdquo;ASAN k&ouml;n&uuml;ll&uuml;l\u0259ri&rdquo; t\u0259r\u0259find\u0259n ir\u0259li s&uuml;r&uuml;lm&uuml;\u015f &ldquo;Ya\u015f\u0131l ASAN&rdquo; t\u0259\u015f\u0259bb&uuml;s&uuml; &ccedil;\u0259r&ccedil;iv\u0259sind\u0259 t\u0259\u015fkil olunan Novxan\u0131 sahilyan\u0131 t\u0259mizlik aksiyas\u0131nda ilk olaraq 300 n\u0259f\u0259r &ldquo;ASAN k&ouml;n&uuml;ll&uuml;s&uuml;&rdquo; i\u015ftirak edib. Lakin art\u0131q 3 ildir ki, bu aksiyada 400-d\u0259n &ccedil;ox k&ouml;n&uuml;ll&uuml;m&uuml;zl\u0259 X\u0259z\u0259r rayonunda sahilyan\u0131 \u0259razini m\u0259i\u015f\u0259t tullant\u0131lardan t\u0259mizl\u0259yirik. Bu aksiyaya qo\u015fulmaqla ASAN K&ouml;n&uuml;ll&uuml;l&uuml;k M\u0259kt\u0259binin &ldquo;Ya\u015f\u0131l ASAN&rdquo; t\u0259\u015f\u0259bb&uuml;s&uuml; olaraq c\u0259miyy\u0259timiz\u0259 &ldquo;\u0259traf m&uuml;hiti t\u0259miz saxlayaq&rdquo; mesaj\u0131 veririk. D&uuml;\u015f&uuml;n&uuml;r\u0259m ki, aksiyada i\u015ftirak etmi\u015f y&uuml;zl\u0259rl\u0259 g\u0259nc bu t\u0259\u015f\u0259bb&uuml;sl\u0259 h\u0259m d\u0259 sosial m\u0259suliyy\u0259tl\u0259rini d\u0259rk etmi\u015f oldular. G\u0259l\u0259c\u0259kd\u0259 d\u0259 bu c&uuml;r t\u0259\u015f\u0259bb&uuml;sl\u0259ri d\u0259st\u0259kl\u0259m\u0259y\u0259 haz\u0131rd\u0131rlar&rdquo;, &#8211; dey\u0259 &ldquo;Ya\u015f\u0131l ASAN&rdquo; t\u0259\u015f\u0259bb&uuml;s&uuml;n&uuml;n r\u0259hb\u0259ri S\u0259kin\u0259 H\u0259s\u0259nova bildirib.<\/p>\n<p>&ldquo;X\u0259z\u0259ri Qoruyaq!&rdquo; \u015f&uuml;ar\u0131 alt\u0131nda M\u0259rd\u0259kan &ccedil;im\u0259rliyind\u0259 ke&ccedil;iril\u0259n aksiya &ccedil;\u0259r&ccedil;iv\u0259sind\u0259 t\u0259xmin\u0259n 6 tona yax\u0131n tullant\u0131 y\u0131\u011f\u0131laraq Balaxan\u0131 poliqonuna g&ouml;nd\u0259rilib. H\u0259r il &ccedil;im\u0259rlik m&ouml;vs&uuml;m&uuml;n&uuml;n sonunda g\u0259ncl\u0259rin, \u015firk\u0259t \u0259m\u0259kda\u015flar\u0131n\u0131n, onlar\u0131n ail\u0259 &uuml;zvl\u0259rinin i\u015ftirak\u0131 il\u0259 ke&ccedil;iril\u0259n sahilyan\u0131 t\u0259mizlik aksiyas\u0131 &ouml;lk\u0259d\u0259 ekoloji durumunun yax\u015f\u0131la\u015fd\u0131r\u0131lmas\u0131, \u0259halinin maarifl\u0259ndirilm\u0259si v\u0259 \u0259traf m&uuml;hit\u0259 m\u0259suliyy\u0259tl\u0259 yana\u015fma prinsipl\u0259rini t\u0259bli\u011f edir. B&uuml;t&uuml;n aksiya i\u015ftirak&ccedil;\u0131lar\u0131 t\u0259\u015fkilat&ccedil;\u0131lar t\u0259r\u0259find\u0259n n\u0259qliyyat, idman k&ouml;yn\u0259kl\u0259ri, s\u0259rinl\u0259\u015fdirici i&ccedil;kil\u0259r v\u0259 qida, h\u0259m&ccedil;inin t\u0259mizlik &uuml;&ccedil;&uuml;n laz\u0131mi l\u0259vazimatlarla t\u0259min olunmu\u015fdur.&nbsp;<\/p>\n<p>Qeyd ed\u0259k ki, Az\u0259rbaycanda son 8 il \u0259rzind\u0259 ke&ccedil;iril\u0259n analoji birg&uuml;nl&uuml;k aksiya &ccedil;\u0259r&ccedil;iv\u0259sind\u0259 X\u0259z\u0259r d\u0259nizinin &ccedil;im\u0259rlikl\u0259rinin 35 hektara yax\u0131n \u0259razisi 27 ton m\u0259i\u015f\u0259t tullant\u0131s\u0131ndan t\u0259mizl\u0259nib. T\u0259mizl\u0259n\u0259n \u0259razil\u0259rd\u0259n toplanan tullant\u0131lar qeyd\u0259 al\u0131naraq &ldquo;Ocean Concervancy&rdquo; beyn\u0259lxalq t\u0259\u015fkilat\u0131na g&ouml;nd\u0259rilir. H\u0259min m\u0259lumatlar is\u0259 &ouml;z n&ouml;vb\u0259sind\u0259 d&uuml;nya su h&ouml;vz\u0259l\u0259rinin t\u0259mizl\u0259nm\u0259si haqq\u0131nda &ouml;lk\u0259l\u0259r &uuml;zr\u0259 beyn\u0259lxalq hesabatlarda \u0259ks olunur.&nbsp;<\/p>\n<p>Xat\u0131rladaq ki, builki aksiyaya qo\u015fulanlar s\u0131ras\u0131nda &quot;Green Baku&quot; ekoloji g\u0259ncl\u0259r birliyi, Az\u0259rbaycan Velosiped \u0130dman\u0131 Federasiyas\u0131, Milli Olimpiya Komit\u0259si, AFFA, ADA Universiteti v\u0259 &ldquo;Youth Inc.&rdquo; g\u0259ncl\u0259rin sahibkarl\u0131q proqram\u0131 yer al\u0131b.<\/p>\n","protected":false},"excerpt":{"rendered":"<p>&Ouml;lk\u0259nin bir s\u0131ra n&uuml;fuzlu \u015firk\u0259tl\u0259ri, d&ouml;vl\u0259t qurumlar\u0131 v\u0259 qeyri-h&ouml;kum\u0259t t\u0259\u015fkilatlar\u0131 bir araya g\u0259l\u0259r\u0259k b&uuml;t&uuml;n d&uuml;nyada qeyd olunan Beyn\u0259lxalq Sahilyan\u0131 T\u0259mizlik G&uuml;n&uuml; &ccedil;\u0259r&ccedil;iv\u0259sind\u0259 M\u0259rd\u0259kan &ccedil;im\u0259rliyind\u0259 geni\u015fmiqyasl\u0131 t\u0259mizlik aksiyas\u0131 ke&ccedil;irib. &nbsp;Bu il&hellip;<\/p>\n","protected":false},"author":1,"featured_media":251278,"comment_status":"open","ping_status":"open","sticky":false,"template":"","format":"standard","meta":{"_lmt_disableupdate":"","_lmt_disable":"","footnotes":""},"categories":[],"tags":[],"class_list":["post-50629","post","type-post","status-publish","format-standard","has-post-thumbnail","hentry"],"_links":{"self":[{"href":"https:\/\/ucnoqta.az\/index.php?rest_route=\/wp\/v2\/posts\/50629","targetHints":{"allow":["GET"]}}],"collection":[{"href":"https:\/\/ucnoqta.az\/index.php?rest_route=\/wp\/v2\/posts"}],"about":[{"href":"https:\/\/ucnoqta.az\/index.php?rest_route=\/wp\/v2\/types\/post"}],"author":[{"embeddable":true,"href":"https:\/\/ucnoqta.az\/index.php?rest_route=\/wp\/v2\/users\/1"}],"replies":[{"embeddable":true,"href":"https:\/\/ucnoqta.az\/index.php?rest_route=%2Fwp%2Fv2%2Fcomments&post=50629"}],"version-history":[{"count":0,"href":"https:\/\/ucnoqta.az\/index.php?rest_route=\/wp\/v2\/posts\/50629\/revisions"}],"wp:featuredmedia":[{"embeddable":true,"href":"https:\/\/ucnoqta.az\/index.php?rest_route=\/wp\/v2\/media\/251278"}],"wp:attachment":[{"href":"https:\/\/ucnoqta.az\/index.php?rest_route=%2Fwp%2Fv2%2Fmedia&parent=50629"}],"wp:term":[{"taxonomy":"category","embeddable":true,"href":"https:\/\/ucnoqta.az\/index.php?rest_route=%2Fwp%2Fv2%2Fcategories&post=50629"},{"taxonomy":"post_tag","embeddable":true,"href":"https:\/\/ucnoqta.az\/index.php?rest_route=%2Fwp%2Fv2%2Ftags&post=50629"}],"curies":[{"name":"wp","href":"https:\/\/api.w.org\/{rel}","templated":true}]}}