{"id":50628,"date":"2017-09-26T15:39:38","date_gmt":"2017-09-26T11:39:38","guid":{"rendered":""},"modified":"-0001-11-30T00:00:00","modified_gmt":"-0001-11-29T20:00:00","slug":"","status":"publish","type":"post","link":"https:\/\/ucnoqta.az\/?p=50628","title":{"rendered":"<b>Azay Quliyev: <font color=red>\u201cDa\u011fl\u0131q Qaraba\u011f probleminin h\u0259llind\u0259 bir az da c\u0259sar\u0259t t\u0259l\u0259b olunur\u201d<\/font><\/b>"},"content":{"rendered":"<p><span style=\"line-height: 1.6em;\">&ldquo;Da\u011fl\u0131q Qaraba\u011f kimi m&uuml;r\u0259kk\u0259b problemin h\u0259llind\u0259 b&uuml;t&uuml;n bu realist yana\u015fma il\u0259 yana\u015f\u0131, bir az da c\u0259sar\u0259t t\u0259l\u0259b olunur. M&uuml;\u0259yy\u0259n m\u0259s\u0259l\u0259l\u0259ri &ouml;z ad\u0131 il\u0259 &ccedil;a\u011f\u0131rmaq v\u0259 daha &ccedil;ox t\u0259\u015f\u0259bb&uuml;s ir\u0259li s&uuml;rm\u0259k z\u0259ruridir&rdquo;. Ucnoqta.az<\/span><span style=\"line-height: 1.6em;\">&nbsp;x\u0259b\u0259r verir ki, bunu Milli M\u0259clisin deputat\u0131, AT\u018fT PA-n\u0131n vitse-prezidenti Azay Quliyev AT\u018fT PA-n\u0131n C\u0259nubi Qafqaz &uuml;zr\u0259 x&uuml;susi n&uuml;may\u0259nd\u0259si Kristian Vigeninin ba\u015f&ccedil;\u0131l\u0131q etdiyi n&uuml;may\u0259nd\u0259 hey\u0259ti il\u0259 g&ouml;r&uuml;\u015fd\u0259 deyib.&nbsp;<\/span><span style=\"line-height: 1.6em;\">O, bildirib ki, b&uuml;t&uuml;n dan\u0131\u015f\u0131qlar i\u015f\u011fal\u0131n n\u0259tic\u0259sini aradan qald\u0131rma\u011fa, m&uuml;naqi\u015f\u0259nin s&uuml;lh yolu il\u0259 h\u0259llin\u0259 y&ouml;n\u0259lib.&nbsp;<\/span><span style=\"line-height: 1.6em;\">&ldquo;Bizim x&uuml;susi n&uuml;may\u0259nd\u0259 bu m\u0259s\u0259l\u0259y\u0259 yana\u015fmada kifay\u0259t q\u0259d\u0259r ciddi beyn\u0259lxalq h&uuml;quqa s&ouml;yk\u0259nir ki, bu da x&uuml;susi n&uuml;may\u0259nd\u0259nin i\u015fini asanla\u015fd\u0131r\u0131r. \u018fmin\u0259m ki, AT\u018fT PA-n\u0131n h\u0259m daimi komit\u0259si, h\u0259m d\u0259 b&uuml;rosu sizin bu t\u0259\u015f\u0259bb&uuml;sl\u0259ri d\u0259st\u0259kl\u0259y\u0259c\u0259k&rdquo;.<\/span><\/p>\n","protected":false},"excerpt":{"rendered":"<p>&ldquo;Da\u011fl\u0131q Qaraba\u011f kimi m&uuml;r\u0259kk\u0259b problemin h\u0259llind\u0259 b&uuml;t&uuml;n bu realist yana\u015fma il\u0259 yana\u015f\u0131, bir az da c\u0259sar\u0259t t\u0259l\u0259b olunur. M&uuml;\u0259yy\u0259n m\u0259s\u0259l\u0259l\u0259ri &ouml;z ad\u0131 il\u0259 &ccedil;a\u011f\u0131rmaq v\u0259 daha &ccedil;ox t\u0259\u015f\u0259bb&uuml;s ir\u0259li s&uuml;rm\u0259k&hellip;<\/p>\n","protected":false},"author":1,"featured_media":251278,"comment_status":"open","ping_status":"open","sticky":false,"template":"","format":"standard","meta":{"_lmt_disableupdate":"","_lmt_disable":"","footnotes":""},"categories":[86],"tags":[],"class_list":["post-50628","post","type-post","status-publish","format-standard","has-post-thumbnail","hentry","category-siyaset"],"_links":{"self":[{"href":"https:\/\/ucnoqta.az\/index.php?rest_route=\/wp\/v2\/posts\/50628","targetHints":{"allow":["GET"]}}],"collection":[{"href":"https:\/\/ucnoqta.az\/index.php?rest_route=\/wp\/v2\/posts"}],"about":[{"href":"https:\/\/ucnoqta.az\/index.php?rest_route=\/wp\/v2\/types\/post"}],"author":[{"embeddable":true,"href":"https:\/\/ucnoqta.az\/index.php?rest_route=\/wp\/v2\/users\/1"}],"replies":[{"embeddable":true,"href":"https:\/\/ucnoqta.az\/index.php?rest_route=%2Fwp%2Fv2%2Fcomments&post=50628"}],"version-history":[{"count":0,"href":"https:\/\/ucnoqta.az\/index.php?rest_route=\/wp\/v2\/posts\/50628\/revisions"}],"wp:featuredmedia":[{"embeddable":true,"href":"https:\/\/ucnoqta.az\/index.php?rest_route=\/wp\/v2\/media\/251278"}],"wp:attachment":[{"href":"https:\/\/ucnoqta.az\/index.php?rest_route=%2Fwp%2Fv2%2Fmedia&parent=50628"}],"wp:term":[{"taxonomy":"category","embeddable":true,"href":"https:\/\/ucnoqta.az\/index.php?rest_route=%2Fwp%2Fv2%2Fcategories&post=50628"},{"taxonomy":"post_tag","embeddable":true,"href":"https:\/\/ucnoqta.az\/index.php?rest_route=%2Fwp%2Fv2%2Ftags&post=50628"}],"curies":[{"name":"wp","href":"https:\/\/api.w.org\/{rel}","templated":true}]}}