{"id":50620,"date":"2017-09-26T14:20:26","date_gmt":"2017-09-26T10:20:26","guid":{"rendered":""},"modified":"-0001-11-30T00:00:00","modified_gmt":"-0001-11-29T20:00:00","slug":"","status":"publish","type":"post","link":"https:\/\/ucnoqta.az\/?p=50620","title":{"rendered":"\u00c7exiya y\u0131\u011fmas\u0131 Bak\u0131ya 23 futbol\u00e7u il\u0259 g\u0259l\u0259c\u0259k"},"content":{"rendered":"<p><span style=\"line-height: 1.6em;\">D&Ccedil;-2018-in se&ccedil;m\u0259 m\u0259rh\u0259l\u0259sind\u0259 Az\u0259rbaycan milli il\u0259 eyni qrupda yer alan &Ccedil;exiya y\u0131\u011fmas\u0131n\u0131n hey\u0259ti a&ccedil;\u0131qlan\u0131b. Ucnoqta.az Apasport.az sayt\u0131na istinad\u0259n x\u0259b\u0259r verir ki, ba\u015f m\u0259\u015fq&ccedil;i Karel Yarolim se&ccedil;m\u0259 m\u0259rh\u0259l\u0259nin Az\u0259rbaycan v\u0259 San-Marino il\u0259 ke&ccedil;iril\u0259c\u0259k son iki mat&ccedil;\u0131na 22 futbol&ccedil;u d\u0259v\u0259t edib.<\/span><br \/>\n<span style=\"line-height: 1.6em;\">Mundiala \u015fans\u0131 qalmayan &ccedil;exl\u0259rin hey\u0259tind\u0259 yeni oyun&ccedil;ular da var. Bel\u0259 ki, \u015eimon Falta v\u0259 Mixael L&uuml;ftner ilk d\u0259f\u0259 \u0259sas millinin formas\u0131n\u0131 geyinm\u0259k imkan\u0131 \u0259ld\u0259 edibl\u0259r. \u018fv\u0259zind\u0259 komandan\u0131n apar\u0131c\u0131 h&uuml;cum&ccedil;usu Patrik \u015eik z\u0259d\u0259 ucbat\u0131ndan y\u0131\u011fmadan k\u0259narda qal\u0131b.<\/span><\/p>\n<p>&nbsp;<br \/>\n<strong>Qap\u0131&ccedil;\u0131lar:<\/strong> Toma\u015f Va&ccedil;lik (&quot;Bazel&quot;, \u0130sve&ccedil;r\u0259), Toma\u015f Kubek (&quot;Renn&quot;, Fransa), Yiri Pavlenka (&quot;Verder&quot;, Almaniya)<br \/>\n<strong>M&uuml;dafi\u0259&ccedil;il\u0259r:<\/strong> Yan Boril (&quot;Slaviya&quot;), Pavel Kaderabek (&quot;Hoffenhaym&quot;, Almaniya), Teodor Gebre-Selassie (&quot;Verder&quot;, Almaniya), Marek Su\u015fi (&quot;Bazel&quot;, \u0130sve&ccedil;r\u0259), Toma\u015f Kalas (&quot;Fulhem&quot;, \u0130ngilt\u0259r\u0259), Filip Novak (&quot;Midtyulland&quot;, Danimarka), Yakub Brabe&ccedil; (&quot;Genk&quot;, Bel&ccedil;ika), Mixael L&uuml;ftner (&quot;Kopenhagen&quot;, Danimarka)<br \/>\n<strong>Yar\u0131mm&uuml;dafi\u0259&ccedil;il\u0259r:<\/strong> \u015eimon Falta (&quot;Siqma&quot;), Vladimir Darida (&quot;Herta&quot;, Almaniya), Borek Dokal (&quot;Henan&quot;, &Ccedil;in), Antonin Barak, Yakub Yankto (h\u0259r ikisi &quot;Udineze&quot;, \u0130taliya), Yan Kopi&ccedil; (&quot;Viktoriya&quot;), Toma\u015f Su\u015fek, Yaromir Zmrhal, Jozef Hu\u015fbauer (ham\u0131s\u0131 &quot;Slaviya&quot;)<br \/>\n<strong>H&uuml;cum&ccedil;ular:<\/strong> Mixal Krmen&ccedil;ik (&quot;Viktoriya&quot;), Milan \u015ekoda (&quot;Slaviya&quot;), Yan Kliment (&quot;Brondb&uuml;&quot;, Danimarka).<br \/>\n&nbsp;<br \/>\nQeyd ed\u0259k ki, oktyabr\u0131n 5-d\u0259 Bak\u0131da millimizin qona\u011f\u0131 olacaq &Ccedil;exiya bundan 3 g&uuml;n sonra San-Marinonu q\u0259bul ed\u0259c\u0259k.&nbsp;<\/p>\n","protected":false},"excerpt":{"rendered":"<p>D&Ccedil;-2018-in se&ccedil;m\u0259 m\u0259rh\u0259l\u0259sind\u0259 Az\u0259rbaycan milli il\u0259 eyni qrupda yer alan &Ccedil;exiya y\u0131\u011fmas\u0131n\u0131n hey\u0259ti a&ccedil;\u0131qlan\u0131b. Ucnoqta.az Apasport.az sayt\u0131na istinad\u0259n x\u0259b\u0259r verir ki, ba\u015f m\u0259\u015fq&ccedil;i Karel Yarolim se&ccedil;m\u0259 m\u0259rh\u0259l\u0259nin Az\u0259rbaycan v\u0259 San-Marino&hellip;<\/p>\n","protected":false},"author":1,"featured_media":251278,"comment_status":"open","ping_status":"open","sticky":false,"template":"","format":"standard","meta":{"_lmt_disableupdate":"","_lmt_disable":"","footnotes":""},"categories":[90],"tags":[],"class_list":["post-50620","post","type-post","status-publish","format-standard","has-post-thumbnail","hentry","category-idman-butun-xeberler"],"_links":{"self":[{"href":"https:\/\/ucnoqta.az\/index.php?rest_route=\/wp\/v2\/posts\/50620","targetHints":{"allow":["GET"]}}],"collection":[{"href":"https:\/\/ucnoqta.az\/index.php?rest_route=\/wp\/v2\/posts"}],"about":[{"href":"https:\/\/ucnoqta.az\/index.php?rest_route=\/wp\/v2\/types\/post"}],"author":[{"embeddable":true,"href":"https:\/\/ucnoqta.az\/index.php?rest_route=\/wp\/v2\/users\/1"}],"replies":[{"embeddable":true,"href":"https:\/\/ucnoqta.az\/index.php?rest_route=%2Fwp%2Fv2%2Fcomments&post=50620"}],"version-history":[{"count":0,"href":"https:\/\/ucnoqta.az\/index.php?rest_route=\/wp\/v2\/posts\/50620\/revisions"}],"wp:featuredmedia":[{"embeddable":true,"href":"https:\/\/ucnoqta.az\/index.php?rest_route=\/wp\/v2\/media\/251278"}],"wp:attachment":[{"href":"https:\/\/ucnoqta.az\/index.php?rest_route=%2Fwp%2Fv2%2Fmedia&parent=50620"}],"wp:term":[{"taxonomy":"category","embeddable":true,"href":"https:\/\/ucnoqta.az\/index.php?rest_route=%2Fwp%2Fv2%2Fcategories&post=50620"},{"taxonomy":"post_tag","embeddable":true,"href":"https:\/\/ucnoqta.az\/index.php?rest_route=%2Fwp%2Fv2%2Ftags&post=50620"}],"curies":[{"name":"wp","href":"https:\/\/api.w.org\/{rel}","templated":true}]}}