{"id":50619,"date":"2017-09-26T14:11:05","date_gmt":"2017-09-26T10:11:05","guid":{"rendered":""},"modified":"-0001-11-30T00:00:00","modified_gmt":"-0001-11-29T20:00:00","slug":"","status":"publish","type":"post","link":"https:\/\/ucnoqta.az\/?p=50619","title":{"rendered":"\u018frdo\u011fan: <font color=red><b>&#8220;Bu yollara getm\u0259y\u0259 n\u0259 ehtiyac vard\u0131?&#8221;<\/b><\/font>"},"content":{"rendered":"<p><span style=\"line-height: 1.6em;\">&nbsp;&ldquo;Sanksiyalar\u0131 t\u0259tbiq etm\u0259y\u0259 ba\u015flayanda ortada qalacaqsan&rdquo;.&nbsp;<\/span><span style=\"line-height: 1.6em;\">&ldquo;Report&rdquo; T&uuml;rkiy\u0259 K\u0130V-in\u0259 istinad\u0259n x\u0259b\u0259r verir ki, bunu &ouml;lk\u0259 prezidenti R\u0259c\u0259b Tayyib \u018frdo\u011fan &ldquo;2017-2018-ci ill\u0259rd\u0259 Ali t\u0259hsil akademik ili&rdquo;nin a&ccedil;\u0131l\u0131\u015f m\u0259rasimind\u0259 \u0130raq\u0131n \u015fimal\u0131ndak\u0131 yerli h&ouml;kum\u0259tin t\u0259\u015f\u0259bb&uuml;s&uuml; il\u0259 ke&ccedil;iril\u0259n &ldquo;referendum&rdquo;u d\u0259y\u0259rl\u0259ndir\u0259rk\u0259n deyib.<\/span><\/p>\n<p>Onun s&ouml;zl\u0259rin\u0259 g&ouml;r\u0259, \u0130raq\u0131n \u015fimal\u0131ndak\u0131 yerli h&ouml;kum\u0259t &ldquo;referendum&rdquo;u ke&ccedil;irm\u0259kd\u0259 israr etdi: &quot;\u0130sraild\u0259n ba\u015fqa bunu d\u0259st\u0259kl\u0259y\u0259n &ouml;lk\u0259 v\u0259 beyn\u0259lxalq qurum yoxdur. Bu, b&ouml;lg\u0259d\u0259 yeni m&uuml;naqi\u015f\u0259 oca\u011f\u0131n\u0131n yaranaca\u011f\u0131ndan x\u0259b\u0259r verir. D&uuml;nya \u0130sraild\u0259n ibar\u0259t deyil. Kosovonun m&uuml;st\u0259qilliyini 114 d&ouml;vl\u0259t tan\u0131y\u0131b. Amma h\u0259l\u0259 d\u0259 &ccedil;\u0259tinlikl\u0259ri var. S\u0259n bir \u0130sraill\u0259 n\u0259 ed\u0259c\u0259ks\u0259n? &ldquo;Biz etdik, oldu&rdquo; dem\u0259kl\u0259 olmur. Olmayacaq, he&ccedil; vaxt ola bilm\u0259y\u0259c\u0259k. Sanksiyalar\u0131 t\u0259tbiq etm\u0259y\u0259 ba\u015flad\u0131qda ortada qalacaqs\u0131n\u0131z. \u018fg\u0259r neft x\u0259ttini ba\u011flasaq, i\u015f bit\u0259c\u0259k. T\u0131rlar \u0130raq\u0131n \u015fimal\u0131nda i\u015fl\u0259m\u0259diyi vaxtdan yem\u0259y\u0259 bir \u015fey tapa bilm\u0259y\u0259c\u0259kl\u0259r. Sanksiyalar\u0131 t\u0259tbiq etm\u0259y\u0259 m\u0259cburuq. Bunlara \u0130srail n\u0259yi v\u0259 haradan g&ouml;nd\u0259r\u0259c\u0259k?&quot;<br \/>\n&quot;Biz son anad\u0259k B\u0259rzaninin (\u0130raq\u0131n \u015fimal\u0131ndak\u0131 yerli h&ouml;kum\u0259tin ba\u015f&ccedil;\u0131s\u0131 M\u0259sud B\u0259rzanini n\u0259z\u0259rd\u0259 tutur &ndash; &ldquo;Report&rdquo;) bel\u0259 bir s\u0259hv add\u0131m ataca\u011f\u0131n\u0131 ehtimal etmirdik. Dem\u0259li, yan\u0131lm\u0131\u015f\u0131q. Al\u0131nan bu q\u0259rar a&ccedil;\u0131\u011f\u0131 &ouml;lk\u0259miz &uuml;&ccedil;&uuml;n d\u0259 x\u0259yan\u0259tdir. Bu m\u0259s\u0259l\u0259 B\u0259rzaninin iddia etdiyi kimi &ldquo;k&uuml;rdl\u0259rin haqq\u0131&rdquo; m\u0259s\u0259l\u0259si deyil. \u018fyal\u0259t olaraq varl\u0131\u011f\u0131n\u0131 davam etdir. Bu yollara getm\u0259y\u0259 n\u0259 ehtiyac vard\u0131? T&uuml;rkm\u0259nl\u0259r, \u0259r\u0259bl\u0259r s\u0259sverm\u0259y\u0259 getm\u0259di. &ldquo;Referendum&rdquo;u \u0130raq\u0131n \u015fimal\u0131ndak\u0131 yerli h&ouml;kum\u0259t ke&ccedil;irir. Terror&ccedil;u PKK is\u0259 bayram edir. \u0130\u015ftirak&ccedil;\u0131lar\u0131n say\u0131 da \u015f&uuml;bh\u0259lidir. Unutmay\u0131n ki, bu g&uuml;n sizi q\u0131sq\u0131rdanlar sabah &ccedil;\u0131x\u0131b ged\u0259c\u0259kl\u0259r&quot;.&nbsp;<br \/>\nT&uuml;rkiy\u0259 prezidenti bildirib ki, onlar\u0131n indiki v\u0259ziyy\u0259ti d\u0259v\u0259qu\u015funun hal\u0131na ox\u015fay\u0131r: &quot;Bu m\u0259s\u0259l\u0259l\u0259rl\u0259 ba\u011fl\u0131 \u0259limizd\u0259 &ccedil;oxlu tarixi m\u0259lumatlar var. Onlar m&uuml;zakir\u0259y\u0259 &ccedil;\u0131xar\u0131l\u0131b g&uuml;nd\u0259liy\u0259 g\u0259tiril\u0259c\u0259k. \u0130qtisadi sanksiyalardan tutmu\u015f h\u0259rbi variantlarad\u0259k b&uuml;t&uuml;n planlar masa &uuml;z\u0259rind\u0259dir. &Uuml;mid edir\u0259m ki, \u0130raq\u0131n \u015fimal\u0131ndak\u0131 yerli h&ouml;kum\u0259t a\u011fl\u0131n\u0131 ba\u015f\u0131na toplayar, bunlar\u0131n t\u0259tbiqin\u0259 ehtiyac qalmaz&rdquo;.<\/p>\n","protected":false},"excerpt":{"rendered":"<p>&nbsp;&ldquo;Sanksiyalar\u0131 t\u0259tbiq etm\u0259y\u0259 ba\u015flayanda ortada qalacaqsan&rdquo;.&nbsp;&ldquo;Report&rdquo; T&uuml;rkiy\u0259 K\u0130V-in\u0259 istinad\u0259n x\u0259b\u0259r verir ki, bunu &ouml;lk\u0259 prezidenti R\u0259c\u0259b Tayyib \u018frdo\u011fan &ldquo;2017-2018-ci ill\u0259rd\u0259 Ali t\u0259hsil akademik ili&rdquo;nin a&ccedil;\u0131l\u0131\u015f m\u0259rasimind\u0259 \u0130raq\u0131n \u015fimal\u0131ndak\u0131 yerli h&ouml;kum\u0259tin&hellip;<\/p>\n","protected":false},"author":1,"featured_media":251278,"comment_status":"open","ping_status":"open","sticky":false,"template":"","format":"standard","meta":{"_lmt_disableupdate":"","_lmt_disable":"","footnotes":""},"categories":[89],"tags":[],"class_list":["post-50619","post","type-post","status-publish","format-standard","has-post-thumbnail","hentry","category-dunya-butun-xeberler"],"_links":{"self":[{"href":"https:\/\/ucnoqta.az\/index.php?rest_route=\/wp\/v2\/posts\/50619","targetHints":{"allow":["GET"]}}],"collection":[{"href":"https:\/\/ucnoqta.az\/index.php?rest_route=\/wp\/v2\/posts"}],"about":[{"href":"https:\/\/ucnoqta.az\/index.php?rest_route=\/wp\/v2\/types\/post"}],"author":[{"embeddable":true,"href":"https:\/\/ucnoqta.az\/index.php?rest_route=\/wp\/v2\/users\/1"}],"replies":[{"embeddable":true,"href":"https:\/\/ucnoqta.az\/index.php?rest_route=%2Fwp%2Fv2%2Fcomments&post=50619"}],"version-history":[{"count":0,"href":"https:\/\/ucnoqta.az\/index.php?rest_route=\/wp\/v2\/posts\/50619\/revisions"}],"wp:featuredmedia":[{"embeddable":true,"href":"https:\/\/ucnoqta.az\/index.php?rest_route=\/wp\/v2\/media\/251278"}],"wp:attachment":[{"href":"https:\/\/ucnoqta.az\/index.php?rest_route=%2Fwp%2Fv2%2Fmedia&parent=50619"}],"wp:term":[{"taxonomy":"category","embeddable":true,"href":"https:\/\/ucnoqta.az\/index.php?rest_route=%2Fwp%2Fv2%2Fcategories&post=50619"},{"taxonomy":"post_tag","embeddable":true,"href":"https:\/\/ucnoqta.az\/index.php?rest_route=%2Fwp%2Fv2%2Ftags&post=50619"}],"curies":[{"name":"wp","href":"https:\/\/api.w.org\/{rel}","templated":true}]}}