{"id":50610,"date":"2017-09-26T12:19:16","date_gmt":"2017-09-26T08:19:16","guid":{"rendered":""},"modified":"-0001-11-30T00:00:00","modified_gmt":"-0001-11-29T20:00:00","slug":"","status":"publish","type":"post","link":"https:\/\/ucnoqta.az\/?p=50610","title":{"rendered":"Prezident \u0130lham \u018fliyev NATO ba\u015f katibinin x\u00fcsusi n\u00fcmay\u0259nd\u0259sini q\u0259bul edib- <font color=red><b>YEN\u0130L\u018fN\u0130B<\/b><\/font>"},"content":{"rendered":"<p><span style=\"line-height: 1.6em;\">Az\u0259rbaycan Prezidenti \u0130lham \u018fliyev sentyabr\u0131n 26-da NATO ba\u015f katibinin Qafqaz v\u0259 M\u0259rk\u0259zi Asiya &uuml;zr\u0259 x&uuml;susi n&uuml;may\u0259nd\u0259si Ceyms Appaturay\u0131 q\u0259bul edib.<\/span><br \/>\n<span style=\"line-height: 1.6em;\">Ceyms Appaturay NATO ad\u0131ndan &ouml;lk\u0259mizin bu t\u0259\u015fkilatla etibarl\u0131 t\u0259r\u0259fda\u015fl\u0131q h\u0259yata ke&ccedil;irm\u0259sin\u0259 g&ouml;r\u0259 minn\u0259tdarl\u0131\u011f\u0131n\u0131 ifad\u0259 etdi. Ceyms Appaturay Az\u0259rbaycan\u0131n \u018ffqan\u0131standak\u0131 s&uuml;lhm\u0259raml\u0131 missiyaya verdiyi b&ouml;y&uuml;k t&ouml;hf\u0259y\u0259 g&ouml;r\u0259 d\u0259 t\u0259\u015f\u0259kk&uuml;r&uuml;n&uuml; bildirdi.<\/span><\/p>\n<p>Prezident \u0130lham \u018fliyev &ouml;lk\u0259mizin \u018ffqan\u0131standa beyn\u0259lxalq s&uuml;lhm\u0259raml\u0131 \u0259m\u0259liyyatlar\u0131n d\u0259st\u0259kl\u0259nm\u0259si i\u015fin\u0259 sadiq oldu\u011funu vur\u011fulayaraq bildirdi ki, Az\u0259rbaycan t\u0259kc\u0259 NATO il\u0259 \u0259m\u0259kda\u015fl\u0131q &ccedil;\u0259r&ccedil;iv\u0259sind\u0259 deyil, eyni zamanda, \u018ffqan\u0131stanla m&uuml;xt\u0259lif sah\u0259l\u0259rd\u0259 ikit\u0259r\u0259fli \u0259m\u0259kda\u015fl\u0131q, o c&uuml;ml\u0259d\u0259n iqtisadi v\u0259 investisiya sah\u0259l\u0259rind\u0259 \u0259laq\u0259l\u0259r h\u0259yata ke&ccedil;irir.<\/p>\n<p>G&ouml;r&uuml;\u015fd\u0259 Az\u0259rbaycan-NATO \u0259m\u0259kda\u015fl\u0131\u011f\u0131ndan m\u0259mnunluq ifad\u0259 olundu, Erm\u0259nistan-Az\u0259rbaycan, Da\u011fl\u0131q Qaraba\u011f m&uuml;naqi\u015f\u0259sinin h\u0259lli il\u0259 ba\u011fl\u0131 dan\u0131\u015f\u0131qlar\u0131n haz\u0131rk\u0131 v\u0259ziyy\u0259ti v\u0259 perspektivl\u0259ri \u0259traf\u0131nda fikir m&uuml;badil\u0259si apar\u0131ld\u0131. S&ouml;hb\u0259t zaman\u0131 Prezident \u0130lham \u018fliyev Erm\u0259nistan t\u0259r\u0259finin dan\u0131\u015f\u0131qlar\u0131n imitasiyas\u0131 il\u0259 m\u0259\u015f\u011ful oldu\u011funu dedi v\u0259 bu prosesin dayand\u0131r\u0131lmas\u0131 &uuml;&ccedil;&uuml;n \u0259lind\u0259n g\u0259l\u0259ni etdiyini bildirdi.<\/p>\n","protected":false},"excerpt":{"rendered":"<p>Az\u0259rbaycan Prezidenti \u0130lham \u018fliyev sentyabr\u0131n 26-da NATO ba\u015f katibinin Qafqaz v\u0259 M\u0259rk\u0259zi Asiya &uuml;zr\u0259 x&uuml;susi n&uuml;may\u0259nd\u0259si Ceyms Appaturay\u0131 q\u0259bul edib. Ceyms Appaturay NATO ad\u0131ndan &ouml;lk\u0259mizin bu t\u0259\u015fkilatla etibarl\u0131 t\u0259r\u0259fda\u015fl\u0131q h\u0259yata&hellip;<\/p>\n","protected":false},"author":1,"featured_media":251278,"comment_status":"open","ping_status":"open","sticky":false,"template":"","format":"standard","meta":{"_lmt_disableupdate":"","_lmt_disable":"","footnotes":""},"categories":[],"tags":[],"class_list":["post-50610","post","type-post","status-publish","format-standard","has-post-thumbnail","hentry"],"_links":{"self":[{"href":"https:\/\/ucnoqta.az\/index.php?rest_route=\/wp\/v2\/posts\/50610","targetHints":{"allow":["GET"]}}],"collection":[{"href":"https:\/\/ucnoqta.az\/index.php?rest_route=\/wp\/v2\/posts"}],"about":[{"href":"https:\/\/ucnoqta.az\/index.php?rest_route=\/wp\/v2\/types\/post"}],"author":[{"embeddable":true,"href":"https:\/\/ucnoqta.az\/index.php?rest_route=\/wp\/v2\/users\/1"}],"replies":[{"embeddable":true,"href":"https:\/\/ucnoqta.az\/index.php?rest_route=%2Fwp%2Fv2%2Fcomments&post=50610"}],"version-history":[{"count":0,"href":"https:\/\/ucnoqta.az\/index.php?rest_route=\/wp\/v2\/posts\/50610\/revisions"}],"wp:featuredmedia":[{"embeddable":true,"href":"https:\/\/ucnoqta.az\/index.php?rest_route=\/wp\/v2\/media\/251278"}],"wp:attachment":[{"href":"https:\/\/ucnoqta.az\/index.php?rest_route=%2Fwp%2Fv2%2Fmedia&parent=50610"}],"wp:term":[{"taxonomy":"category","embeddable":true,"href":"https:\/\/ucnoqta.az\/index.php?rest_route=%2Fwp%2Fv2%2Fcategories&post=50610"},{"taxonomy":"post_tag","embeddable":true,"href":"https:\/\/ucnoqta.az\/index.php?rest_route=%2Fwp%2Fv2%2Ftags&post=50610"}],"curies":[{"name":"wp","href":"https:\/\/api.w.org\/{rel}","templated":true}]}}