{"id":50608,"date":"2017-09-26T12:05:54","date_gmt":"2017-09-26T08:05:54","guid":{"rendered":""},"modified":"-0001-11-30T00:00:00","modified_gmt":"-0001-11-29T20:00:00","slug":"","status":"publish","type":"post","link":"https:\/\/ucnoqta.az\/?p=50608","title":{"rendered":"G\u0259d\u0259b\u0259yd\u0259 ata-anas\u0131n\u0131 q\u0259tl\u0259 yetir\u0259n \u015f\u0259xs tutulub: <font color=red><b>Bac\u0131s\u0131n\u0131 v\u0259 \u00f6vlad\u0131n\u0131 da \u00f6ld\u00fcrm\u0259k ist\u0259yirmi\u015f<\/b><\/font>"},"content":{"rendered":"<p><span style=\"line-height: 1.6em;\">G\u0259d\u0259b\u0259yd\u0259 ata-anas\u0131n\u0131 q\u0259tl\u0259 yetir\u0259n \u015f\u0259xs tutulub. Ucnoqta.az x\u0259b\u0259r verir ki,&nbsp;<\/span><span style=\"line-height: 1.6em;\">Rayon Polis \u015e&ouml;b\u0259sind\u0259n APA-ya&nbsp;veril\u0259n m\u0259lumata g&ouml;r\u0259, h\u0259yata ke&ccedil;iril\u0259n \u0259m\u0259liyyat t\u0259dbirl\u0259ri n\u0259tic\u0259sind\u0259 \u015e&ouml;hr\u0259t M\u0259simov rayonun D\u0259yirmanda\u011f k\u0259ndi \u0259razisind\u0259 Qaraba\u011fl\u0131lar adlanan \u0259razid\u0259 k&ouml;hn\u0259 tikilid\u0259 gizl\u0259ndiyi m\u0259lum olub v\u0259 o h\u0259min yerd\u0259 tutulub.<\/span><br \/>\nM\u0259lumatlara g&ouml;r\u0259, hadis\u0259 ail\u0259 m&uuml;naqi\u015f\u0259si z\u0259minind\u0259 ba\u015f verib. Bildirilir ki, \u015e. M\u0259simov ata-anas\u0131n\u0131 \u015e\u0259mkir rayonunda ya\u015fayan bac\u0131s\u0131na g&ouml;r\u0259 q\u0259tl\u0259 yetirib. O, bac\u0131s\u0131n\u0131 m&uuml;\u0259yy\u0259n s\u0259b\u0259bl\u0259r\u0259 g&ouml;r\u0259 q\u0259bul etm\u0259yib, ata-anas\u0131na onu ev\u0259 buraxd\u0131qlar\u0131na g&ouml;r\u0259 etiraz edib.<br \/>\nM\u0259lumatlarda o da bildirilir k\u0130, \u015e. M\u0259simov bac\u0131s\u0131n\u0131 v\u0259 onun &ouml;vlad\u0131n\u0131 da q\u0259tl\u0259 yetirm\u0259k niyy\u0259tind\u0259 olub.&nbsp;<\/p>\n<p><span style=\"line-height: 1.6em;\">Qeyd ed\u0259k ki, Daxili \u0130\u015fl\u0259r Nazirliyinin yayd\u0131\u011f\u0131 m\u0259lumata g&ouml;r\u0259, sentyabr\u0131n 21-d\u0259 G\u0259d\u0259b\u0259y rayonunun Qurud\u0259r\u0259 k\u0259ndind\u0259 ya\u015fayan \u015e&ouml;hr\u0259t M\u0259simov evind\u0259 ail\u0259-m\u0259i\u015f\u0259t m&uuml;naqi\u015f\u0259si z\u0259minind\u0259 atas\u0131 Mikay\u0131l\u0131 v\u0259 anas\u0131 Aynan\u0131 b\u0131&ccedil;aqla q\u0259tl\u0259 yetirib hadis\u0259 yerini t\u0259rk edib.<\/span><br \/>\n<span style=\"line-height: 1.6em;\">Faktla \u0259laq\u0259dar cinay\u0259t i\u015fi ba\u015flan\u0131b.<\/span><\/p>\n","protected":false},"excerpt":{"rendered":"<p>G\u0259d\u0259b\u0259yd\u0259 ata-anas\u0131n\u0131 q\u0259tl\u0259 yetir\u0259n \u015f\u0259xs tutulub. Ucnoqta.az x\u0259b\u0259r verir ki,&nbsp;Rayon Polis \u015e&ouml;b\u0259sind\u0259n APA-ya&nbsp;veril\u0259n m\u0259lumata g&ouml;r\u0259, h\u0259yata ke&ccedil;iril\u0259n \u0259m\u0259liyyat t\u0259dbirl\u0259ri n\u0259tic\u0259sind\u0259 \u015e&ouml;hr\u0259t M\u0259simov rayonun D\u0259yirmanda\u011f k\u0259ndi \u0259razisind\u0259 Qaraba\u011fl\u0131lar adlanan \u0259razid\u0259 k&ouml;hn\u0259&hellip;<\/p>\n","protected":false},"author":1,"featured_media":251278,"comment_status":"open","ping_status":"open","sticky":false,"template":"","format":"standard","meta":{"_lmt_disableupdate":"","_lmt_disable":"","footnotes":""},"categories":[],"tags":[],"class_list":["post-50608","post","type-post","status-publish","format-standard","has-post-thumbnail","hentry"],"_links":{"self":[{"href":"https:\/\/ucnoqta.az\/index.php?rest_route=\/wp\/v2\/posts\/50608","targetHints":{"allow":["GET"]}}],"collection":[{"href":"https:\/\/ucnoqta.az\/index.php?rest_route=\/wp\/v2\/posts"}],"about":[{"href":"https:\/\/ucnoqta.az\/index.php?rest_route=\/wp\/v2\/types\/post"}],"author":[{"embeddable":true,"href":"https:\/\/ucnoqta.az\/index.php?rest_route=\/wp\/v2\/users\/1"}],"replies":[{"embeddable":true,"href":"https:\/\/ucnoqta.az\/index.php?rest_route=%2Fwp%2Fv2%2Fcomments&post=50608"}],"version-history":[{"count":0,"href":"https:\/\/ucnoqta.az\/index.php?rest_route=\/wp\/v2\/posts\/50608\/revisions"}],"wp:featuredmedia":[{"embeddable":true,"href":"https:\/\/ucnoqta.az\/index.php?rest_route=\/wp\/v2\/media\/251278"}],"wp:attachment":[{"href":"https:\/\/ucnoqta.az\/index.php?rest_route=%2Fwp%2Fv2%2Fmedia&parent=50608"}],"wp:term":[{"taxonomy":"category","embeddable":true,"href":"https:\/\/ucnoqta.az\/index.php?rest_route=%2Fwp%2Fv2%2Fcategories&post=50608"},{"taxonomy":"post_tag","embeddable":true,"href":"https:\/\/ucnoqta.az\/index.php?rest_route=%2Fwp%2Fv2%2Ftags&post=50608"}],"curies":[{"name":"wp","href":"https:\/\/api.w.org\/{rel}","templated":true}]}}