{"id":50607,"date":"2017-09-26T11:49:36","date_gmt":"2017-09-26T07:49:36","guid":{"rendered":""},"modified":"-0001-11-30T00:00:00","modified_gmt":"-0001-11-29T20:00:00","slug":"","status":"publish","type":"post","link":"https:\/\/ucnoqta.az\/?p=50607","title":{"rendered":"La\u00e7\u0131n R\u0130H-nin \u015f\u00f6b\u0259 m\u00fcdirinin \u0130raq K\u00fcrd\u00fcstan\u0131nda referendumu d\u0259st\u0259kl\u0259m\u0259si m\u0259s\u0259l\u0259si ara\u015fd\u0131r\u0131l\u0131r"},"content":{"rendered":"<p><span style=\"line-height: 1.6em;\">La&ccedil;\u0131n rayon \u0130cra Hakimiyy\u0259tinin h&uuml;quq \u015f&ouml;b\u0259sinin m&uuml;diri Fizuli Tanirverdiyevin sosial \u015f\u0259b\u0259k\u0259l\u0259rd\u0259 \u0130raq K&uuml;rd&uuml;stan\u0131nda ke&ccedil;iril\u0259n m&uuml;st\u0259qillik referendumunu d\u0259st\u0259kl\u0259y\u0259n fotolar payla\u015fmas\u0131 m\u0259s\u0259l\u0259si ara\u015fd\u0131r\u0131l\u0131r. Bu m\u0259s\u0259l\u0259 n\u0259zar\u0259td\u0259dir.<\/span><br \/>\n<span style=\"line-height: 1.6em;\">Ucnoqta.az x\u0259b\u0259r verir ki, h&uuml;quq-m&uuml;hafiz\u0259 orqanlar\u0131ndan APA-ya bildirilib ki, \u015f&ouml;b\u0259 m&uuml;dirinin \u0259m\u0259lind\u0259 qanun pozuntusu m&uuml;\u0259yy\u0259n edil\u0259c\u0259yi t\u0259qdird\u0259 m\u0259s\u0259l\u0259y\u0259 h&uuml;quqi qiym\u0259t veril\u0259c\u0259k.<\/span><br \/>\n<span style=\"line-height: 1.6em;\">Qeyd ed\u0259k ki, Fizuli Tanirverdiyev &ouml;z&uuml;n&uuml;n Facebook s\u0259hif\u0259sind\u0259 \u0130raq K&uuml;rd&uuml;stan\u0131n\u0131n m&uuml;st\u0259qilliyini d\u0259st\u0259kl\u0259diyini bildirib, \u015eimali \u0130raq K&uuml;rd Muxtariyy\u0259tinin r\u0259hb\u0259ri B\u0259rzaninin M\u0259sud fotolar\u0131n\u0131 payla\u015f\u0131b.<\/span><\/p>\n","protected":false},"excerpt":{"rendered":"<p>La&ccedil;\u0131n rayon \u0130cra Hakimiyy\u0259tinin h&uuml;quq \u015f&ouml;b\u0259sinin m&uuml;diri Fizuli Tanirverdiyevin sosial \u015f\u0259b\u0259k\u0259l\u0259rd\u0259 \u0130raq K&uuml;rd&uuml;stan\u0131nda ke&ccedil;iril\u0259n m&uuml;st\u0259qillik referendumunu d\u0259st\u0259kl\u0259y\u0259n fotolar payla\u015fmas\u0131 m\u0259s\u0259l\u0259si ara\u015fd\u0131r\u0131l\u0131r. Bu m\u0259s\u0259l\u0259 n\u0259zar\u0259td\u0259dir. Ucnoqta.az x\u0259b\u0259r verir ki, h&uuml;quq-m&uuml;hafiz\u0259 orqanlar\u0131ndan&hellip;<\/p>\n","protected":false},"author":1,"featured_media":251278,"comment_status":"open","ping_status":"open","sticky":false,"template":"","format":"standard","meta":{"_lmt_disableupdate":"","_lmt_disable":"","footnotes":""},"categories":[],"tags":[],"class_list":["post-50607","post","type-post","status-publish","format-standard","has-post-thumbnail","hentry"],"_links":{"self":[{"href":"https:\/\/ucnoqta.az\/index.php?rest_route=\/wp\/v2\/posts\/50607","targetHints":{"allow":["GET"]}}],"collection":[{"href":"https:\/\/ucnoqta.az\/index.php?rest_route=\/wp\/v2\/posts"}],"about":[{"href":"https:\/\/ucnoqta.az\/index.php?rest_route=\/wp\/v2\/types\/post"}],"author":[{"embeddable":true,"href":"https:\/\/ucnoqta.az\/index.php?rest_route=\/wp\/v2\/users\/1"}],"replies":[{"embeddable":true,"href":"https:\/\/ucnoqta.az\/index.php?rest_route=%2Fwp%2Fv2%2Fcomments&post=50607"}],"version-history":[{"count":0,"href":"https:\/\/ucnoqta.az\/index.php?rest_route=\/wp\/v2\/posts\/50607\/revisions"}],"wp:featuredmedia":[{"embeddable":true,"href":"https:\/\/ucnoqta.az\/index.php?rest_route=\/wp\/v2\/media\/251278"}],"wp:attachment":[{"href":"https:\/\/ucnoqta.az\/index.php?rest_route=%2Fwp%2Fv2%2Fmedia&parent=50607"}],"wp:term":[{"taxonomy":"category","embeddable":true,"href":"https:\/\/ucnoqta.az\/index.php?rest_route=%2Fwp%2Fv2%2Fcategories&post=50607"},{"taxonomy":"post_tag","embeddable":true,"href":"https:\/\/ucnoqta.az\/index.php?rest_route=%2Fwp%2Fv2%2Ftags&post=50607"}],"curies":[{"name":"wp","href":"https:\/\/api.w.org\/{rel}","templated":true}]}}