{"id":50606,"date":"2017-09-26T11:46:52","date_gmt":"2017-09-26T07:46:52","guid":{"rendered":""},"modified":"-0001-11-30T00:00:00","modified_gmt":"-0001-11-29T20:00:00","slug":"","status":"publish","type":"post","link":"https:\/\/ucnoqta.az\/?p=50606","title":{"rendered":"Ba\u015f nazirin m\u00fcavini: <font color=red><b>&#8220;Sovetski&#8221;d\u0259 g\u0259l\u0259n il\u0259 q\u0259d\u0259r s\u00f6k\u00fcnt\u00fc i\u015fl\u0259ri apar\u0131lmayacaq<\/b><\/font>"},"content":{"rendered":"<p><span style=\"line-height: 1.6em;\">&quot;Bak\u0131n\u0131n &ldquo;Sovetski&rdquo; adlanan \u0259razisind\u0259 haz\u0131rk\u0131 m\u0259rh\u0259l\u0259d\u0259 g\u0259l\u0259n il\u0259 q\u0259d\u0259r y\u0259qin ki, s&ouml;k&uuml;nt&uuml; i\u015fl\u0259ri apar\u0131lmayacaq. G\u0259l\u0259n il &uuml;&ccedil;&uuml;n proqram haz\u0131rlan\u0131r. Ona g&ouml;r\u0259 d\u0259 indid\u0259n d\u0259qiq n\u0259s\u0259 dem\u0259k m&uuml;mk&uuml;n deyil&rdquo;.&nbsp;<\/span><span style=\"line-height: 1.6em;\">Bunu jurnalistl\u0259r\u0259 a&ccedil;\u0131qlamas\u0131nda Ba\u015f nazirin m&uuml;avini Abid \u015e\u0259rifov deyib.<\/span><br \/>\n<span style=\"line-height: 1.6em;\">O bildirib ki, &ldquo;Sovetksi&rdquo; adlanan \u0259razid\u0259 birinci g&uuml;nd\u0259n son vaxta q\u0259d\u0259r he&ccedil; kim orada bel\u0259 yax\u015f\u0131 \u015f\u0259rait qurulmas\u0131na inanm\u0131rd\u0131:<\/span><br \/>\n<span style=\"line-height: 1.6em;\">&ldquo;&Ccedil;ox adam d&uuml;\u015f&uuml;n&uuml;rd&uuml; ki, orada yeni evl\u0259r tikil\u0259c\u0259k. H\u0259min insanlar &ouml;zl\u0259ri &uuml;&ccedil;&uuml;n yax\u015f\u0131 \u015f\u0259raitli ev ala bildil\u0259r. Orada yarad\u0131lan \u015f\u0259rait ham\u0131s\u0131 insanlar &uuml;&ccedil;&uuml;nd&uuml;r&rdquo;.trend<\/span><\/p>\n","protected":false},"excerpt":{"rendered":"<p>&quot;Bak\u0131n\u0131n &ldquo;Sovetski&rdquo; adlanan \u0259razisind\u0259 haz\u0131rk\u0131 m\u0259rh\u0259l\u0259d\u0259 g\u0259l\u0259n il\u0259 q\u0259d\u0259r y\u0259qin ki, s&ouml;k&uuml;nt&uuml; i\u015fl\u0259ri apar\u0131lmayacaq. G\u0259l\u0259n il &uuml;&ccedil;&uuml;n proqram haz\u0131rlan\u0131r. Ona g&ouml;r\u0259 d\u0259 indid\u0259n d\u0259qiq n\u0259s\u0259 dem\u0259k m&uuml;mk&uuml;n deyil&rdquo;.&nbsp;Bunu jurnalistl\u0259r\u0259 a&ccedil;\u0131qlamas\u0131nda&hellip;<\/p>\n","protected":false},"author":1,"featured_media":251278,"comment_status":"open","ping_status":"open","sticky":false,"template":"","format":"standard","meta":{"_lmt_disableupdate":"","_lmt_disable":"","footnotes":""},"categories":[],"tags":[],"class_list":["post-50606","post","type-post","status-publish","format-standard","has-post-thumbnail","hentry"],"_links":{"self":[{"href":"https:\/\/ucnoqta.az\/index.php?rest_route=\/wp\/v2\/posts\/50606","targetHints":{"allow":["GET"]}}],"collection":[{"href":"https:\/\/ucnoqta.az\/index.php?rest_route=\/wp\/v2\/posts"}],"about":[{"href":"https:\/\/ucnoqta.az\/index.php?rest_route=\/wp\/v2\/types\/post"}],"author":[{"embeddable":true,"href":"https:\/\/ucnoqta.az\/index.php?rest_route=\/wp\/v2\/users\/1"}],"replies":[{"embeddable":true,"href":"https:\/\/ucnoqta.az\/index.php?rest_route=%2Fwp%2Fv2%2Fcomments&post=50606"}],"version-history":[{"count":0,"href":"https:\/\/ucnoqta.az\/index.php?rest_route=\/wp\/v2\/posts\/50606\/revisions"}],"wp:featuredmedia":[{"embeddable":true,"href":"https:\/\/ucnoqta.az\/index.php?rest_route=\/wp\/v2\/media\/251278"}],"wp:attachment":[{"href":"https:\/\/ucnoqta.az\/index.php?rest_route=%2Fwp%2Fv2%2Fmedia&parent=50606"}],"wp:term":[{"taxonomy":"category","embeddable":true,"href":"https:\/\/ucnoqta.az\/index.php?rest_route=%2Fwp%2Fv2%2Fcategories&post=50606"},{"taxonomy":"post_tag","embeddable":true,"href":"https:\/\/ucnoqta.az\/index.php?rest_route=%2Fwp%2Fv2%2Ftags&post=50606"}],"curies":[{"name":"wp","href":"https:\/\/api.w.org\/{rel}","templated":true}]}}