{"id":50604,"date":"2017-09-26T11:12:09","date_gmt":"2017-09-26T07:12:09","guid":{"rendered":""},"modified":"-0001-11-30T00:00:00","modified_gmt":"-0001-11-29T20:00:00","slug":"","status":"publish","type":"post","link":"https:\/\/ucnoqta.az\/?p=50604","title":{"rendered":"Elzadan yeni \u015feir: <font color=red><b>&#8220;Yedim, yedim, dibini yedim&#8221;<\/b><\/font>"},"content":{"rendered":"<p>Ekstravaqant s\u0259n\u0259t&ccedil;i Elza Seyidcahan yeni \u015feir yaz\u0131b.<br \/>\nUcnoqta.az Publika.az-a istinad\u0259n \u018fm\u0259kdar artistin &ldquo;De\u015fik-de\u015fik d&uuml;nyaya&rdquo; adl\u0131 yeni \u015feirini t\u0259qdim edir:<\/p>\n<p>Qazan\u0131m da\u015fd\u0131<br \/>\nK\u0259fini yedim<br \/>\nQapa\u011f\u0131n\u0131 a&ccedil;d\u0131m<br \/>\n&Uuml;z&uuml;n&uuml; yedim.<br \/>\nQar\u0131\u015fd\u0131r\u0131b i&ccedil;ini yedim<br \/>\nYedim, yedim<br \/>\nDibini yedim.<br \/>\nQaz\u0131b, qaz\u0131b de\u015fdim dibini<br \/>\nQazan\u0131n.<br \/>\nK\u0259fkirim az\u0131b<br \/>\nDibi de\u015fik qazandan<br \/>\n&Ccedil;\u0131xd\u0131 havaya,<br \/>\nM\u0259n d\u0259 baxd\u0131m<br \/>\nK\u0259fkird\u0259n<br \/>\nDe\u015fik-de\u015fik d&uuml;nyaya.<br \/>\nQonaq olduq<br \/>\nH\u0259sr\u0259tini &ccedil;\u0259kdiyim<br \/>\nR&ouml;yaya.<br \/>\nBuzlanm\u0131\u015f \u015faxtadan beynim<br \/>\n\u0130sti \u015forbayad\u0131r meylim.<br \/>\nK&ouml;hn\u0259 saat k\u0259fkiri<br \/>\n&Ccedil;al\u0131rd\u0131 tamam.<br \/>\nT\u0259z\u0259 d\u0259rdin ya\u015flar\u0131<br \/>\nBurnumdan daman.<br \/>\nG&uuml;nahlar\u0131m\u0131 i&ccedil;imd\u0259<br \/>\nM\u0259n bo\u011fan adam.<br \/>\nK&ouml;hn\u0259 saat k\u0259fkiri<br \/>\nVur, vur<br \/>\nVur \u0259qr\u0259bi<br \/>\n&Ccedil;als\u0131n, &ccedil;als\u0131n.<br \/>\nSaniy\u0259l\u0259r s\u0259s sals\u0131n<br \/>\nBurnum ax\u0131r<br \/>\nF&uuml;rs\u0259r bax\u0131r,<br \/>\nK&ouml;hn\u0259 &ccedil;ax\u0131r<br \/>\nVaxt yeti\u015fir<br \/>\nK\u0259fkir vurur tamam\u0131,<br \/>\n\u018fqr\u0259b &ccedil;al\u0131r zaman\u0131<br \/>\nS\u0259s d&uuml;\u015f\u0259nd\u0259 axan\u0131<br \/>\n&Ccedil;\u0259kin, udun,<br \/>\nSilin, at\u0131n<br \/>\nBurnunuzdan pisl\u0259ri<br \/>\nK&ouml;hn\u0259 saat k\u0259fkiri<br \/>\nG&ouml;r&uuml;r hissl\u0259ri,<br \/>\n&Ouml;rt&uuml;r bizl\u0259ri.<\/p>\n","protected":false},"excerpt":{"rendered":"<p>Ekstravaqant s\u0259n\u0259t&ccedil;i Elza Seyidcahan yeni \u015feir yaz\u0131b. Ucnoqta.az Publika.az-a istinad\u0259n \u018fm\u0259kdar artistin &ldquo;De\u015fik-de\u015fik d&uuml;nyaya&rdquo; adl\u0131 yeni \u015feirini t\u0259qdim edir: Qazan\u0131m da\u015fd\u0131 K\u0259fini yedim Qapa\u011f\u0131n\u0131 a&ccedil;d\u0131m &Uuml;z&uuml;n&uuml; yedim. Qar\u0131\u015fd\u0131r\u0131b i&ccedil;ini yedim&hellip;<\/p>\n","protected":false},"author":1,"featured_media":251278,"comment_status":"open","ping_status":"open","sticky":false,"template":"","format":"standard","meta":{"_lmt_disableupdate":"","_lmt_disable":"","footnotes":""},"categories":[92],"tags":[],"class_list":["post-50604","post","type-post","status-publish","format-standard","has-post-thumbnail","hentry","category-maqazin"],"_links":{"self":[{"href":"https:\/\/ucnoqta.az\/index.php?rest_route=\/wp\/v2\/posts\/50604","targetHints":{"allow":["GET"]}}],"collection":[{"href":"https:\/\/ucnoqta.az\/index.php?rest_route=\/wp\/v2\/posts"}],"about":[{"href":"https:\/\/ucnoqta.az\/index.php?rest_route=\/wp\/v2\/types\/post"}],"author":[{"embeddable":true,"href":"https:\/\/ucnoqta.az\/index.php?rest_route=\/wp\/v2\/users\/1"}],"replies":[{"embeddable":true,"href":"https:\/\/ucnoqta.az\/index.php?rest_route=%2Fwp%2Fv2%2Fcomments&post=50604"}],"version-history":[{"count":0,"href":"https:\/\/ucnoqta.az\/index.php?rest_route=\/wp\/v2\/posts\/50604\/revisions"}],"wp:featuredmedia":[{"embeddable":true,"href":"https:\/\/ucnoqta.az\/index.php?rest_route=\/wp\/v2\/media\/251278"}],"wp:attachment":[{"href":"https:\/\/ucnoqta.az\/index.php?rest_route=%2Fwp%2Fv2%2Fmedia&parent=50604"}],"wp:term":[{"taxonomy":"category","embeddable":true,"href":"https:\/\/ucnoqta.az\/index.php?rest_route=%2Fwp%2Fv2%2Fcategories&post=50604"},{"taxonomy":"post_tag","embeddable":true,"href":"https:\/\/ucnoqta.az\/index.php?rest_route=%2Fwp%2Fv2%2Ftags&post=50604"}],"curies":[{"name":"wp","href":"https:\/\/api.w.org\/{rel}","templated":true}]}}