{"id":50600,"date":"2017-09-26T10:56:15","date_gmt":"2017-09-26T06:56:15","guid":{"rendered":""},"modified":"-0001-11-30T00:00:00","modified_gmt":"-0001-11-29T20:00:00","slug":"","status":"publish","type":"post","link":"https:\/\/ucnoqta.az\/?p=50600","title":{"rendered":"<b>Prezident \u0130lham \u018fliyev Angela Merkel\u0259 t\u0259brik \u00fcnvanlay\u0131b<\/b>"},"content":{"rendered":"<p>Az\u0259rbaycan Respublikas\u0131n\u0131n Prezidenti \u0130lham \u018fliyev Almaniya Federativ Respublikas\u0131n\u0131n Federal Kansleri xan\u0131m Angela Merkel\u0259 t\u0259brik m\u0259ktubu &uuml;nvanlay\u0131b.<\/p>\n<p>T\u0259brik m\u0259tnind\u0259 deyilir:<\/p>\n<p>&ldquo;H&ouml;rm\u0259tli xan\u0131m Federal Kansler,<\/p>\n<p>Ba\u015f&ccedil;\u0131l\u0131q etdiyiniz Xristian Demokratlar \u0130ttifaq\u0131\/Xristian Sosialistl\u0259r \u0130ttifaq\u0131 alyans\u0131n\u0131n parlament se&ccedil;kil\u0259rind\u0259 q\u0259l\u0259b\u0259si m&uuml;nasib\u0259til\u0259 Sizi s\u0259mimi q\u0259lbd\u0259n t\u0259brik edir\u0259m. Bu q\u0259l\u0259b\u0259 h\u0259yata ke&ccedil;irdiyiniz siyas\u0259tin Almaniya c\u0259miyy\u0259ti t\u0259r\u0259find\u0259n d\u0259st\u0259kl\u0259nm\u0259sinin, \u015f\u0259xs\u0259n Siz\u0259 b\u0259sl\u0259n\u0259n inam v\u0259 etimad\u0131n ifad\u0259sidir.<\/p>\n<p>&Uuml;midvaram ki, Az\u0259rbaycan il\u0259 Almaniya aras\u0131ndak\u0131 dostluq m&uuml;nasib\u0259tl\u0259rinin, siyasi, iqtisadi v\u0259 humanitar \u0259laq\u0259l\u0259rimizin daha da m&ouml;hk\u0259ml\u0259nm\u0259si v\u0259 geni\u015fl\u0259nm\u0259si, ikit\u0259r\u0259fli v\u0259 &ccedil;oxt\u0259r\u0259fli qaydada qar\u015f\u0131l\u0131ql\u0131 sur\u0259td\u0259 faydal\u0131 \u0259m\u0259kda\u015fl\u0131\u011f\u0131m\u0131z\u0131n m&uuml;v\u0259ff\u0259qiyy\u0259tl\u0259 davam etdirilm\u0259si &uuml;&ccedil;&uuml;n bundan sonra da birg\u0259 s\u0259yl\u0259r g&ouml;st\u0259r\u0259c\u0259yik.<\/p>\n<p>Siz\u0259 m&ouml;hk\u0259m cansa\u011fl\u0131\u011f\u0131, xo\u015fb\u0259xtlik, dost Almaniya xalq\u0131n\u0131n rifah\u0131 namin\u0259 f\u0259aliyy\u0259tinizd\u0259 u\u011furlar dil\u0259yir\u0259m&rdquo;.<\/p>\n","protected":false},"excerpt":{"rendered":"<p>Az\u0259rbaycan Respublikas\u0131n\u0131n Prezidenti \u0130lham \u018fliyev Almaniya Federativ Respublikas\u0131n\u0131n Federal Kansleri xan\u0131m Angela Merkel\u0259 t\u0259brik m\u0259ktubu &uuml;nvanlay\u0131b. T\u0259brik m\u0259tnind\u0259 deyilir: &ldquo;H&ouml;rm\u0259tli xan\u0131m Federal Kansler, Ba\u015f&ccedil;\u0131l\u0131q etdiyiniz Xristian Demokratlar \u0130ttifaq\u0131\/Xristian Sosialistl\u0259r \u0130ttifaq\u0131&hellip;<\/p>\n","protected":false},"author":1,"featured_media":251278,"comment_status":"open","ping_status":"open","sticky":false,"template":"","format":"standard","meta":{"_lmt_disableupdate":"","_lmt_disable":"","footnotes":""},"categories":[],"tags":[],"class_list":["post-50600","post","type-post","status-publish","format-standard","has-post-thumbnail","hentry"],"_links":{"self":[{"href":"https:\/\/ucnoqta.az\/index.php?rest_route=\/wp\/v2\/posts\/50600","targetHints":{"allow":["GET"]}}],"collection":[{"href":"https:\/\/ucnoqta.az\/index.php?rest_route=\/wp\/v2\/posts"}],"about":[{"href":"https:\/\/ucnoqta.az\/index.php?rest_route=\/wp\/v2\/types\/post"}],"author":[{"embeddable":true,"href":"https:\/\/ucnoqta.az\/index.php?rest_route=\/wp\/v2\/users\/1"}],"replies":[{"embeddable":true,"href":"https:\/\/ucnoqta.az\/index.php?rest_route=%2Fwp%2Fv2%2Fcomments&post=50600"}],"version-history":[{"count":0,"href":"https:\/\/ucnoqta.az\/index.php?rest_route=\/wp\/v2\/posts\/50600\/revisions"}],"wp:featuredmedia":[{"embeddable":true,"href":"https:\/\/ucnoqta.az\/index.php?rest_route=\/wp\/v2\/media\/251278"}],"wp:attachment":[{"href":"https:\/\/ucnoqta.az\/index.php?rest_route=%2Fwp%2Fv2%2Fmedia&parent=50600"}],"wp:term":[{"taxonomy":"category","embeddable":true,"href":"https:\/\/ucnoqta.az\/index.php?rest_route=%2Fwp%2Fv2%2Fcategories&post=50600"},{"taxonomy":"post_tag","embeddable":true,"href":"https:\/\/ucnoqta.az\/index.php?rest_route=%2Fwp%2Fv2%2Ftags&post=50600"}],"curies":[{"name":"wp","href":"https:\/\/api.w.org\/{rel}","templated":true}]}}