{"id":50595,"date":"2017-09-26T10:23:23","date_gmt":"2017-09-26T06:23:23","guid":{"rendered":""},"modified":"-0001-11-30T00:00:00","modified_gmt":"-0001-11-29T20:00:00","slug":"","status":"publish","type":"post","link":"https:\/\/ucnoqta.az\/?p=50595","title":{"rendered":"<font color=red><b>Dekabrda \u0259fv s\u0259r\u0259ncam\u0131 imzalana bil\u0259r<\/b><\/font>"},"content":{"rendered":"<p>Yeni il bayram\u0131 v\u0259 D&uuml;nya Az\u0259rbaycanl\u0131lar\u0131n\u0131n H\u0259mr\u0259yliyi g&uuml;n&uuml; \u0259r\u0259f\u0259sind\u0259 \u0259fv s\u0259r\u0259ncam\u0131 imzalana bil\u0259r. Ucnoqta.az x\u0259b\u0259r verir ki, bu bar\u0259d\u0259 Modern.az-a Prezident yan\u0131nda \u018ffv M\u0259s\u0259l\u0259l\u0259ri Komissiyas\u0131n\u0131n &uuml;zv&uuml; \u018flim\u0259mm\u0259d Nuriyev m\u0259lumat verib. \u018f.Nuriyev bildirib ki, Komissiyas\u0131n\u0131n Katibliyin\u0259 h\u0259r g&uuml;n m&uuml;raci\u0259tl\u0259r daxil olmaqdad\u0131r: &ldquo;M&uuml;raci\u0259tl\u0259r h\u0259m m\u0259hkumlar, h\u0259m v\u0259kill\u0259ri, h\u0259m n&uuml;may\u0259nd\u0259l\u0259ri, h\u0259m ail\u0259 &uuml;zvl\u0259ri, h\u0259m d\u0259 qeyri-h&ouml;kum\u0259t t\u0259\u015fkilatlar\u0131 t\u0259r\u0259find\u0259n daxil olur. M&uuml;raci\u0259tl\u0259r ara\u015fd\u0131r\u0131l\u0131r, m&uuml;vafiq r\u0259yl\u0259r al\u0131n\u0131r, Komissiyan\u0131n iclaslar\u0131na haz\u0131rlan\u0131r&rdquo;.<\/p>\n<p>Komissiya &uuml;zv&uuml; qeyd edib ki, \u0259fv s\u0259r\u0259ncam\u0131n\u0131n verilm\u0259si&nbsp; &ouml;lk\u0259 prezidentinin s\u0259lahiyy\u0259tin\u0259 daxildir: &ldquo;\u0130claslar\u0131n &ccedil;a\u011f\u0131r\u0131lmas\u0131 Komissiyan\u0131n s\u0259dri, Prezident Administrasiyas\u0131n\u0131n r\u0259hb\u0259ri Ramiz Mehdiyevin s\u0259lahiyy\u0259tind\u0259dir. \u018ffvin vaxt\u0131 is\u0259 &ouml;lk\u0259 r\u0259hb\u0259rliyi t\u0259r\u0259find\u0259n m&uuml;\u0259yy\u0259nl\u0259\u015fdirilir.<\/p>\n<p>G&uuml;man edir\u0259m ki, Yeni il bayram\u0131 v\u0259 D&uuml;nya Az\u0259rbaycanl\u0131lar\u0131n H\u0259mr\u0259yliyi g&uuml;n&uuml; \u0259r\u0259f\u0259sind\u0259 \u0259fv s\u0259r\u0259ncam\u0131n\u0131n imzalanmas\u0131n\u0131 g&ouml;zl\u0259m\u0259k olar. &Ccedil;&uuml;nki bir qayda olaraq h\u0259r il bu \u0259r\u0259f\u0259d\u0259 c\u0259nab prezident \u0259fv s\u0259r\u0259ncam\u0131 imzalay\u0131r. T\u0259bii ki, indid\u0259n d\u0259qiq fikir s&ouml;yl\u0259m\u0259k olmaz, amma h\u0259r halda g&ouml;zl\u0259y\u0259k&rdquo;.<\/p>\n","protected":false},"excerpt":{"rendered":"<p>Yeni il bayram\u0131 v\u0259 D&uuml;nya Az\u0259rbaycanl\u0131lar\u0131n\u0131n H\u0259mr\u0259yliyi g&uuml;n&uuml; \u0259r\u0259f\u0259sind\u0259 \u0259fv s\u0259r\u0259ncam\u0131 imzalana bil\u0259r. Ucnoqta.az x\u0259b\u0259r verir ki, bu bar\u0259d\u0259 Modern.az-a Prezident yan\u0131nda \u018ffv M\u0259s\u0259l\u0259l\u0259ri Komissiyas\u0131n\u0131n &uuml;zv&uuml; \u018flim\u0259mm\u0259d Nuriyev m\u0259lumat verib.&hellip;<\/p>\n","protected":false},"author":1,"featured_media":251278,"comment_status":"open","ping_status":"open","sticky":false,"template":"","format":"standard","meta":{"_lmt_disableupdate":"","_lmt_disable":"","footnotes":""},"categories":[],"tags":[],"class_list":["post-50595","post","type-post","status-publish","format-standard","has-post-thumbnail","hentry"],"_links":{"self":[{"href":"https:\/\/ucnoqta.az\/index.php?rest_route=\/wp\/v2\/posts\/50595","targetHints":{"allow":["GET"]}}],"collection":[{"href":"https:\/\/ucnoqta.az\/index.php?rest_route=\/wp\/v2\/posts"}],"about":[{"href":"https:\/\/ucnoqta.az\/index.php?rest_route=\/wp\/v2\/types\/post"}],"author":[{"embeddable":true,"href":"https:\/\/ucnoqta.az\/index.php?rest_route=\/wp\/v2\/users\/1"}],"replies":[{"embeddable":true,"href":"https:\/\/ucnoqta.az\/index.php?rest_route=%2Fwp%2Fv2%2Fcomments&post=50595"}],"version-history":[{"count":0,"href":"https:\/\/ucnoqta.az\/index.php?rest_route=\/wp\/v2\/posts\/50595\/revisions"}],"wp:featuredmedia":[{"embeddable":true,"href":"https:\/\/ucnoqta.az\/index.php?rest_route=\/wp\/v2\/media\/251278"}],"wp:attachment":[{"href":"https:\/\/ucnoqta.az\/index.php?rest_route=%2Fwp%2Fv2%2Fmedia&parent=50595"}],"wp:term":[{"taxonomy":"category","embeddable":true,"href":"https:\/\/ucnoqta.az\/index.php?rest_route=%2Fwp%2Fv2%2Fcategories&post=50595"},{"taxonomy":"post_tag","embeddable":true,"href":"https:\/\/ucnoqta.az\/index.php?rest_route=%2Fwp%2Fv2%2Ftags&post=50595"}],"curies":[{"name":"wp","href":"https:\/\/api.w.org\/{rel}","templated":true}]}}