{"id":48488,"date":"2017-07-19T11:33:54","date_gmt":"2017-07-19T07:33:54","guid":{"rendered":""},"modified":"-0001-11-30T00:00:00","modified_gmt":"-0001-11-29T20:00:00","slug":"","status":"publish","type":"post","link":"https:\/\/ucnoqta.az\/?p=48488","title":{"rendered":"S\u0259lim M\u00fcsl\u00fcmov: <font color=red><b>&#8220;\u018fm\u0259k pensiyalar\u0131n\u0131n orta ayl\u0131q m\u0259bl\u0259\u011fi il \u0259rzind\u0259 6,4% art\u0131b&#8221;<\/b><\/font>"},"content":{"rendered":"<p><span style=\"line-height: 1.6em;\">\u018fm\u0259k pensiyalar\u0131n\u0131n orta ayl\u0131q m\u0259bl\u0259\u011fi il \u0259rzind\u0259 6,4% art\u0131b.&nbsp;<\/span><span style=\"line-height: 1.6em;\">\u018fm\u0259k v\u0259 \u018fhalinin Sosial M&uuml;dafi\u0259si Nazirliyinin \u0130ctimaiyy\u0259tl\u0259 \u0259laq\u0259l\u0259r \u015f&ouml;b\u0259sind\u0259n Trend-\u0259 veril\u0259n m\u0259lumata g&ouml;r\u0259, bunu D&ouml;vl\u0259t Sosial M&uuml;dafi\u0259 Fondunun 2017-ci ilin birinci yar\u0131s\u0131na dair f\u0259aliyy\u0259tinin n\u0259tic\u0259l\u0259rin\u0259 v\u0259 qar\u015f\u0131da duran v\u0259zif\u0259l\u0259r\u0259 h\u0259sr olunmu\u015f kollegiya iclas\u0131nda \u0259m\u0259k v\u0259 \u0259halinin sosial m&uuml;dafi\u0259si naziri S\u0259lim M&uuml;sl&uuml;mov deyib.<\/span><br \/>\n<span style=\"line-height: 1.6em;\">S.M&uuml;sl&uuml;mov bildirib ki, pensiya&ccedil;\u0131lar\u0131n sosial m&uuml;dafi\u0259sinin g&uuml;cl\u0259ndirilm\u0259si m\u0259qs\u0259dil\u0259 Az\u0259rbaycan Prezidentinin m&uuml;vafiq s\u0259r\u0259ncam\u0131na \u0259sas\u0259n 2017-ci ilin yanvar\u0131n 1-d\u0259n b&uuml;t&uuml;n n&ouml;v \u0259m\u0259k pensiyalar\u0131n\u0131n s\u0131\u011forta hiss\u0259sinin \u0259vv\u0259lki ilin istehlak qiym\u0259tl\u0259ri indeksin\u0259 uy\u011fun, y\u0259ni 12,4 faiz indeksl\u0259\u015fdiril\u0259r\u0259k art\u0131r\u0131lmas\u0131 h\u0259yata ke&ccedil;irilib:<\/span><br \/>\n<span style=\"line-height: 1.6em;\">&ldquo;&Uuml;mumiyy\u0259tl\u0259, sosial t\u0259minat sisteminin m&uuml;h&uuml;m bir sah\u0259si olan pensiya t\u0259minat\u0131 sah\u0259sind\u0259 art\u0131m dinamikas\u0131 2017-ci ild\u0259 d\u0259 davam edir. Cari ilin 1 iyul tarixin\u0259 &ouml;lk\u0259d\u0259 \u0259m\u0259k pensiyalar\u0131n\u0131n orta ayl\u0131q m\u0259bl\u0259\u011fi &ouml;t\u0259n ilin m&uuml;vafiq d&ouml;vr&uuml;n\u0259 nisb\u0259t\u0259n 6,4% artaraq 201,7 manata, o c&uuml;ml\u0259d\u0259n ya\u015fa g&ouml;r\u0259 \u0259m\u0259k pensiyalar\u0131n\u0131n orta ayl\u0131q m\u0259bl\u0259\u011fi 6,4% artaraq 224 manata &ccedil;at\u0131b. Pensiya&ccedil;\u0131lar\u0131n say\u0131 is\u0259 cari ilin 1 iyul tarixin\u0259 1 milyon 325 min n\u0259f\u0259r (&ouml;lk\u0259 \u0259halisinin 13,5%-i) t\u0259\u015fkil edir ki, onlardan 59,2 faizi ya\u015fa g&ouml;r\u0259, 11,5 faizi ail\u0259 ba\u015f&ccedil;\u0131s\u0131n\u0131 itirm\u0259y\u0259 g&ouml;r\u0259, 29,3 faizi \u0259lilliy\u0259 g&ouml;r\u0259 pensiya alanlard\u0131r&rdquo;.<\/span><\/p>\n<p>Nazir Az\u0259rbaycan Prezidenti \u0130lham \u018fliyevin 2017-ci il 01 may tarixli f\u0259rman\u0131 il\u0259 pensiya qanunvericiliyind\u0259 bu il iyulun 1-d\u0259n q&uuml;vv\u0259y\u0259 min\u0259n d\u0259yi\u015fiklikl\u0259rin pensiya t\u0259minat\u0131 sisteminin f\u0259aliyy\u0259tind\u0259 s\u0131\u011forta prinsipl\u0259rini \u0259h\u0259miyy\u0259tli \u015f\u0259kild\u0259 g&uuml;cl\u0259ndirdiyini vur\u011fulay\u0131b:<\/p>\n<p>&ldquo;Bununla da bazar iqtisadiyyat\u0131 \u015f\u0259raitind\u0259 \u0259halinin sosial m&uuml;dafi\u0259sind\u0259 m&uuml;h&uuml;m faktor kimi v\u0259t\u0259nda\u015flar\u0131n pensiya t\u0259minat\u0131 sistemind\u0259 v\u0259 &uuml;zl\u0259\u015f\u0259 bil\u0259c\u0259kl\u0259ri sosial riskl\u0259rin s\u0259m\u0259r\u0259li idar\u0259 olunmas\u0131nda, bu riskl\u0259rin m\u0259nfi n\u0259tic\u0259l\u0259rinin minimalla\u015fd\u0131r\u0131lmas\u0131nda daha f\u0259al i\u015ftirak\u0131 stimulla\u015fd\u0131r\u0131l\u0131r. Qazan\u0131lan pensiya h&uuml;quqlar\u0131 il\u0259 toplan\u0131lan s\u0131\u011forta v\u0259saitl\u0259ri aras\u0131nda balansla\u015fd\u0131rman\u0131n h\u0259yata ke&ccedil;irilm\u0259si, pensiya t\u0259minat\u0131 sistemind\u0259 t\u0259yin olunan pensiya m\u0259bl\u0259\u011finin &ouml;d\u0259nil\u0259n s\u0131\u011forta haqq\u0131na m&uuml;t\u0259nasibliyi, s\u0131\u011forta prinsipl\u0259rin\u0259 uy\u011fun olmayan &ouml;d\u0259m\u0259l\u0259rin t\u0259nziml\u0259nm\u0259si v\u0259 s. kimi m&uuml;h&uuml;m m\u0259s\u0259l\u0259l\u0259rin h\u0259lli t\u0259min olunur. Eyni zamanda bu d\u0259yi\u015fiklikl\u0259r ba\u015fl\u0131ca m\u0259qs\u0259dl\u0259rd\u0259n biri olan &#8211; pensiya t\u0259minat\u0131 sisteminin uzunm&uuml;dd\u0259tli d&ouml;vr &uuml;zr\u0259 maliyy\u0259 dayan\u0131ql\u0131l\u0131\u011f\u0131na \u0259sasl\u0131 t\u0259minat verir&rdquo;.<\/p>\n","protected":false},"excerpt":{"rendered":"<p>\u018fm\u0259k pensiyalar\u0131n\u0131n orta ayl\u0131q m\u0259bl\u0259\u011fi il \u0259rzind\u0259 6,4% art\u0131b.&nbsp;\u018fm\u0259k v\u0259 \u018fhalinin Sosial M&uuml;dafi\u0259si Nazirliyinin \u0130ctimaiyy\u0259tl\u0259 \u0259laq\u0259l\u0259r \u015f&ouml;b\u0259sind\u0259n Trend-\u0259 veril\u0259n m\u0259lumata g&ouml;r\u0259, bunu D&ouml;vl\u0259t Sosial M&uuml;dafi\u0259 Fondunun 2017-ci ilin birinci yar\u0131s\u0131na&hellip;<\/p>\n","protected":false},"author":1,"featured_media":251278,"comment_status":"open","ping_status":"open","sticky":false,"template":"","format":"standard","meta":{"_lmt_disableupdate":"","_lmt_disable":"","footnotes":""},"categories":[101],"tags":[],"class_list":["post-48488","post","type-post","status-publish","format-standard","has-post-thumbnail","hentry","category-cemiyyet"],"_links":{"self":[{"href":"https:\/\/ucnoqta.az\/index.php?rest_route=\/wp\/v2\/posts\/48488","targetHints":{"allow":["GET"]}}],"collection":[{"href":"https:\/\/ucnoqta.az\/index.php?rest_route=\/wp\/v2\/posts"}],"about":[{"href":"https:\/\/ucnoqta.az\/index.php?rest_route=\/wp\/v2\/types\/post"}],"author":[{"embeddable":true,"href":"https:\/\/ucnoqta.az\/index.php?rest_route=\/wp\/v2\/users\/1"}],"replies":[{"embeddable":true,"href":"https:\/\/ucnoqta.az\/index.php?rest_route=%2Fwp%2Fv2%2Fcomments&post=48488"}],"version-history":[{"count":0,"href":"https:\/\/ucnoqta.az\/index.php?rest_route=\/wp\/v2\/posts\/48488\/revisions"}],"wp:featuredmedia":[{"embeddable":true,"href":"https:\/\/ucnoqta.az\/index.php?rest_route=\/wp\/v2\/media\/251278"}],"wp:attachment":[{"href":"https:\/\/ucnoqta.az\/index.php?rest_route=%2Fwp%2Fv2%2Fmedia&parent=48488"}],"wp:term":[{"taxonomy":"category","embeddable":true,"href":"https:\/\/ucnoqta.az\/index.php?rest_route=%2Fwp%2Fv2%2Fcategories&post=48488"},{"taxonomy":"post_tag","embeddable":true,"href":"https:\/\/ucnoqta.az\/index.php?rest_route=%2Fwp%2Fv2%2Ftags&post=48488"}],"curies":[{"name":"wp","href":"https:\/\/api.w.org\/{rel}","templated":true}]}}