{"id":48486,"date":"2017-07-19T11:13:02","date_gmt":"2017-07-19T07:13:02","guid":{"rendered":""},"modified":"-0001-11-30T00:00:00","modified_gmt":"-0001-11-29T20:00:00","slug":"","status":"publish","type":"post","link":"https:\/\/ucnoqta.az\/?p=48486","title":{"rendered":"Elmar M\u0259mm\u0259dyarovla M\u00f6vlud \u00c7avu\u015fo\u011flu aras\u0131nda g\u00f6r\u00fc\u015f olub"},"content":{"rendered":"<p><span style=\"line-height: 1.6em;\">Bu g&uuml;n Bak\u0131da Az\u0259rbaycan v\u0259 T&uuml;rkiy\u0259 xarici i\u015fl\u0259r nazirl\u0259ri Elmar M\u0259mm\u0259dyarovla M&ouml;vlud &Ccedil;avu\u015fo\u011flu aras\u0131nda g&ouml;r&uuml;\u015f ke&ccedil;irilib.&nbsp;<\/span><span style=\"line-height: 1.6em;\">G&ouml;r&uuml;\u015fd\u0259 siyasi, iqtisadi, enerji, n\u0259qliyyat v\u0259 humanitar sah\u0259l\u0259rd\u0259 \u0259m\u0259kda\u015fl\u0131\u011f\u0131n inki\u015faf\u0131 m\u0259s\u0259l\u0259l\u0259ri, h\u0259m&ccedil;inin regional layih\u0259l\u0259rin icras\u0131 m&uuml;zakir\u0259 olunub.<\/span><br \/>\n<span style=\"line-height: 1.6em;\">H\u0259m&ccedil;inin bu g&uuml;n Bak\u0131da Az\u0259rbaycan, T&uuml;rkiy\u0259 v\u0259 T&uuml;rkm\u0259nistan X\u0130N r\u0259hb\u0259rl\u0259rinin &uuml;&ccedil;t\u0259r\u0259fli g&ouml;r&uuml;\u015f&uuml; ke&ccedil;iril\u0259c\u0259k. Bu, h\u0259min formatda 4-c&uuml; g&ouml;r&uuml;\u015f olacaq.trend<\/span><\/p>\n","protected":false},"excerpt":{"rendered":"<p>Bu g&uuml;n Bak\u0131da Az\u0259rbaycan v\u0259 T&uuml;rkiy\u0259 xarici i\u015fl\u0259r nazirl\u0259ri Elmar M\u0259mm\u0259dyarovla M&ouml;vlud &Ccedil;avu\u015fo\u011flu aras\u0131nda g&ouml;r&uuml;\u015f ke&ccedil;irilib.&nbsp;G&ouml;r&uuml;\u015fd\u0259 siyasi, iqtisadi, enerji, n\u0259qliyyat v\u0259 humanitar sah\u0259l\u0259rd\u0259 \u0259m\u0259kda\u015fl\u0131\u011f\u0131n inki\u015faf\u0131 m\u0259s\u0259l\u0259l\u0259ri, h\u0259m&ccedil;inin regional layih\u0259l\u0259rin icras\u0131&hellip;<\/p>\n","protected":false},"author":1,"featured_media":251278,"comment_status":"open","ping_status":"open","sticky":false,"template":"","format":"standard","meta":{"_lmt_disableupdate":"","_lmt_disable":"","footnotes":""},"categories":[86],"tags":[],"class_list":["post-48486","post","type-post","status-publish","format-standard","has-post-thumbnail","hentry","category-siyaset"],"_links":{"self":[{"href":"https:\/\/ucnoqta.az\/index.php?rest_route=\/wp\/v2\/posts\/48486","targetHints":{"allow":["GET"]}}],"collection":[{"href":"https:\/\/ucnoqta.az\/index.php?rest_route=\/wp\/v2\/posts"}],"about":[{"href":"https:\/\/ucnoqta.az\/index.php?rest_route=\/wp\/v2\/types\/post"}],"author":[{"embeddable":true,"href":"https:\/\/ucnoqta.az\/index.php?rest_route=\/wp\/v2\/users\/1"}],"replies":[{"embeddable":true,"href":"https:\/\/ucnoqta.az\/index.php?rest_route=%2Fwp%2Fv2%2Fcomments&post=48486"}],"version-history":[{"count":0,"href":"https:\/\/ucnoqta.az\/index.php?rest_route=\/wp\/v2\/posts\/48486\/revisions"}],"wp:featuredmedia":[{"embeddable":true,"href":"https:\/\/ucnoqta.az\/index.php?rest_route=\/wp\/v2\/media\/251278"}],"wp:attachment":[{"href":"https:\/\/ucnoqta.az\/index.php?rest_route=%2Fwp%2Fv2%2Fmedia&parent=48486"}],"wp:term":[{"taxonomy":"category","embeddable":true,"href":"https:\/\/ucnoqta.az\/index.php?rest_route=%2Fwp%2Fv2%2Fcategories&post=48486"},{"taxonomy":"post_tag","embeddable":true,"href":"https:\/\/ucnoqta.az\/index.php?rest_route=%2Fwp%2Fv2%2Ftags&post=48486"}],"curies":[{"name":"wp","href":"https:\/\/api.w.org\/{rel}","templated":true}]}}