{"id":48484,"date":"2017-07-19T10:27:03","date_gmt":"2017-07-19T06:27:03","guid":{"rendered":""},"modified":"-0001-11-30T00:00:00","modified_gmt":"-0001-11-29T20:00:00","slug":"","status":"publish","type":"post","link":"https:\/\/ucnoqta.az\/?p=48484","title":{"rendered":"T\u0259rt\u0259rd\u0259 24 min \u0259halinin ya\u015fad\u0131\u011f\u0131 20 k\u0259ndin yolu yenid\u0259n qurulur"},"content":{"rendered":"<p><span style=\"line-height: 1.6em;\">Az\u0259rbaycan Prezidentinin s\u0259r\u0259ncam\u0131na \u0259sas\u0259n 24 min n\u0259f\u0259r \u0259halinin ya\u015fad\u0131\u011f\u0131 20 ya\u015fay\u0131\u015f m\u0259nt\u0259q\u0259sini birl\u0259\u015fdir\u0259n T\u0259rt\u0259r rayonunun T\u0259rt\u0259r-Seydimli-Qarada\u011fl\u0131-Sarov avtomobil yolunun tikintisi il\u0259 ba\u011fl\u0131 i\u015fl\u0259r\u0259 start verilib.&nbsp;<\/span><span style=\"line-height: 1.6em;\">&quot;Az\u0259ravtoyol&quot; ASC-d\u0259n veril\u0259n m\u0259lumata g&ouml;r\u0259, uzunlu\u011fu 29,5 km olan avtomobil yolu III texniki d\u0259r\u0259c\u0259y\u0259 uy\u011fun yenid\u0259n qurulur.<\/span><br \/>\n<span style=\"line-height: 1.6em;\">Tikinti layih\u0259sin\u0259 uy\u011fun olaraq 2 h\u0259r\u0259k\u0259t zolaql\u0131 olmaqla yolun &uuml;mumi eni 12 metr t\u0259\u015fkil edir. Bura 7 metr enind\u0259 h\u0259r\u0259k\u0259t hiss\u0259 v\u0259 h\u0259r bir istiqam\u0259t &uuml;zr\u0259 2.5 metr enind\u0259 &ccedil;iyinl\u0259r d\u0259 daxildir.<\/span><br \/>\n<span style=\"line-height: 1.6em;\">Layih\u0259 &ccedil;\u0259r&ccedil;iv\u0259sind\u0259 s&ouml;z&uuml;ged\u0259n yolun 18 km-lik hiss\u0259sind\u0259 torpaq i\u015fl\u0259ri g&ouml;r&uuml;l\u0259r\u0259k yekunla\u015fd\u0131r\u0131l\u0131b, asfaltlanma i\u015fl\u0259rin\u0259 ba\u015flan\u0131l\u0131b. Bel\u0259 ki, z\u0259ruri olan yerl\u0259rd\u0259 yol yata\u011f\u0131n\u0131n yarars\u0131z qruntu qaz\u0131laraq k\u0259nara da\u015f\u0131n\u0131b, \u0259v\u0259zin\u0259 yararl\u0131 material t&ouml;k&uuml;l\u0259r\u0259k yenid\u0259n kipl\u0259\u015fdirm\u0259 apar\u0131laraq yeni yol yata\u011f\u0131, optimal-q\u0131rmada\u015f v\u0259 qum-&ccedil;\u0131nq\u0131ldan ibar\u0259t is\u0259 yol \u0259sas\u0131n\u0131n tikintisi apar\u0131l\u0131b. Daha sonra asfaltlanma i\u015fl\u0259rin\u0259 ba\u015flan\u0131l\u0131b. &Uuml;mumilikd\u0259 yolun 200 min kv.m-d\u0259n &ccedil;ox sah\u0259sin\u0259 2 qat olmaqla v\u0259 12 sm qal\u0131nl\u0131\u011f\u0131nda yeni asfalt-beton &ouml;rt&uuml;y&uuml; d&ouml;\u015f\u0259n\u0259c\u0259k.<\/span><br \/>\n<span style=\"line-height: 1.6em;\">T\u0259rt\u0259r-Seydimli-Qarada\u011fl\u0131-Sarov avtomobil yolunun qalan 11.5 km-lik hiss\u0259sind\u0259 is\u0259 haz\u0131rda torpaq i\u015fl\u0259ri g&ouml;r&uuml;l&uuml;r, yeni yol yata\u011f\u0131 v\u0259 yol \u0259sas\u0131 in\u015fa edilir. Yolun ya\u015fay\u0131\u015f m\u0259nt\u0259q\u0259l\u0259rind\u0259n ke&ccedil;\u0259n \u0259razil\u0259rind\u0259 yeni piyada s\u0259kil\u0259ri qurulub, s\u0259kil\u0259rin k\u0259narlar\u0131na 6 min p\/m s\u0259ki da\u015f\u0131 d&uuml;z&uuml;l&uuml;b.<\/span><br \/>\n<span style=\"line-height: 1.6em;\">Yenid\u0259nqurma i\u015fl\u0259ri &ccedil;\u0259r&ccedil;iv\u0259sind\u0259 yolun 18-ci km-d\u0259 Hinc\u0259 &ccedil;ay\u0131 &uuml;z\u0259rind\u0259 uzunlu\u011fu 12 metr olan v\u0259 istismar\u0131 ba\u015fa &ccedil;atm\u0131\u015f k&ouml;rp&uuml;n&uuml;n d\u0259 \u0259sasl\u0131 \u015f\u0259kild\u0259 b\u0259rpas\u0131 i\u015fl\u0259ri g&ouml;r&uuml;l&uuml;r. Bundan ba\u015fqa, sular\u0131n &ouml;t&uuml;r&uuml;lm\u0259si &uuml;&ccedil;&uuml;n 42 yerd\u0259 m&uuml;xt\u0259lif diametrli d\u0259mir-beton su&ouml;t&uuml;r&uuml;c&uuml; borular da qura\u015fd\u0131r\u0131lacaq.<\/span><br \/>\n<span style=\"line-height: 1.6em;\">Layih\u0259y\u0259 uy\u011fun tikinti i\u015fl\u0259ri yekunla\u015fd\u0131qdan sonra z\u0259ruri olan yerl\u0259r\u0259 189 \u0259d\u0259d yol ni\u015fan\u0131 v\u0259 m\u0259lumatverici l&ouml;vh\u0259 qura\u015fd\u0131r\u0131lacaq, yolun &uuml;fiqi ni\u015fanlanma x\u0259tl\u0259rinin &ccedil;\u0259kili\u015fi i\u015fl\u0259ri apar\u0131lacaq.<\/span><br \/>\n<span style=\"line-height: 1.6em;\">&ldquo;Az\u0259ravtoyol&rdquo; ASC-nin r\u0259hb\u0259rliyinin birba\u015fa n\u0259zar\u0259ti alt\u0131nda T\u0259rt\u0259r-Seydimli-Qarada\u011fl\u0131-Sarov avtomobil yolunun \u0259sasl\u0131 \u015f\u0259kild\u0259 yenid\u0259n qurulmas\u0131 il\u0259 v\u0259t\u0259nda\u015flar\u0131n gedi\u015f-g\u0259li\u015fi xeyli rahatla\u015facaq, y&uuml;k v\u0259 s\u0259rni\u015fin da\u015f\u0131mas\u0131 asanla\u015facaq, \u0259n \u0259sas\u0131 is\u0259 k\u0259nd t\u0259s\u0259rr&uuml;fat\u0131 daha da inki\u015faf ed\u0259c\u0259k.<\/span><\/p>\n","protected":false},"excerpt":{"rendered":"<p>Az\u0259rbaycan Prezidentinin s\u0259r\u0259ncam\u0131na \u0259sas\u0259n 24 min n\u0259f\u0259r \u0259halinin ya\u015fad\u0131\u011f\u0131 20 ya\u015fay\u0131\u015f m\u0259nt\u0259q\u0259sini birl\u0259\u015fdir\u0259n T\u0259rt\u0259r rayonunun T\u0259rt\u0259r-Seydimli-Qarada\u011fl\u0131-Sarov avtomobil yolunun tikintisi il\u0259 ba\u011fl\u0131 i\u015fl\u0259r\u0259 start verilib.&nbsp;&quot;Az\u0259ravtoyol&quot; ASC-d\u0259n veril\u0259n m\u0259lumata g&ouml;r\u0259, uzunlu\u011fu 29,5&hellip;<\/p>\n","protected":false},"author":1,"featured_media":251278,"comment_status":"open","ping_status":"open","sticky":false,"template":"","format":"standard","meta":{"_lmt_disableupdate":"","_lmt_disable":"","footnotes":""},"categories":[],"tags":[],"class_list":["post-48484","post","type-post","status-publish","format-standard","has-post-thumbnail","hentry"],"_links":{"self":[{"href":"https:\/\/ucnoqta.az\/index.php?rest_route=\/wp\/v2\/posts\/48484","targetHints":{"allow":["GET"]}}],"collection":[{"href":"https:\/\/ucnoqta.az\/index.php?rest_route=\/wp\/v2\/posts"}],"about":[{"href":"https:\/\/ucnoqta.az\/index.php?rest_route=\/wp\/v2\/types\/post"}],"author":[{"embeddable":true,"href":"https:\/\/ucnoqta.az\/index.php?rest_route=\/wp\/v2\/users\/1"}],"replies":[{"embeddable":true,"href":"https:\/\/ucnoqta.az\/index.php?rest_route=%2Fwp%2Fv2%2Fcomments&post=48484"}],"version-history":[{"count":0,"href":"https:\/\/ucnoqta.az\/index.php?rest_route=\/wp\/v2\/posts\/48484\/revisions"}],"wp:featuredmedia":[{"embeddable":true,"href":"https:\/\/ucnoqta.az\/index.php?rest_route=\/wp\/v2\/media\/251278"}],"wp:attachment":[{"href":"https:\/\/ucnoqta.az\/index.php?rest_route=%2Fwp%2Fv2%2Fmedia&parent=48484"}],"wp:term":[{"taxonomy":"category","embeddable":true,"href":"https:\/\/ucnoqta.az\/index.php?rest_route=%2Fwp%2Fv2%2Fcategories&post=48484"},{"taxonomy":"post_tag","embeddable":true,"href":"https:\/\/ucnoqta.az\/index.php?rest_route=%2Fwp%2Fv2%2Ftags&post=48484"}],"curies":[{"name":"wp","href":"https:\/\/api.w.org\/{rel}","templated":true}]}}