{"id":48482,"date":"2017-07-19T10:00:16","date_gmt":"2017-07-19T06:00:16","guid":{"rendered":""},"modified":"-0001-11-30T00:00:00","modified_gmt":"-0001-11-29T20:00:00","slug":"","status":"publish","type":"post","link":"https:\/\/ucnoqta.az\/?p=48482","title":{"rendered":"Bak\u0131da Az\u0259rbaycan, T\u00fcrkiy\u0259 v\u0259 T\u00fcrkm\u0259nistan X\u0130N ba\u015f\u00e7\u0131lar\u0131n\u0131n g\u00f6r\u00fc\u015f\u00fc ba\u015flay\u0131b"},"content":{"rendered":"<p><span style=\"line-height: 1.6em;\">&nbsp;Bak\u0131da Az\u0259rbaycan, T&uuml;rkiy\u0259 v\u0259 T&uuml;rkm\u0259nistan xarici i\u015fl\u0259r nazirl\u0259rinin d&ouml;rd&uuml;nc&uuml; &uuml;&ccedil;t\u0259r\u0259fli g&ouml;r&uuml;\u015f&uuml; ba\u015flay\u0131b.&nbsp;<\/span><span style=\"line-height: 1.6em;\">G&ouml;r&uuml;\u015fd\u0259 Az\u0259rbaycan\u0131n xarici i\u015fl\u0259r naziri Elmar M\u0259mm\u0259dyarov, onun t&uuml;rkiy\u0259li h\u0259mkar\u0131 M&ouml;vlud &Ccedil;avu\u015fo\u011flu v\u0259 T&uuml;rkm\u0259nistan\u0131n X\u0130N ba\u015f&ccedil;\u0131s\u0131 R\u0259\u015fid Meredov i\u015ftirak edir. &nbsp;<\/span><br \/>\n<span style=\"line-height: 1.6em;\">Nazirl\u0259r &uuml;&ccedil; &ouml;lk\u0259 aras\u0131nda \u0259m\u0259kda\u015fl\u0131\u011f\u0131n perspektivl\u0259rini v\u0259 dig\u0259r aktual m\u0259s\u0259l\u0259l\u0259ri m&uuml;zakir\u0259 ed\u0259c\u0259kl\u0259r.<\/span><br \/>\n<span style=\"line-height: 1.6em;\">G&ouml;r&uuml;\u015fd\u0259n sonra X\u0130N ba\u015f&ccedil;\u0131lar\u0131n\u0131n birg\u0259 m\u0259tbuat konfrans\u0131 ke&ccedil;irm\u0259si n\u0259z\u0259rd\u0259 tutulub.<\/span><\/p>\n<p>Qeyd ed\u0259k ki, Az\u0259rbaycan-T&uuml;rkm\u0259nistan-T&uuml;rkiy\u0259 format\u0131nda xarici i\u015fl\u0259r nazirl\u0259ri s\u0259viyy\u0259sind\u0259 birinci &uuml;&ccedil;t\u0259r\u0259fli g&ouml;r&uuml;\u015f 2014-c&uuml; il may\u0131n 26-da Bak\u0131da ke&ccedil;irilib. Bunun ard\u0131nca h\u0259min ilin iyunun 5-d\u0259 T&uuml;rkdilli D&ouml;vl\u0259tl\u0259rin \u018fm\u0259kda\u015fl\u0131q \u015euras\u0131n\u0131n IV Zirv\u0259 toplant\u0131s\u0131 &ccedil;\u0259r&ccedil;iv\u0259sind\u0259 Az\u0259rbaycan Prezidenti \u0130lham \u018fliyev, T&uuml;rkiy\u0259nin o zamank\u0131 d&ouml;vl\u0259t ba\u015f&ccedil;\u0131s\u0131 Abdulla G&uuml;l v\u0259 T&uuml;rkm\u0259nistan\u0131n d&ouml;vl\u0259t ba\u015f&ccedil;\u0131s\u0131 Qurbanqulu Berdimuhamedov aras\u0131nda ikit\u0259r\u0259fli v\u0259 &uuml;&ccedil;t\u0259r\u0259fli formatda g&ouml;r&uuml;\u015fl\u0259r ke&ccedil;irilib.<br \/>\n2015-ci il yanvar\u0131n 29-da A\u015fqabadda ad\u0131&ccedil;\u0259kil\u0259n formatda ke&ccedil;iril\u0259n ikinci g&ouml;r&uuml;\u015f&uuml;n yekunlar\u0131na \u0259sas\u0259n, 2015-2017-ci ill\u0259r &uuml;&ccedil;&uuml;n Az\u0259rbaycan-T&uuml;rkm\u0259nistan-T&uuml;rkiy\u0259 &uuml;&ccedil;t\u0259r\u0259fli \u0259m\u0259kda\u015fl\u0131\u011f\u0131n\u0131n &Ccedil;\u0259r&ccedil;iv\u0259 Proqram\u0131 q\u0259bul olunub.<br \/>\n2015-ci il avqustun 28-d\u0259 T&uuml;rkiy\u0259nin Antalya \u015f\u0259h\u0259rind\u0259 h\u0259r &uuml;&ccedil; &ouml;lk\u0259nin xarici i\u015fl\u0259r nazirl\u0259rinin &uuml;&ccedil;&uuml;nc&uuml; g&ouml;r&uuml;\u015f&uuml; ba\u015f tutub. G&ouml;r&uuml;\u015f&uuml;n yekunlar\u0131na dair Antalya B\u0259yanat\u0131 q\u0259bul olunub. Bunun ard\u0131nca 2015-ci il oktyabr\u0131n 9-da Az\u0259rbaycan, T&uuml;rkiy\u0259 v\u0259 T&uuml;rkm\u0259nistan aras\u0131nda X\u0259z\u0259r tranzit ke&ccedil;idl\u0259ri &uuml;zr\u0259 birg\u0259 Texniki Komit\u0259nin birinci iclas\u0131 ke&ccedil;irilib.report<\/p>\n","protected":false},"excerpt":{"rendered":"<p>&nbsp;Bak\u0131da Az\u0259rbaycan, T&uuml;rkiy\u0259 v\u0259 T&uuml;rkm\u0259nistan xarici i\u015fl\u0259r nazirl\u0259rinin d&ouml;rd&uuml;nc&uuml; &uuml;&ccedil;t\u0259r\u0259fli g&ouml;r&uuml;\u015f&uuml; ba\u015flay\u0131b.&nbsp;G&ouml;r&uuml;\u015fd\u0259 Az\u0259rbaycan\u0131n xarici i\u015fl\u0259r naziri Elmar M\u0259mm\u0259dyarov, onun t&uuml;rkiy\u0259li h\u0259mkar\u0131 M&ouml;vlud &Ccedil;avu\u015fo\u011flu v\u0259 T&uuml;rkm\u0259nistan\u0131n X\u0130N ba\u015f&ccedil;\u0131s\u0131 R\u0259\u015fid Meredov i\u015ftirak&hellip;<\/p>\n","protected":false},"author":1,"featured_media":251278,"comment_status":"open","ping_status":"open","sticky":false,"template":"","format":"standard","meta":{"_lmt_disableupdate":"","_lmt_disable":"","footnotes":""},"categories":[],"tags":[],"class_list":["post-48482","post","type-post","status-publish","format-standard","has-post-thumbnail","hentry"],"_links":{"self":[{"href":"https:\/\/ucnoqta.az\/index.php?rest_route=\/wp\/v2\/posts\/48482","targetHints":{"allow":["GET"]}}],"collection":[{"href":"https:\/\/ucnoqta.az\/index.php?rest_route=\/wp\/v2\/posts"}],"about":[{"href":"https:\/\/ucnoqta.az\/index.php?rest_route=\/wp\/v2\/types\/post"}],"author":[{"embeddable":true,"href":"https:\/\/ucnoqta.az\/index.php?rest_route=\/wp\/v2\/users\/1"}],"replies":[{"embeddable":true,"href":"https:\/\/ucnoqta.az\/index.php?rest_route=%2Fwp%2Fv2%2Fcomments&post=48482"}],"version-history":[{"count":0,"href":"https:\/\/ucnoqta.az\/index.php?rest_route=\/wp\/v2\/posts\/48482\/revisions"}],"wp:featuredmedia":[{"embeddable":true,"href":"https:\/\/ucnoqta.az\/index.php?rest_route=\/wp\/v2\/media\/251278"}],"wp:attachment":[{"href":"https:\/\/ucnoqta.az\/index.php?rest_route=%2Fwp%2Fv2%2Fmedia&parent=48482"}],"wp:term":[{"taxonomy":"category","embeddable":true,"href":"https:\/\/ucnoqta.az\/index.php?rest_route=%2Fwp%2Fv2%2Fcategories&post=48482"},{"taxonomy":"post_tag","embeddable":true,"href":"https:\/\/ucnoqta.az\/index.php?rest_route=%2Fwp%2Fv2%2Ftags&post=48482"}],"curies":[{"name":"wp","href":"https:\/\/api.w.org\/{rel}","templated":true}]}}