{"id":48474,"date":"2017-07-18T17:32:02","date_gmt":"2017-07-18T13:32:02","guid":{"rendered":""},"modified":"-0001-11-30T00:00:00","modified_gmt":"-0001-11-29T20:00:00","slug":"","status":"publish","type":"post","link":"https:\/\/ucnoqta.az\/?p=48474","title":{"rendered":"2 ya\u015fl\u0131 Z\u0259hran\u0131n q\u0259tli Avropa medias\u0131n\u0131n g\u00fcnd\u0259mind\u0259"},"content":{"rendered":"<p><span style=\"line-height: 1.6em;\">&ldquo;New Europe&rdquo; q\u0259zetind\u0259 Az\u0259rbaycan\u0131n F&uuml;zuli rayonun Alxanl\u0131 k\u0259ndind\u0259 erm\u0259ni silahl\u0131 birl\u0259\u015fm\u0259l\u0259ri t\u0259r\u0259find\u0259n dinc az\u0259rbaycanl\u0131lar\u0131n q\u0259tl\u0259 yetirilm\u0259sin\u0259 h\u0259sr olunmu\u015f m\u0259qal\u0259 d\u0259rc olunub.&nbsp;<\/span><span style=\"line-height: 1.6em;\">Ombudsman Aparat\u0131ndan Trend-\u0259 veril\u0259n m\u0259lumata g&ouml;r\u0259, m\u0259qal\u0259 Az\u0259rbaycan\u0131n \u0130nsan H&uuml;quqlar\u0131 &uuml;zr\u0259 M&uuml;v\u0259kkili (Ombudsman) Elmira S&uuml;leymanovan\u0131n Erm\u0259nistan silahl\u0131 q&uuml;vv\u0259l\u0259ri t\u0259r\u0259find\u0259n iyulun 4-d\u0259 Az\u0259rbaycan\u0131n F&uuml;zuli rayonun Alxanl\u0131 k\u0259ndind\u0259 ya\u015fayan m&uuml;lki \u0259halinin q\u0259tl\u0259 yetirilm\u0259si v\u0259 m&uuml;lki obyektl\u0259rin at\u0259\u015f\u0259 tutulmas\u0131 il\u0259 \u0259laq\u0259dar yayd\u0131\u011f\u0131 b\u0259yanat\u0131 \u0259sas\u0131nda haz\u0131rlan\u0131b.<\/span><br \/>\n<span style=\"line-height: 1.6em;\">M\u0259qal\u0259d\u0259 bildirilir ki, Erm\u0259nistan silahl\u0131 q&uuml;vv\u0259l\u0259ri t\u0259r\u0259find\u0259n Alxanl\u0131 k\u0259ndind\u0259 m\u0259skunla\u015fan &ccedil;oxsayl\u0131 m&uuml;lki \u0259halinin ya\u015fad\u0131\u011f\u0131 ya\u015fay\u0131\u015f m\u0259nt\u0259q\u0259l\u0259ri v\u0259 m&uuml;lki obyektl\u0259r h\u0259d\u0259fl\u0259nmi\u015f \u015f\u0259kild\u0259 v\u0259 q\u0259sd\u0259n at\u0259\u015f\u0259 tutulub, n\u0259tic\u0259d\u0259 k\u0259nd sakini Sahib\u0259 Quliyeva v\u0259 onun iki ya\u015fl\u0131 n\u0259v\u0259si Z\u0259hra Quliyeva h\u0259lak olub, dig\u0259r m&uuml;lki \u015f\u0259xs S\u0259lminaz Quliyeva a\u011f\u0131r yaralan\u0131b v\u0259 m&uuml;lki obyektl\u0259r da\u011f\u0131d\u0131l\u0131b.<\/span><br \/>\n<span style=\"line-height: 1.6em;\">M\u0259qal\u0259d\u0259 Ombudsman\u0131n tezlikl\u0259 \u0259dal\u0259tin v\u0259 s&uuml;lh&uuml;n b\u0259rq\u0259rar olunaca\u011f\u0131, insanl\u0131\u011fa qar\u015f\u0131 t&ouml;r\u0259dil\u0259n bu cinay\u0259tl\u0259rin beyn\u0259lxalq h&uuml;quqi qiym\u0259tini alaca\u011f\u0131, cinay\u0259tkarlar\u0131n c\u0259zas\u0131z qalmayaca\u011f\u0131, BMT Nizamnam\u0259sin\u0259 m&uuml;vafiq olaraq c\u0259zaland\u0131r\u0131laca\u011f\u0131 il\u0259 ba\u011fl\u0131 fikirl\u0259ri yer al\u0131r.<\/span><br \/>\n<span style=\"line-height: 1.6em;\">H\u0259m&ccedil;inin, Erm\u0259nistan\u0131n t\u0259cav&uuml;z&uuml;n\u0259 son qoyulmas\u0131, beyn\u0259lxalq normalara uy\u011fun olaraq Az\u0259rbaycan\u0131n z\u0259bt olunmu\u015f torpaqlar\u0131n\u0131n azad olunmas\u0131, erm\u0259ni h\u0259rbi q&uuml;vv\u0259l\u0259rin bu \u0259razil\u0259rd\u0259n &ccedil;\u0131xar\u0131lmas\u0131, Az\u0259rbaycan\u0131n BMT v\u0259 d&uuml;nya t\u0259r\u0259find\u0259n tan\u0131nm\u0131\u015f d&ouml;vl\u0259t s\u0259rh\u0259dl\u0259rinin b\u0259rpa olunmas\u0131, y&uuml;z minl\u0259rl\u0259 m\u0259cburi k&ouml;&ccedil;k&uuml;nl\u0259rin &ouml;z do\u011fma yurdlar\u0131na qay\u0131tmas\u0131 qeyd olunur.<\/span><br \/>\n<span style=\"line-height: 1.6em;\">M&uuml;\u0259llif yaz\u0131r ki, M&uuml;v\u0259kkilin b\u0259yanat\u0131 BMT-nin Ba\u015f Katibin\u0259, BMT-nin T\u0259hl&uuml;k\u0259sizlik \u015euras\u0131na, BMT-nin \u0130nsan H&uuml;quqlar\u0131 &uuml;zr\u0259 Ali Komissar\u0131na, YUN\u0130SEF-\u0259, BMT-nin Qa&ccedil;q\u0131nlar &uuml;zr\u0259 Ali Komissar\u0131na, BMT-nin Ba\u015f Katibinin U\u015faqlar v\u0259 Silahl\u0131 M&uuml;naqi\u015f\u0259l\u0259r &uuml;zr\u0259 X&uuml;susi N&uuml;may\u0259nd\u0259sin\u0259, BMT-nin Gender B\u0259rab\u0259rliyi v\u0259 Qad\u0131nlar\u0131n S\u0259lahiyy\u0259tl\u0259ndirilm\u0259si &uuml;zr\u0259 \u0130cra&ccedil;\u0131 Direktoruna, YUNESKO-ya, \u0130slam \u018fm\u0259kda\u015fl\u0131q T\u0259\u015fkilat\u0131na, Avropa Komissiyas\u0131na, Avropa \u015euras\u0131na, AT\u018fT-\u0259, Beyn\u0259lxalq v\u0259 Avropa Ombudsmanlar \u0130nstitutlar\u0131na, Asiya Ombudsmanlar Assosiasiyas\u0131na, Avropa U\u015faq H&uuml;quqlar\u0131 Ombudsmanlar\u0131 \u015e\u0259b\u0259k\u0259sin\u0259 (ENOC), Beyn\u0259lxalq S&uuml;lh B&uuml;rosuna, m&uuml;xt\u0259lif &ouml;lk\u0259l\u0259rin ombudsmanlar\u0131na, Az\u0259rbaycan\u0131n xarici &ouml;lk\u0259l\u0259rd\u0259ki v\u0259 xarici &ouml;lk\u0259l\u0259rin &ouml;lk\u0259mizd\u0259ki s\u0259firlikl\u0259rin\u0259, eyni zamanda Az\u0259rbaycan\u0131n &ccedil;oxsayl\u0131 diaspor t\u0259\u015fkilatlar\u0131na g&ouml;nd\u0259rilib.<\/span><br \/>\n<span style=\"line-height: 1.6em;\">&ldquo;New Europe&rdquo; ba\u015f ofisi Br&uuml;sseld\u0259 yerl\u0259\u015f\u0259n, Avropa \u0130ttifaq\u0131 v\u0259 beyn\u0259lxalq siyas\u0259t\u0259 dair m\u0259lumatlar\u0131n d\u0259rc edildiyi m&uuml;st\u0259qil h\u0259ft\u0259lik q\u0259zetdir.<\/span><br \/>\n<span style=\"line-height: 1.6em;\">Qeyd ed\u0259k ki, iyulun 4-d\u0259 ax\u015fam saatlar\u0131nda erm\u0259ni silahl\u0131 birl\u0259\u015fm\u0259l\u0259ri F&uuml;zuli rayonunun Alxanl\u0131 k\u0259ndini minaatanlardan at\u0259\u015f\u0259 tutub. T\u0259xribat n\u0259tic\u0259sind\u0259 Alxanl\u0131 k\u0259nd sakinl\u0259ri &#8211; 1966-c\u0131 il t\u0259v\u0259ll&uuml;dl&uuml; Quliyeva Sahib\u0259 \u0130dris q\u0131z\u0131 v\u0259 onun n\u0259v\u0259si 2016-c\u0131 il t\u0259v\u0259ll&uuml;dl&uuml; Quliyeva Z\u0259hra Elnur q\u0131z\u0131 h\u0259lak olub, 1965-ci il t\u0259v\u0259ll&uuml;dl&uuml; Quliyeva S\u0259rvinaz \u0130ltifat q\u0131z\u0131 is\u0259 a\u011f\u0131r yaralan\u0131b.<\/span><\/p>\n","protected":false},"excerpt":{"rendered":"<p>&ldquo;New Europe&rdquo; q\u0259zetind\u0259 Az\u0259rbaycan\u0131n F&uuml;zuli rayonun Alxanl\u0131 k\u0259ndind\u0259 erm\u0259ni silahl\u0131 birl\u0259\u015fm\u0259l\u0259ri t\u0259r\u0259find\u0259n dinc az\u0259rbaycanl\u0131lar\u0131n q\u0259tl\u0259 yetirilm\u0259sin\u0259 h\u0259sr olunmu\u015f m\u0259qal\u0259 d\u0259rc olunub.&nbsp;Ombudsman Aparat\u0131ndan Trend-\u0259 veril\u0259n m\u0259lumata g&ouml;r\u0259, m\u0259qal\u0259 Az\u0259rbaycan\u0131n \u0130nsan H&uuml;quqlar\u0131&hellip;<\/p>\n","protected":false},"author":1,"featured_media":251278,"comment_status":"open","ping_status":"open","sticky":false,"template":"","format":"standard","meta":{"_lmt_disableupdate":"","_lmt_disable":"","footnotes":""},"categories":[101],"tags":[],"class_list":["post-48474","post","type-post","status-publish","format-standard","has-post-thumbnail","hentry","category-cemiyyet"],"_links":{"self":[{"href":"https:\/\/ucnoqta.az\/index.php?rest_route=\/wp\/v2\/posts\/48474","targetHints":{"allow":["GET"]}}],"collection":[{"href":"https:\/\/ucnoqta.az\/index.php?rest_route=\/wp\/v2\/posts"}],"about":[{"href":"https:\/\/ucnoqta.az\/index.php?rest_route=\/wp\/v2\/types\/post"}],"author":[{"embeddable":true,"href":"https:\/\/ucnoqta.az\/index.php?rest_route=\/wp\/v2\/users\/1"}],"replies":[{"embeddable":true,"href":"https:\/\/ucnoqta.az\/index.php?rest_route=%2Fwp%2Fv2%2Fcomments&post=48474"}],"version-history":[{"count":0,"href":"https:\/\/ucnoqta.az\/index.php?rest_route=\/wp\/v2\/posts\/48474\/revisions"}],"wp:featuredmedia":[{"embeddable":true,"href":"https:\/\/ucnoqta.az\/index.php?rest_route=\/wp\/v2\/media\/251278"}],"wp:attachment":[{"href":"https:\/\/ucnoqta.az\/index.php?rest_route=%2Fwp%2Fv2%2Fmedia&parent=48474"}],"wp:term":[{"taxonomy":"category","embeddable":true,"href":"https:\/\/ucnoqta.az\/index.php?rest_route=%2Fwp%2Fv2%2Fcategories&post=48474"},{"taxonomy":"post_tag","embeddable":true,"href":"https:\/\/ucnoqta.az\/index.php?rest_route=%2Fwp%2Fv2%2Ftags&post=48474"}],"curies":[{"name":"wp","href":"https:\/\/api.w.org\/{rel}","templated":true}]}}