{"id":48471,"date":"2017-07-18T16:42:11","date_gmt":"2017-07-18T12:42:11","guid":{"rendered":""},"modified":"-0001-11-30T00:00:00","modified_gmt":"-0001-11-29T20:00:00","slug":"","status":"publish","type":"post","link":"https:\/\/ucnoqta.az\/?p=48471","title":{"rendered":"Az\u0259rbaycan prezidenti: <font color=red><b>&#8220;T\u00fcrkm\u0259nistanla \u0259laq\u0259l\u0259rin geni\u015fl\u0259ndirilm\u0259sind\u0259 maraql\u0131y\u0131q\u201d<\/b><\/font>"},"content":{"rendered":"<p><span style=\"line-height: 1.6em;\">Az\u0259rbaycan prezidenti \u0130lham \u018fliyev T&uuml;rkm\u0259nistan Nazirl\u0259r Kabineti s\u0259drinin m&uuml;avini, xarici i\u015fl\u0259r naziri R\u0259\u015fid Meredovu q\u0259bul edib.&nbsp;<\/span><span style=\"line-height: 1.6em;\">Prezident \u0130lham \u018fliyev R\u0259\u015fid Meredovun &ouml;lk\u0259miz\u0259 s\u0259f\u0259rinin ikit\u0259r\u0259fli m&uuml;nasib\u0259tl\u0259rimizin inki\u015faf\u0131 il\u0259 ba\u011fl\u0131 m\u0259s\u0259l\u0259l\u0259rin m&uuml;zakir\u0259si &uuml;&ccedil;&uuml;n yax\u015f\u0131 imkan yaratd\u0131\u011f\u0131n\u0131 deyib.<\/span><br \/>\n<span style=\"line-height: 1.6em;\">D&ouml;vl\u0259t ba\u015f&ccedil;\u0131s\u0131 bildirib ki, Az\u0259rbaycan T&uuml;rkm\u0259nistan il\u0259 b\u0259rq\u0259rar olmu\u015f qarda\u015fl\u0131q m&uuml;nasib\u0259tl\u0259rin\u0259 b&ouml;y&uuml;k &ouml;n\u0259m verir v\u0259 b&uuml;t&uuml;n sah\u0259l\u0259rd\u0259 \u0259laq\u0259l\u0259rimizin geni\u015fl\u0259ndirilm\u0259sind\u0259 maraql\u0131d\u0131r. Prezident \u0130lham \u018fliyev qeyd edib ki, bunu h\u0259m xalqlar\u0131m\u0131z aras\u0131nda m&ouml;vcud olan tarixi \u0259laq\u0259l\u0259r, h\u0259m d\u0259 bug&uuml;nk&uuml; reall\u0131qlar z\u0259ruri edir.<\/span><br \/>\n<span style=\"line-height: 1.6em;\">&ldquo;Biz bu c&uuml;r m&uuml;nasib\u0259ti T&uuml;rkm\u0259nistan t\u0259r\u0259find\u0259n d\u0259 g&ouml;r&uuml;r&uuml;k&rdquo;, &#8211; dey\u0259 o vur\u011fulay\u0131b.<\/span><br \/>\n<span style=\"line-height: 1.6em;\">D&ouml;vl\u0259t ba\u015f&ccedil;\u0131s\u0131 bu bax\u0131mdan qar\u015f\u0131dak\u0131 ill\u0259rd\u0259 \u0259m\u0259kda\u015fl\u0131\u011f\u0131m\u0131z\u0131n v\u0259 t\u0259r\u0259fda\u015fl\u0131q \u0259laq\u0259l\u0259rimizin daha da m&ouml;hk\u0259ml\u0259n\u0259c\u0259yin\u0259 &uuml;midvar oldu\u011funu bildirib. &Ouml;lk\u0259l\u0259rimiz aras\u0131nda m&uuml;xt\u0259lif istiqam\u0259tl\u0259rd\u0259, o c&uuml;ml\u0259d\u0259n siyasi, iqtisadi, n\u0259qliyyat, humanitar v\u0259 dig\u0259r sah\u0259l\u0259rd\u0259 f\u0259al \u0259m\u0259kda\u015fl\u0131q h\u0259yata ke&ccedil;irildiyini dey\u0259n prezident \u0130lham \u018fliyev qarda\u015f v\u0259 qon\u015fu &ouml;lk\u0259l\u0259rimiz aras\u0131nda qar\u015f\u0131l\u0131ql\u0131 f\u0259aliyy\u0259t &uuml;&ccedil;&uuml;n yeni imkanlar\u0131n yarad\u0131lmas\u0131, \u0259m\u0259kda\u015fl\u0131\u011f\u0131n daha da inki\u015faf etdirilm\u0259si istiqam\u0259tind\u0259 s\u0259yl\u0259ri \u0259sirg\u0259m\u0259y\u0259c\u0259yini bildirib. \u0130<\/span><br \/>\n<span style=\"line-height: 1.6em;\">\u0130yulun 19-da &ouml;lk\u0259mizd\u0259 Az\u0259rbaycan, T&uuml;rkm\u0259nistan v\u0259 T&uuml;rkiy\u0259 xarici i\u015fl\u0259r nazirl\u0259ri aras\u0131nda ke&ccedil;iril\u0259c\u0259k g&ouml;r&uuml;\u015f\u0259 toxunan prezident \u0130lham \u018fliyev bunun yax\u015f\u0131 \u0259m\u0259kda\u015fl\u0131q format\u0131 oldu\u011funu vur\u011fulayaraq bu format\u0131n &uuml;&ccedil;t\u0259r\u0259fli \u0259laq\u0259l\u0259r v\u0259 regional m\u0259s\u0259l\u0259l\u0259rin m&uuml;zakir\u0259si bax\u0131m\u0131ndan \u0259h\u0259miyy\u0259tini qeyd edib.<\/span><br \/>\n<span style=\"line-height: 1.6em;\">R. Meredov is\u0259 bunu deyib: &ldquo;\u0130lk n&ouml;vb\u0259d\u0259 icaz\u0259 verin qarda\u015f\u0131n\u0131z, T&uuml;rkm\u0259nistan prezidenti Qurbanqulu Berdim\u0259h\u0259mm\u0259dovun ad\u0131ndan s\u0259mimi salamlar\u0131 v\u0259 d\u0259rin ehtiram\u0131 siz\u0259 &ccedil;atd\u0131r\u0131m. M\u0259n Bak\u0131ya g\u0259l\u0259rk\u0259n o bildirdi ki, T&uuml;rkm\u0259nistan il\u0259 Az\u0259rbaycan aras\u0131nda \u0259laq\u0259l\u0259r bu g&uuml;n f\u0259al \u015f\u0259kild\u0259 y&uuml;ks\u0259l\u0259n x\u0259tl\u0259 inki\u015faf edir v\u0259 bu inki\u015faf dinamikas\u0131 ilk n&ouml;vb\u0259d\u0259 iki d&ouml;vl\u0259t ba\u015f&ccedil;\u0131s\u0131 aras\u0131nda m&ouml;vcud olan a&ccedil;\u0131q, s\u0259mimi v\u0259 dostluq xarakteri da\u015f\u0131yan siyasi t\u0259maslara \u0259saslan\u0131r&rdquo;.<\/span><br \/>\n<span style=\"line-height: 1.6em;\">R. Meredov qeyd edib ki, T&uuml;rkm\u0259nistan v\u0259 Az\u0259rbaycan prezidentl\u0259rinin g&ouml;r&uuml;\u015fl\u0259ri v\u0259 t\u0259maslar\u0131 &ouml;lk\u0259l\u0259rimiz aras\u0131nda ikit\u0259r\u0259fli m&uuml;nasib\u0259tl\u0259rin m&uuml;xt\u0259lif istiqam\u0259tl\u0259rd\u0259 geni\u015fl\u0259ndirilm\u0259si i\u015fin\u0259 g&uuml;cl&uuml; t\u0259kan verir: &ldquo;Bu m&uuml;nasib\u0259tl\u0259r siyasi, diplomatik d\u0259y\u0259rl\u0259ndirm\u0259 bax\u0131m\u0131ndan n&uuml;mun\u0259vi xarakter da\u015f\u0131y\u0131r&rdquo;. O, vur\u011fulay\u0131b ki, \u0259laq\u0259l\u0259rimizin g&uuml;nd\u0259liyind\u0259 duran m\u0259s\u0259l\u0259l\u0259r h\u0259m ikit\u0259r\u0259fli m&uuml;nasib\u0259tl\u0259r bax\u0131m\u0131ndan, h\u0259m d\u0259 regional v\u0259 qlobal bax\u0131mdan aktuald\u0131r.<\/span><br \/>\n<span style=\"line-height: 1.6em;\">D&ouml;vl\u0259t ba\u015f&ccedil;\u0131s\u0131 T&uuml;rkm\u0259nistan Prezidenti Qurbanqulu Berdim\u0259h\u0259mm\u0259dovun salamlar\u0131na g&ouml;r\u0259 minn\u0259tdarl\u0131\u011f\u0131n\u0131 bildirib, onun da salamlar\u0131n\u0131 T&uuml;rkm\u0259nistan d&ouml;vl\u0259tinin ba\u015f&ccedil;\u0131s\u0131na &ccedil;atd\u0131rma\u011f\u0131 xahi\u015f edib.<\/span><\/p>\n","protected":false},"excerpt":{"rendered":"<p>Az\u0259rbaycan prezidenti \u0130lham \u018fliyev T&uuml;rkm\u0259nistan Nazirl\u0259r Kabineti s\u0259drinin m&uuml;avini, xarici i\u015fl\u0259r naziri R\u0259\u015fid Meredovu q\u0259bul edib.&nbsp;Prezident \u0130lham \u018fliyev R\u0259\u015fid Meredovun &ouml;lk\u0259miz\u0259 s\u0259f\u0259rinin ikit\u0259r\u0259fli m&uuml;nasib\u0259tl\u0259rimizin inki\u015faf\u0131 il\u0259 ba\u011fl\u0131 m\u0259s\u0259l\u0259l\u0259rin m&uuml;zakir\u0259si &uuml;&ccedil;&uuml;n&hellip;<\/p>\n","protected":false},"author":1,"featured_media":251278,"comment_status":"open","ping_status":"open","sticky":false,"template":"","format":"standard","meta":{"_lmt_disableupdate":"","_lmt_disable":"","footnotes":""},"categories":[],"tags":[],"class_list":["post-48471","post","type-post","status-publish","format-standard","has-post-thumbnail","hentry"],"_links":{"self":[{"href":"https:\/\/ucnoqta.az\/index.php?rest_route=\/wp\/v2\/posts\/48471","targetHints":{"allow":["GET"]}}],"collection":[{"href":"https:\/\/ucnoqta.az\/index.php?rest_route=\/wp\/v2\/posts"}],"about":[{"href":"https:\/\/ucnoqta.az\/index.php?rest_route=\/wp\/v2\/types\/post"}],"author":[{"embeddable":true,"href":"https:\/\/ucnoqta.az\/index.php?rest_route=\/wp\/v2\/users\/1"}],"replies":[{"embeddable":true,"href":"https:\/\/ucnoqta.az\/index.php?rest_route=%2Fwp%2Fv2%2Fcomments&post=48471"}],"version-history":[{"count":0,"href":"https:\/\/ucnoqta.az\/index.php?rest_route=\/wp\/v2\/posts\/48471\/revisions"}],"wp:featuredmedia":[{"embeddable":true,"href":"https:\/\/ucnoqta.az\/index.php?rest_route=\/wp\/v2\/media\/251278"}],"wp:attachment":[{"href":"https:\/\/ucnoqta.az\/index.php?rest_route=%2Fwp%2Fv2%2Fmedia&parent=48471"}],"wp:term":[{"taxonomy":"category","embeddable":true,"href":"https:\/\/ucnoqta.az\/index.php?rest_route=%2Fwp%2Fv2%2Fcategories&post=48471"},{"taxonomy":"post_tag","embeddable":true,"href":"https:\/\/ucnoqta.az\/index.php?rest_route=%2Fwp%2Fv2%2Ftags&post=48471"}],"curies":[{"name":"wp","href":"https:\/\/api.w.org\/{rel}","templated":true}]}}