{"id":48469,"date":"2017-07-18T16:36:34","date_gmt":"2017-07-18T12:36:34","guid":{"rendered":""},"modified":"-0001-11-30T00:00:00","modified_gmt":"-0001-11-29T20:00:00","slug":"","status":"publish","type":"post","link":"https:\/\/ucnoqta.az\/?p=48469","title":{"rendered":"\u018fb\u00fclf\u0259s Qarayev: <font color=red><b>&#8220;Qar\u015f\u0131ya qoyulan m\u0259qs\u0259dl\u0259rimiz\u0259 vaxt\u0131nda nail olaca\u011f\u0131q\u201d<\/b><\/font>"},"content":{"rendered":"<p><span style=\"line-height: 1.6em;\">Paytaxt Bak\u0131 il\u0259 yana\u015f\u0131, regionlarda da istirah\u0259t ed\u0259n turistl\u0259rin say\u0131 g&uuml;nb\u0259g&uuml;n art\u0131r.&nbsp;<\/span><span style=\"line-height: 1.6em;\">M\u0259d\u0259niyy\u0259t v\u0259 Turizm Nazirliyind\u0259n veril\u0259n m\u0259lumata g&ouml;r\u0259, bunu \u015e\u0259mkir \u015f\u0259h\u0259rind\u0259 m\u0259d\u0259niyy\u0259t v\u0259 turizm naziri \u018fb&uuml;lf\u0259s Qarayev nazirliyin regional idar\u0259l\u0259rinin f\u0259aliyy\u0259tin\u0259 h\u0259sr olunmu\u015f m&uuml;\u015favir\u0259d\u0259 deyib.<\/span><br \/>\n<span style=\"line-height: 1.6em;\">\u018f.Qarayev bildirib ki, &ouml;lk\u0259 Prezidentinin &ldquo;Az\u0259rbaycan Respublikas\u0131 M\u0259d\u0259niyy\u0259t v\u0259 Turizm Nazirliyinin strukturunun t\u0259kmill\u0259\u015fdirilm\u0259si haqq\u0131nda&rdquo; 29 mart 2016-c\u0131 il tarixli s\u0259r\u0259ncam\u0131na uy\u011fun olaraq yarad\u0131lan 15 regional m\u0259d\u0259niyy\u0259t v\u0259 turizm idar\u0259sinin f\u0259aliyy\u0259tinin g&uuml;cl\u0259ndirilm\u0259si istiqam\u0259tind\u0259 i\u015fl\u0259r davam etdirilir: &quot;Regional idar\u0259l\u0259rin t\u0259\u015fkili m\u0259d\u0259niyy\u0259t v\u0259 turizm sah\u0259l\u0259rind\u0259 daha &ccedil;evik idar\u0259&ccedil;iliyin t\u0259min olunmas\u0131na xidm\u0259t edir. \u0130lin ilk 6 ay\u0131n\u0131 t\u0259hlil ed\u0259rk\u0259n dey\u0259 bil\u0259rik ki, h\u0259yata ke&ccedil;iril\u0259n islahatlar da &ouml;z u\u011furlu n\u0259tic\u0259l\u0259rini verm\u0259kd\u0259dir. N\u0259tic\u0259l\u0259r onu g&ouml;st\u0259rir ki, q\u0259bul edil\u0259n q\u0259rarlar olduqca d\u0259qiqdir. Bu da onu dem\u0259y\u0259 \u0259sas verir ki, biz qar\u015f\u0131ya qoyulan m\u0259qs\u0259dl\u0259rimiz\u0259 vaxt\u0131nda nail olaca\u011f\u0131q&rdquo;.<\/span><\/p>\n<p>Nazir qeyd edib ki, h\u0259yata ke&ccedil;iril\u0259n islahatlar n\u0259tic\u0259sind\u0259 regionlarda m\u0259d\u0259niyy\u0259t v\u0259 turizmin inki\u015faf\u0131 istiqam\u0259tind\u0259 i\u015fl\u0259r daha da s&uuml;r\u0259tl\u0259nib. Bu islahatlar h\u0259m d\u0259 b&uuml;dc\u0259 v\u0259saitl\u0259rind\u0259n daha s\u0259m\u0259r\u0259li istifad\u0259 etm\u0259y\u0259 imkan yarad\u0131b.<\/p>\n<p>\u018f.Qarayev \u0259lav\u0259 edib ki, regionlarda turizm s\u0259nayesinin inki\u015faf\u0131, turizm klasterl\u0259rinin yarad\u0131lmas\u0131 istiqam\u0259tind\u0259 at\u0131lan add\u0131mlar davam etdirilir: &ldquo;\u0130ndi &ouml;lk\u0259miz\u0259 g\u0259l\u0259n xarici turistl\u0259rin d\u0259 say\u0131 artmaqdad\u0131r. Paytaxt Bak\u0131 il\u0259 yana\u015f\u0131, regionlarda da istirah\u0259t ed\u0259n turistl\u0259rin say\u0131 g&uuml;nb\u0259g&uuml;n art\u0131r. Ona g&ouml;r\u0259 d\u0259 b&ouml;lg\u0259l\u0259rd\u0259 h\u0259m yerli, h\u0259m d\u0259 xarici turistl\u0259rin asud\u0259 vaxtlar\u0131n\u0131n t\u0259\u015fkili i\u015fin\u0259 diqq\u0259t art\u0131r\u0131lmal\u0131d\u0131r. Xidm\u0259t s\u0259viyy\u0259sinin y&uuml;ks\u0259ldilm\u0259si &uuml;&ccedil;&uuml;n t\u0259\u015fkil olunan treninql\u0259rin, kurslar\u0131n say\u0131 da &ccedil;oxald\u0131lmal\u0131d\u0131r. \u0130nsanlar\u0131n turizm obyektl\u0259rind\u0259 rahat v\u0259 m\u0259nal\u0131 istirah\u0259tinin t\u0259\u015fkili i\u015fin\u0259 x&uuml;susi diqq\u0259t yetirilm\u0259lidir. Regional m\u0259d\u0259niyy\u0259t v\u0259 turizm idar\u0259l\u0259ri bu i\u015fl\u0259rd\u0259 yax\u0131ndan i\u015ftirak etm\u0259li, turizm m\u0259kanlar\u0131nda, a&ccedil;\u0131q havada t\u0259\u015fkil olunan konsertl\u0259rin, s\u0259rgil\u0259rin say\u0131 daha da art\u0131r\u0131lmal\u0131d\u0131r&rdquo;.<\/p>\n<p>O vur\u011fulay\u0131b ki, b&uuml;t&uuml;n regional m\u0259d\u0259niyy\u0259t v\u0259 turizm idar\u0259l\u0259rinin n\u0259zdind\u0259 turizm informasiya m\u0259rk\u0259zl\u0259ri yarad\u0131lmal\u0131 v\u0259 Bak\u0131 Turizm \u0130nformasiya M\u0259rk\u0259zi il\u0259 koordinasiyal\u0131 \u015f\u0259kild\u0259 f\u0259aliyy\u0259t g&ouml;st\u0259rm\u0259lidir.trend<\/p>\n","protected":false},"excerpt":{"rendered":"<p>Paytaxt Bak\u0131 il\u0259 yana\u015f\u0131, regionlarda da istirah\u0259t ed\u0259n turistl\u0259rin say\u0131 g&uuml;nb\u0259g&uuml;n art\u0131r.&nbsp;M\u0259d\u0259niyy\u0259t v\u0259 Turizm Nazirliyind\u0259n veril\u0259n m\u0259lumata g&ouml;r\u0259, bunu \u015e\u0259mkir \u015f\u0259h\u0259rind\u0259 m\u0259d\u0259niyy\u0259t v\u0259 turizm naziri \u018fb&uuml;lf\u0259s Qarayev nazirliyin regional idar\u0259l\u0259rinin&hellip;<\/p>\n","protected":false},"author":1,"featured_media":251278,"comment_status":"open","ping_status":"open","sticky":false,"template":"","format":"standard","meta":{"_lmt_disableupdate":"","_lmt_disable":"","footnotes":""},"categories":[102],"tags":[],"class_list":["post-48469","post","type-post","status-publish","format-standard","has-post-thumbnail","hentry","category-medeniyyet-butun-xeberler"],"_links":{"self":[{"href":"https:\/\/ucnoqta.az\/index.php?rest_route=\/wp\/v2\/posts\/48469","targetHints":{"allow":["GET"]}}],"collection":[{"href":"https:\/\/ucnoqta.az\/index.php?rest_route=\/wp\/v2\/posts"}],"about":[{"href":"https:\/\/ucnoqta.az\/index.php?rest_route=\/wp\/v2\/types\/post"}],"author":[{"embeddable":true,"href":"https:\/\/ucnoqta.az\/index.php?rest_route=\/wp\/v2\/users\/1"}],"replies":[{"embeddable":true,"href":"https:\/\/ucnoqta.az\/index.php?rest_route=%2Fwp%2Fv2%2Fcomments&post=48469"}],"version-history":[{"count":0,"href":"https:\/\/ucnoqta.az\/index.php?rest_route=\/wp\/v2\/posts\/48469\/revisions"}],"wp:featuredmedia":[{"embeddable":true,"href":"https:\/\/ucnoqta.az\/index.php?rest_route=\/wp\/v2\/media\/251278"}],"wp:attachment":[{"href":"https:\/\/ucnoqta.az\/index.php?rest_route=%2Fwp%2Fv2%2Fmedia&parent=48469"}],"wp:term":[{"taxonomy":"category","embeddable":true,"href":"https:\/\/ucnoqta.az\/index.php?rest_route=%2Fwp%2Fv2%2Fcategories&post=48469"},{"taxonomy":"post_tag","embeddable":true,"href":"https:\/\/ucnoqta.az\/index.php?rest_route=%2Fwp%2Fv2%2Ftags&post=48469"}],"curies":[{"name":"wp","href":"https:\/\/api.w.org\/{rel}","templated":true}]}}