{"id":48468,"date":"2017-07-18T16:02:22","date_gmt":"2017-07-18T12:02:22","guid":{"rendered":""},"modified":"-0001-11-30T00:00:00","modified_gmt":"-0001-11-29T20:00:00","slug":"","status":"publish","type":"post","link":"https:\/\/ucnoqta.az\/?p=48468","title":{"rendered":"K\u00fcr \u00e7ay\u0131nda ata-o\u011fulun bo\u011fulmas\u0131n\u0131n t\u0259f\u0259rr\u00fcat\u0131 m\u0259lum olub"},"content":{"rendered":"<p><span style=\"line-height: 1.6em;\">Hac\u0131qabulda K&uuml;r &ccedil;ay\u0131nda ata-o\u011fulun bo\u011fulmas\u0131n\u0131n t\u0259f\u0259rr&uuml;at\u0131 m\u0259lum olub. Ucnoqta.az&nbsp;<\/span><span style=\"line-height: 1.6em;\">&ldquo;Report&rdquo;a istinad\u0259n&nbsp;x\u0259b\u0259r verir ki, hadis\u0259 rayonun Tal\u0131\u015f k\u0259ndi \u0259razisind\u0259n ke&ccedil;\u0259n K&uuml;r &ccedil;ay\u0131nda qeyd\u0259 al\u0131n\u0131b.&nbsp;<\/span><br \/>\n<span style=\"line-height: 1.6em;\">Bel\u0259 ki, 43 ya\u015fl\u0131 B\u0259xtiyar A\u011fav\u0259lizad\u0259 A\u011fav\u0259li o\u011flu s\u0259rinl\u0259m\u0259k &uuml;&ccedil;&uuml;n iki o\u011flu il\u0259 birg\u0259 k\u0259ndin \u0259razisind\u0259n ke&ccedil;\u0259n K&uuml;r &ccedil;ay\u0131na gedib. &Ccedil;ayda &ccedil;im\u0259rk\u0259n o\u011flanlar\u0131ndan biri -15 ya\u015fl\u0131 F\u0259rid B\u0259xtiyar o\u011flu Q\u0259hr\u0259manovun bo\u011fuldu\u011funu g&ouml;r&uuml;b v\u0259 ona k&ouml;m\u0259k etm\u0259k ist\u0259yib. Ata o\u011flunu xilas etm\u0259y\u0259 &ccedil;al\u0131\u015fsa da o\u011flu il\u0259 birlikd\u0259 bo\u011fulub. Atan\u0131n dig\u0259r o\u011flu is\u0259 hadis\u0259 il\u0259 ba\u011fl\u0131 yax\u0131nlar\u0131na m\u0259lumat verib.<\/span><\/p>\n<p>Haz\u0131rda FHN-nin Salyan m\u0259nt\u0259q\u0259sinin dal\u011f\u0131c-xilasedicil\u0259ri meyitl\u0259rin tap\u0131lmas\u0131 istiqam\u0259tind\u0259 axtar\u0131\u015flar\u0131n\u0131 davam etdirirl\u0259r.<\/p>\n","protected":false},"excerpt":{"rendered":"<p>Hac\u0131qabulda K&uuml;r &ccedil;ay\u0131nda ata-o\u011fulun bo\u011fulmas\u0131n\u0131n t\u0259f\u0259rr&uuml;at\u0131 m\u0259lum olub. Ucnoqta.az&nbsp;&ldquo;Report&rdquo;a istinad\u0259n&nbsp;x\u0259b\u0259r verir ki, hadis\u0259 rayonun Tal\u0131\u015f k\u0259ndi \u0259razisind\u0259n ke&ccedil;\u0259n K&uuml;r &ccedil;ay\u0131nda qeyd\u0259 al\u0131n\u0131b.&nbsp; Bel\u0259 ki, 43 ya\u015fl\u0131 B\u0259xtiyar A\u011fav\u0259lizad\u0259 A\u011fav\u0259li o\u011flu&hellip;<\/p>\n","protected":false},"author":1,"featured_media":251278,"comment_status":"open","ping_status":"open","sticky":false,"template":"","format":"standard","meta":{"_lmt_disableupdate":"","_lmt_disable":"","footnotes":""},"categories":[],"tags":[],"class_list":["post-48468","post","type-post","status-publish","format-standard","has-post-thumbnail","hentry"],"_links":{"self":[{"href":"https:\/\/ucnoqta.az\/index.php?rest_route=\/wp\/v2\/posts\/48468","targetHints":{"allow":["GET"]}}],"collection":[{"href":"https:\/\/ucnoqta.az\/index.php?rest_route=\/wp\/v2\/posts"}],"about":[{"href":"https:\/\/ucnoqta.az\/index.php?rest_route=\/wp\/v2\/types\/post"}],"author":[{"embeddable":true,"href":"https:\/\/ucnoqta.az\/index.php?rest_route=\/wp\/v2\/users\/1"}],"replies":[{"embeddable":true,"href":"https:\/\/ucnoqta.az\/index.php?rest_route=%2Fwp%2Fv2%2Fcomments&post=48468"}],"version-history":[{"count":0,"href":"https:\/\/ucnoqta.az\/index.php?rest_route=\/wp\/v2\/posts\/48468\/revisions"}],"wp:featuredmedia":[{"embeddable":true,"href":"https:\/\/ucnoqta.az\/index.php?rest_route=\/wp\/v2\/media\/251278"}],"wp:attachment":[{"href":"https:\/\/ucnoqta.az\/index.php?rest_route=%2Fwp%2Fv2%2Fmedia&parent=48468"}],"wp:term":[{"taxonomy":"category","embeddable":true,"href":"https:\/\/ucnoqta.az\/index.php?rest_route=%2Fwp%2Fv2%2Fcategories&post=48468"},{"taxonomy":"post_tag","embeddable":true,"href":"https:\/\/ucnoqta.az\/index.php?rest_route=%2Fwp%2Fv2%2Ftags&post=48468"}],"curies":[{"name":"wp","href":"https:\/\/api.w.org\/{rel}","templated":true}]}}