{"id":48460,"date":"2017-07-18T13:33:55","date_gmt":"2017-07-18T09:33:55","guid":{"rendered":""},"modified":"-0001-11-30T00:00:00","modified_gmt":"-0001-11-29T20:00:00","slug":"","status":"publish","type":"post","link":"https:\/\/ucnoqta.az\/?p=48460","title":{"rendered":"<font color=red><b>Jurnalistl\u0259r\u0259 m\u0259nzill\u0259r iyulun 20-d\u0259 t\u0259qdim olunacaq, siyah\u0131 sabah a\u00e7\u0131qlanacaq<\/b><\/font>"},"content":{"rendered":"<p><span style=\"line-height: 1.6em;\">Jurnalistl\u0259r\u0259 yeni tikilmi\u015f binada m\u0259nzill\u0259r iyulun 20-d\u0259 t\u0259qdim edil\u0259c\u0259k.<\/span><span style=\"line-height: 1.6em;\">Bunu Az\u0259rbaycan Prezidenti yan\u0131nda K&uuml;tl\u0259vi \u0130nformasiya Vasit\u0259l\u0259rinin \u0130nki\u015faf\u0131na D&ouml;vl\u0259t D\u0259st\u0259yi Fondunun icra&ccedil;\u0131 direktoru V&uuml;qar S\u0259f\u0259rli N\u0259simi rayon \u0130cra Hakimiyy\u0259tind\u0259 22 iyul &#8211; Milli M\u0259tbuat G&uuml;n&uuml; m&uuml;nasib\u0259til\u0259 ke&ccedil;iril\u0259n t\u0259dbird\u0259 deyib.<\/span><br \/>\n<span style=\"line-height: 1.6em;\">V.S\u0259f\u0259rli qeyd edib ki, iyulun 19-da jurnalistl\u0259r\u0259 d\u0259v\u0259tnam\u0259 g&ouml;nd\u0259ril\u0259c\u0259k:<\/span><br \/>\n<span style=\"line-height: 1.6em;\">&quot;M&uuml;vafiq komissiyaya 2 min\u0259 yax\u0131n m&uuml;raci\u0259t daxil olub, bu m&uuml;raci\u0259tl\u0259rin ham\u0131s\u0131 ciddi \u015f\u0259kild\u0259 ara\u015fd\u0131r\u0131l\u0131b. Yekunda 250-d\u0259n &ccedil;ox jurnalist\u0259 m\u0259nzil verilm\u0259si q\u0259rara al\u0131n\u0131b. Bu, c\u0259nab Prezident \u0130lham \u018fliyevin jurnalistl\u0259r\u0259 h\u0259diyy\u0259sidir&quot;.trend<\/span><\/p>\n","protected":false},"excerpt":{"rendered":"<p>Jurnalistl\u0259r\u0259 yeni tikilmi\u015f binada m\u0259nzill\u0259r iyulun 20-d\u0259 t\u0259qdim edil\u0259c\u0259k.Bunu Az\u0259rbaycan Prezidenti yan\u0131nda K&uuml;tl\u0259vi \u0130nformasiya Vasit\u0259l\u0259rinin \u0130nki\u015faf\u0131na D&ouml;vl\u0259t D\u0259st\u0259yi Fondunun icra&ccedil;\u0131 direktoru V&uuml;qar S\u0259f\u0259rli N\u0259simi rayon \u0130cra Hakimiyy\u0259tind\u0259 22 iyul &#8211;&hellip;<\/p>\n","protected":false},"author":1,"featured_media":251278,"comment_status":"open","ping_status":"open","sticky":false,"template":"","format":"standard","meta":{"_lmt_disableupdate":"","_lmt_disable":"","footnotes":""},"categories":[96],"tags":[],"class_list":["post-48460","post","type-post","status-publish","format-standard","has-post-thumbnail","hentry","category-media-butun-xeberler"],"_links":{"self":[{"href":"https:\/\/ucnoqta.az\/index.php?rest_route=\/wp\/v2\/posts\/48460","targetHints":{"allow":["GET"]}}],"collection":[{"href":"https:\/\/ucnoqta.az\/index.php?rest_route=\/wp\/v2\/posts"}],"about":[{"href":"https:\/\/ucnoqta.az\/index.php?rest_route=\/wp\/v2\/types\/post"}],"author":[{"embeddable":true,"href":"https:\/\/ucnoqta.az\/index.php?rest_route=\/wp\/v2\/users\/1"}],"replies":[{"embeddable":true,"href":"https:\/\/ucnoqta.az\/index.php?rest_route=%2Fwp%2Fv2%2Fcomments&post=48460"}],"version-history":[{"count":0,"href":"https:\/\/ucnoqta.az\/index.php?rest_route=\/wp\/v2\/posts\/48460\/revisions"}],"wp:featuredmedia":[{"embeddable":true,"href":"https:\/\/ucnoqta.az\/index.php?rest_route=\/wp\/v2\/media\/251278"}],"wp:attachment":[{"href":"https:\/\/ucnoqta.az\/index.php?rest_route=%2Fwp%2Fv2%2Fmedia&parent=48460"}],"wp:term":[{"taxonomy":"category","embeddable":true,"href":"https:\/\/ucnoqta.az\/index.php?rest_route=%2Fwp%2Fv2%2Fcategories&post=48460"},{"taxonomy":"post_tag","embeddable":true,"href":"https:\/\/ucnoqta.az\/index.php?rest_route=%2Fwp%2Fv2%2Ftags&post=48460"}],"curies":[{"name":"wp","href":"https:\/\/api.w.org\/{rel}","templated":true}]}}