{"id":48458,"date":"2017-07-18T18:24:50","date_gmt":"2017-07-18T14:24:50","guid":{"rendered":""},"modified":"-0001-11-30T00:00:00","modified_gmt":"-0001-11-29T20:00:00","slug":"","status":"publish","type":"post","link":"https:\/\/ucnoqta.az\/?p=48458","title":{"rendered":"Az\u0259rbaycan v\u0259 G\u00fcrc\u00fcstan aras\u0131nda dostluq \u0259laq\u0259l\u0259ri m\u00f6hk\u0259ml\u0259nir"},"content":{"rendered":"<p><strong>Diaspora t\u0259\u015fkilatlar\u0131n\u0131n f\u0259aliyy\u0259ti G&uuml;rc&uuml;standa Az\u0259rbaycan m\u0259d\u0259niyy\u0259tinin inki\u015faf\u0131na, m\u0259d\u0259ni-\u0259d\u0259bi \u0259laq\u0259l\u0259rin geni\u015fl\u0259ndirilm\u0259sin\u0259 xidm\u0259t edir<\/strong><\/p>\n<p>\nAz\u0259rbaycanl\u0131lar\u0131n M\u0259d\u0259niyy\u0259t M\u0259rk\u0259zi G&uuml;rc&uuml;standa ke&ccedil;iril\u0259n bir t\u0259dbirl\u0259rd\u0259 yax\u0131ndan i\u015ftirak edir. M\u0259s\u0259l\u0259n. Az\u0259rbaycan\u0131n v\u0259 G&uuml;rc&uuml;stan\u0131n tarixi g&uuml;nl\u0259rin\u0259 h\u0259sr olunan t\u0259dbirl\u0259r m&uuml;nt\u0259z\u0259m \u015f\u0259kild\u0259 h\u0259yata ke&ccedil;irilir. 20 yanvar, 9 aprel, Xocal\u0131 faci\u0259l\u0259ri v\u0259 Az\u0259rbaycan h\u0259qiq\u0259tl\u0259rinin g&uuml;rc&uuml; v\u0259 d&uuml;nya ictimaiyy\u0259tin\u0259 &ccedil;atd\u0131r\u0131lmas\u0131 istiqam\u0259tind\u0259 t\u0259dbirl\u0259r ke&ccedil;ir\u0259rk\u0259n x&uuml;susi kitablar v\u0259 bro\u015furlar g&uuml;rc&uuml; dilin\u0259 t\u0259rc&uuml;m\u0259 olunaraq \u0259haliy\u0259 paylan\u0131l\u0131r.&nbsp;<br \/>\nM\u0259rk\u0259zin i\u015fl\u0259rinin bir hiss\u0259si is\u0259 g\u0259ncl\u0259rimizl\u0259 ba\u011fl\u0131d\u0131r. T\u0259\u015fkilat\u0131n n\u0259zdind\u0259 f\u0259aliyy\u0259t g&ouml;st\u0259r\u0259n G\u0259ncl\u0259r \u015f&ouml;b\u0259si t\u0259r\u0259find\u0259n bu istiqam\u0259td\u0259 m&uuml;\u0259yy\u0259n i\u015fl\u0259r g&ouml;r&uuml;l&uuml;r. \u0130rimiqyasl\u0131 layih\u0259l\u0259rd\u0259n biri d\u0259 Az\u0259rbaycan jurnalistl\u0259rinin G&uuml;rc&uuml;stana, G&uuml;rc&uuml; jurnalistl\u0259rinin Az\u0259rbaycana s\u0259f\u0259ridi. S\u0259f\u0259rl\u0259rin \u0259sas m\u0259qs\u0259di iki &ouml;lk\u0259 aras\u0131nda media k&ouml;rp&uuml;s&uuml;n&uuml;n yarad\u0131lmas\u0131, g&uuml;rc&uuml; medias\u0131nda Az\u0259rbaycan haqq\u0131nda m\u0259qal\u0259l\u0259rin d\u0259rc olunmas\u0131 v\u0259 &ouml;lk\u0259l\u0259rimizin jurnalistl\u0259ri, g\u0259ncl\u0259ri aras\u0131nda \u0259laq\u0259l\u0259rin geni\u015fl\u0259ndirilm\u0259sidi. Bu tipli layih\u0259l\u0259rin h\u0259yata ke&ccedil;irilm\u0259sind\u0259 \u0259sas m\u0259qs\u0259d iki &ouml;lk\u0259 aras\u0131nda dostluq \u0259laq\u0259l\u0259rinin m&ouml;hk\u0259nl\u0259ndirilm\u0259si, az\u0259rbaycanl\u0131lar\u0131n g&uuml;rc&uuml; c\u0259miyy\u0259tin\u0259 inteqrasiya prosesinin s&uuml;r\u0259tl\u0259ndirilm\u0259si, G&uuml;rc&uuml;standa az\u0259rbaycan m\u0259d\u0259niyy\u0259tinin inki\u015faf\u0131, m\u0259d\u0259ni-\u0259d\u0259bi \u0259laq\u0259l\u0259rin s\u0131xla\u015fd\u0131r\u0131lmas\u0131d\u0131r .<br \/>\nAz\u0259rbatycanl\u0131lar\u0131n M\u0259d\u0259niyy\u0259t M\u0259rk\u0259zi h\u0259m d\u0259 xarici &ouml;lk\u0259l\u0259rd\u0259 f\u0259aliyy\u0259t g&ouml;st\u0259r\u0259n diaspora t\u0259\u015fkilatlar\u0131 il\u0259 d\u0259 \u0259laq\u0259l\u0259r qurur, onlar\u0131n f\u0259aliyy\u0259tl\u0259rini d\u0259st\u0259kl\u0259yir. Bu yax\u0131nlarda Rusiya Federasiyas\u0131 Ali M\u0259hk\u0259m\u0259sinin &Uuml;murusiya Az\u0259rbaycan Konqresinin (&Uuml;AK) qeydiyyat\u0131n\u0131n l\u0259\u011fvin\u0259 dair q\u0259rar\u0131 naraz\u0131l\u0131qla qar\u015f\u0131lan\u0131b. G&uuml;rc&uuml;stan Az\u0259rbaycanl\u0131 Jurnalistl\u0259r Birliyi v\u0259 bu &ouml;lk\u0259d\u0259 f\u0259aliyy\u0259t g&ouml;st\u0259r\u0259n Az\u0259rbatycanl\u0131lar\u0131n M\u0259d\u0259niyy\u0259t M\u0259rk\u0259zi b\u0259yanat yayaraq narahatl\u0131qlar\u0131n\u0131 bildiribl\u0259r. B\u0259yanatlarda Az\u0259rbaycan-Rusiya m&uuml;nasib\u0259tl\u0259rinin h\u0259mi\u015f\u0259 y&uuml;ks\u0259k s\u0259viyy\u0259d\u0259 oldu\u011fu, b&uuml;t&uuml;n sah\u0259l\u0259rd\u0259 s\u0259m\u0259r\u0259li \u0259m\u0259kda\u015fl\u0131q \u0259laq\u0259l\u0259ri inki\u015faf etdiyi v\u0259 bu m&uuml;nasib\u0259tl\u0259r\u0259 iki &ouml;lk\u0259 prezidenti aras\u0131ndak\u0131 qar\u015f\u0131l\u0131ql\u0131 anla\u015fma v\u0259 dostluq \u0259laq\u0259l\u0259rinin t\u0259siri vur\u011fulan\u0131r. Buna baxmayaraq, Rusiyan\u0131n b\u0259zi anti-Az\u0259rbaycan dair\u0259l\u0259rinin, d&ouml;vl\u0259t orqanlar\u0131ndak\u0131 erm\u0259nip\u0259r\u0259st \u015f\u0259xsl\u0259rin, habel\u0259 bu &ouml;lk\u0259d\u0259ki erm\u0259ni lobbisinin Az\u0259rbaycan xalq\u0131na v\u0259 d&ouml;vl\u0259tin\u0259 qar\u015f\u0131 t\u0259xribat xarakterli f\u0259aliyy\u0259tini davam etdirdiyi vur\u011fulan\u0131r.G&uuml;rc&uuml;stan az\u0259rbaycanl\u0131lar\u0131 hesab edir ki, &Uuml;AK-\u0131n qeydiyyat\u0131n\u0131n l\u0259\u011fvinin arxas\u0131nda da m\u0259hz bu q&uuml;vv\u0259l\u0259r dayan\u0131r v\u0259 onlar\u0131n m\u0259qs\u0259di Rusiya il\u0259 Az\u0259rbaycan\u0131n m&uuml;nasib\u0259tl\u0259rini imtahana &ccedil;\u0259km\u0259kdir. G&uuml;rc&uuml;standak\u0131 Az\u0259rbaycan icmas\u0131, az\u0259rbaycanl\u0131lar\u0131n birl\u0259\u015fdiyi diaspor t\u0259\u015fkilatlar\u0131, ziyal\u0131lar, media qurumlar\u0131 v\u0259 QHT-l\u0259r RF Ali M\u0259hk\u0259m\u0259sini xalqlar\u0131m\u0131z\u0131n dostluq m&uuml;nasib\u0259tl\u0259rin\u0259 k&ouml;lg\u0259 sala bil\u0259c\u0259k t\u0259xribat xarakterli bu q\u0259rar\u0131 l\u0259\u011fv etm\u0259y\u0259 &ccedil;a\u011f\u0131r\u0131r.&nbsp;<br \/>\nBundan ba\u015fqa m\u0259rk\u0259z bir s\u0131ra kitab t\u0259qdimat\u0131nda da i\u015ftirak edir. Tbilisid\u0259 M.F.Axundzad\u0259 ad\u0131na Az\u0259rbaycan M\u0259d\u0259niyy\u0259ti Muzeyind\u0259 iyulun 14-d\u0259 &quot;D&uuml;nya az\u0259rbaycanl\u0131lar\u0131n palitras\u0131&quot; kitab\u0131n\u0131n t\u0259qdimat\u0131 olub. Muzeyin direktoru, Az\u0259rbaycan\u0131n \u0259m\u0259kdar m\u0259d\u0259niyy\u0259t i\u015f&ccedil;isi \u018fliyeva Leyla t\u0259dbiri a&ccedil;araq bildirib ki, Az\u0259rbaycan\u0131n d&ouml;vl\u0259t m&uuml;st\u0259qilliyinin 25 illiyin\u0259 h\u0259sr olunmu\u015f kitabda m&uuml;\u0259llifin diasporla ba\u011fl\u0131 m&uuml;xt\u0259lif K\u0130V-l\u0259rd\u0259 d\u0259rc olunan m&uuml;sahib\u0259l\u0259rin bir hiss\u0259si \u0259ksini tap\u0131b. &Uuml;mumiyy\u0259tl\u0259 kitabda d&uuml;nyan\u0131n 5 qit\u0259sind\u0259 m\u0259skunla\u015fm\u0131\u015f soyda\u015flar\u0131m\u0131zdan al\u0131nm\u0131\u015f 170 m&uuml;sahib\u0259 yer al\u0131b. Kitab d&ouml;rd f\u0259sild\u0259n ibar\u0259tdir. N\u0259\u015frin m&uuml;\u0259llifi, Diaspor Jurnalistl\u0259ri Birliyinin s\u0259dri Fuad H&uuml;seynzad\u0259 deyib ki, kitab\u0131 haz\u0131rlamaqda m\u0259qs\u0259d d&uuml;nyada ya\u015fayan az\u0259rbaycanl\u0131lar aras\u0131nda \u0259laq\u0259l\u0259ri inki\u015faf etdirm\u0259k, onlar\u0131n birliyini daha da m&ouml;hk\u0259ml\u0259ndirm\u0259kdir.<br \/>\nAz\u0259rbaycan\u0131n G&uuml;rc&uuml;standak\u0131 s\u0259firliyinin \u0259m\u0259kda\u015f\u0131 El&ccedil;in M\u0259mm\u0259dov qeyd edib ki, bu kitab d&uuml;nya az\u0259rbaycanl\u0131lar\u0131n\u0131n daha s\u0131x t\u0259\u015fkilatlanmasinda m&uuml;h&uuml;m \u0259h\u0259miyy\u0259t k\u0259sb edir. Dig\u0259r &ccedil;\u0131x\u0131\u015f ed\u0259nl\u0259r kitab\u0131n haz\u0131rlanmas\u0131n\u0131 y&uuml;ks\u0259k qiym\u0259tl\u0259ndiribl\u0259r. T\u0259dbird\u0259 bildirilib ki, kitab bir ne&ccedil;\u0259 dil\u0259 t\u0259rc&uuml;m\u0259 olunaraq d&uuml;nyada yay\u0131mlanacaq.<br \/>\nG&uuml;rc&uuml;standa f\u0259aliyy\u0259t g&ouml;st\u0259r\u0259n diaspor t\u0259\u015fkilatlar\u0131ndan biri d\u0259 G&uuml;rc&uuml;stan Az\u0259rbaycanl\u0131lar\u0131 Kongresidir. \u0259\u015fkilat G&uuml;rc&uuml;standa ya\u015fayan az\u0259rbaycanl\u0131lar\u0131n probleml\u0259rinin h\u0259llini, soyda\u015flar\u0131m\u0131z\u0131n g&uuml;rc&uuml; c\u0259miyy\u0259tin\u0259 inteqrasiyas\u0131n\u0131, G&uuml;rc&uuml;stan v\u0259 Az\u0259rbaycan d&ouml;vl\u0259tl\u0259ri aras\u0131ndak\u0131 \u0259laq\u0259l\u0259rin inki\u015faf\u0131na, i\u015f\u011fal olunmu\u015f \u0259razil\u0259rin s&uuml;lh yolu il\u0259 h\u0259llin\u0259 k&ouml;m\u0259k g&ouml;st\u0259rm\u0259yi, eyni zamanda, lobbi&ccedil;ilik f\u0259aliyy\u0259tini g&uuml;cl\u0259ndirm\u0259yi qar\u015f\u0131s\u0131na m\u0259qs\u0259d qoyub. Qeyd ed\u0259k ki, GAK 2008-ci ild\u0259 yarad\u0131lsa da, sonradan b\u0259zi s\u0259b\u0259bl\u0259rd\u0259n f\u0259aliyy\u0259tini dayand\u0131r\u0131b. &nbsp;2016-c\u0131 ild\u0259n yenid\u0259n f\u0259aliyy\u0259tini b\u0259rpa ed\u0259n konqres qar\u015f\u0131ya qoyulan m\u0259qs\u0259dl\u0259r\u0259 nail olmaq &uuml;&ccedil;&uuml;n b&uuml;t&uuml;n g&uuml;c&uuml;n&uuml; s\u0259f\u0259rb\u0259r edir. Bunun &uuml;&ccedil;&uuml;n Az\u0259rbaycan-G&uuml;rc&uuml;stan dostlu\u011funa, milli maraqlara xidm\u0259t ed\u0259n qeyri-h&ouml;kum\u0259t t\u0259\u015fkilatlar\u0131 il\u0259 s\u0131x \u0259m\u0259kda\u015fl\u0131q yarad\u0131b. Haz\u0131rda GAK-\u0131n \u0259traf\u0131nda 30-dan &ccedil;ox QHT birl\u0259\u015fib.<br \/>\nG&uuml;rc&uuml;stan Az\u0259rbaycanl\u0131lar\u0131 Kongresinin diqq\u0259td\u0259 saxlad\u0131qlar\u0131 m\u0259s\u0259l\u0259l\u0259rd\u0259n biri Da\u011fl\u0131q Qaraba\u011f m&uuml;naqi\u015f\u0259sidir. Erm\u0259nistan-Az\u0259rbaycan qo\u015funlar\u0131n\u0131n t\u0259mas x\u0259ttind\u0259 yaranm\u0131\u015f v\u0259ziyy\u0259t, erm\u0259nil\u0259rin tez-tez at\u0259\u015fk\u0259si pozmas\u0131 t\u0259\u015fkilat t\u0259r\u0259find\u0259n izl\u0259nilir. Bildirilir ki, G&uuml;rc&uuml;standa ya\u015fayan az\u0259rbaycanl\u0131lar\u0131 bu &ouml;lk\u0259nin v\u0259t\u0259nda\u015flar\u0131 olsalar da, &uuml;r\u0259kl\u0259ri daim Az\u0259rbaycan il\u0259 d&ouml;y&uuml;n&uuml;r. Onlar Ali Ba\u015f Komandan, Prezident \u0130lham \u018fliyevin &ccedil;\u0131x\u0131\u015flar\u0131n\u0131 diqq\u0259tl\u0259 izl\u0259yir v\u0259 onun m&ouml;vqeyini tam d\u0259st\u0259kl\u0259yirl\u0259r. Soyda\u015flar\u0131m\u0131z G&uuml;rc&uuml;stan\u0131n v\u0259 Az\u0259rbaycan\u0131n \u0259razi b&uuml;t&ouml;vl&uuml;y&uuml;n&uuml;n b\u0259rpas\u0131 namin\u0259 \u0259ll\u0259rind\u0259n g\u0259l\u0259ni etm\u0259y\u0259 haz\u0131r olduqlar\u0131n\u0131 bildirirl\u0259r. Bu g&uuml;nl\u0259rd\u0259 G&uuml;rc&uuml;stan Az\u0259rbaycanl\u0131lar\u0131n\u0131n Milli Konqresi Erm\u0259nistan Silahl\u0131 Q&uuml;vv\u0259l\u0259rinin F&uuml;zuli rayonunun Alxanl\u0131 k\u0259ndini at\u0259\u015f\u0259 tutmas\u0131 n\u0259tic\u0259sind\u0259 m&uuml;lki \u015f\u0259xsl\u0259rin &#8211; Allahverdiyeva Sahib\u0259 \u0130dris q\u0131z\u0131n\u0131n, onun n\u0259v\u0259si 2 ya\u015fl\u0131 Quliyeva Z\u0259hra Elnur q\u0131z\u0131n\u0131n h\u0259lak olmas\u0131, Quliyeva S\u0259rvinaz \u0130ltifat q\u0131z\u0131n\u0131n is\u0259 yaralanmas\u0131 fakt\u0131 il\u0259 ba\u011fl\u0131 b\u0259yanat yay\u0131b. Bu bar\u0259d\u0259 diasporla \u0130\u015f &uuml;zr\u0259 D&ouml;vl\u0259t Komit\u0259sind\u0259n bildirilib. Qeyd olunub ki, b\u0259yanat BMT, AT\u018fT, A\u015ePA, Avropa \u0130nsan Haqlar\u0131 M\u0259hk\u0259m\u0259sin\u0259, AT\u018fT-in Minsk qrupunun Rusiyal\u0131 h\u0259ms\u0259dri \u0130qor Popova, amerikal\u0131 h\u0259ms\u0259dri Ceyms Uorlik\u0259, fransal\u0131 h\u0259ms\u0259dri Pier Andreuya v\u0259 Avropa Parlamentin\u0259 g&ouml;nd\u0259rilib. B\u0259yanatda Erm\u0259nistan ordusunun n&ouml;vb\u0259ti t\u0259xribat\u0131n\u0131n G&uuml;rc&uuml;standa ya\u015fayan az\u0259rbaycanl\u0131lar\u0131n\u0131n narahatl\u0131\u011f\u0131na s\u0259b\u0259b oldu\u011fu bildirilib. B\u0259yanatda deyilir: &quot;Az\u0259rbaycan\u0131n dinc \u0259halisin\u0259 v\u0259 m&uuml;lki obyektl\u0259rin\u0259 y&ouml;n\u0259lmi\u015f artilleriya z\u0259rb\u0259l\u0259ri s&uuml;but edir ki, Erm\u0259nistan d&ouml;vl\u0259ti t\u0259cav&uuml;zkar siyas\u0259ti il\u0259 beyn\u0259lxalq h&uuml;ququn norma v\u0259 prinsipl\u0259rin\u0259 riay\u0259t etm\u0259y\u0259r\u0259k, beyn\u0259lxalq humanitar h&uuml;ququn v\u0259 insan haqlar\u0131n\u0131n, x&uuml;susil\u0259 1949-cu il Cenevr\u0259 konvensiyalar\u0131 v\u0259 ona 1 sayl\u0131 \u018flav\u0259, h\u0259m&ccedil;inin U\u015faqlar\u0131n h&uuml;quqlar\u0131na dair v\u0259 \u0130nsan h&uuml;quqlar\u0131n\u0131n m&uuml;dafi\u0259si v\u0259 fundamental azadl\u0131qlara dair Konvensiyan\u0131 ciddi \u015f\u0259kild\u0259 pozmaqda davam edir.<br \/>\nQeyd olunub ki, d&uuml;nyan\u0131n apar\u0131c\u0131, s&uuml;lhp\u0259rv\u0259r d&ouml;vl\u0259tl\u0259ri, beyn\u0259lxalq t\u0259\u015fkilatlar, BMT, AT\u018fT, Avropa \u015euras\u0131, Avropa Birliyi dinc sakinl\u0259rin, qocalar\u0131n, qad\u0131nlar\u0131n, k&ouml;rp\u0259 u\u015faqlar\u0131n q\u0259tl\u0259 yetirilm\u0259m\u0259si &uuml;&ccedil;&uuml;n t\u0259cav&uuml;zkar Erm\u0259nistan\u0131n i\u015f\u011fal etdiyi torpaqlardan silahl\u0131 q&uuml;vv\u0259l\u0259rini &ccedil;\u0259km\u0259y\u0259 m\u0259cbur edilm\u0259si &uuml;&ccedil;&uuml;n q\u0259ti add\u0131mlar atmal\u0131d\u0131r. Regionda s&uuml;lh&uuml;n, sabitliyin, \u0259min-amanl\u0131\u011f\u0131n t\u0259min olunmas\u0131n\u0131n yegan\u0259 yolu status-kvonun d\u0259yi\u015fdirilm\u0259si, Az\u0259rbaycan torpaqlar\u0131n\u0131n i\u015f\u011faldan azad olunmas\u0131d\u0131r&quot;.<br \/>\nG&uuml;rc&uuml;stan Az\u0259rbaycanl\u0131lar\u0131 Kongresinin d\u0259 yax\u0131ndan i\u015ftirak etdiyi bir s\u0131ra etiraz aksiyalar\u0131 da ke&ccedil;irilib. Bu, t\u0259dbirl\u0259rin birind\u0259 G&uuml;rc&uuml;stan\u0131n ali t\u0259hsil ocaqlar\u0131nda t\u0259hsil alan bir qrup t\u0259l\u0259b\u0259 v\u0259 f\u0259al Erm\u0259nsitan silahl\u0131 q&uuml;vv\u0259l\u0259rinin Az\u0259rbaycan\u0131n i\u015f\u011fal alt\u0131nda olan \u0259razil\u0259rind\u0259 t&ouml;r\u0259tdikl\u0259ri t\u0259xribatlar, x&uuml;sus\u0259n d\u0259 F&uuml;zuli rayonunun Alxanl\u0131 k\u0259ndini at\u0259\u015f\u0259 tutmas\u0131 n\u0259tic\u0259sind\u0259 dinc insanlar\u0131n &#8211; qad\u0131n v\u0259 u\u015fa\u011f\u0131n &ouml;ld&uuml;r&uuml;lm\u0259sin\u0259 etiraz olaraq aksiya ke&ccedil;iribl\u0259r.&nbsp;<br \/>\n(ard\u0131 var)<\/p>\n","protected":false},"excerpt":{"rendered":"<p>Diaspora t\u0259\u015fkilatlar\u0131n\u0131n f\u0259aliyy\u0259ti G&uuml;rc&uuml;standa Az\u0259rbaycan m\u0259d\u0259niyy\u0259tinin inki\u015faf\u0131na, m\u0259d\u0259ni-\u0259d\u0259bi \u0259laq\u0259l\u0259rin geni\u015fl\u0259ndirilm\u0259sin\u0259 xidm\u0259t edir Az\u0259rbaycanl\u0131lar\u0131n M\u0259d\u0259niyy\u0259t M\u0259rk\u0259zi G&uuml;rc&uuml;standa ke&ccedil;iril\u0259n bir t\u0259dbirl\u0259rd\u0259 yax\u0131ndan i\u015ftirak edir. M\u0259s\u0259l\u0259n. Az\u0259rbaycan\u0131n v\u0259 G&uuml;rc&uuml;stan\u0131n tarixi g&uuml;nl\u0259rin\u0259 h\u0259sr olunan&hellip;<\/p>\n","protected":false},"author":1,"featured_media":251278,"comment_status":"open","ping_status":"open","sticky":false,"template":"","format":"standard","meta":{"_lmt_disableupdate":"","_lmt_disable":"","footnotes":""},"categories":[1],"tags":[],"class_list":["post-48458","post","type-post","status-publish","format-standard","has-post-thumbnail","hentry","category-esas"],"_links":{"self":[{"href":"https:\/\/ucnoqta.az\/index.php?rest_route=\/wp\/v2\/posts\/48458","targetHints":{"allow":["GET"]}}],"collection":[{"href":"https:\/\/ucnoqta.az\/index.php?rest_route=\/wp\/v2\/posts"}],"about":[{"href":"https:\/\/ucnoqta.az\/index.php?rest_route=\/wp\/v2\/types\/post"}],"author":[{"embeddable":true,"href":"https:\/\/ucnoqta.az\/index.php?rest_route=\/wp\/v2\/users\/1"}],"replies":[{"embeddable":true,"href":"https:\/\/ucnoqta.az\/index.php?rest_route=%2Fwp%2Fv2%2Fcomments&post=48458"}],"version-history":[{"count":0,"href":"https:\/\/ucnoqta.az\/index.php?rest_route=\/wp\/v2\/posts\/48458\/revisions"}],"wp:featuredmedia":[{"embeddable":true,"href":"https:\/\/ucnoqta.az\/index.php?rest_route=\/wp\/v2\/media\/251278"}],"wp:attachment":[{"href":"https:\/\/ucnoqta.az\/index.php?rest_route=%2Fwp%2Fv2%2Fmedia&parent=48458"}],"wp:term":[{"taxonomy":"category","embeddable":true,"href":"https:\/\/ucnoqta.az\/index.php?rest_route=%2Fwp%2Fv2%2Fcategories&post=48458"},{"taxonomy":"post_tag","embeddable":true,"href":"https:\/\/ucnoqta.az\/index.php?rest_route=%2Fwp%2Fv2%2Ftags&post=48458"}],"curies":[{"name":"wp","href":"https:\/\/api.w.org\/{rel}","templated":true}]}}