{"id":48448,"date":"2017-07-18T11:27:16","date_gmt":"2017-07-18T07:27:16","guid":{"rendered":""},"modified":"-0001-11-30T00:00:00","modified_gmt":"-0001-11-29T20:00:00","slug":"","status":"publish","type":"post","link":"https:\/\/ucnoqta.az\/?p=48448","title":{"rendered":"\u201cAz\u0259rbaycan K\u00f6n\u00fcll\u00fcl\u00fck Xidm\u0259ti\u201d \u00e7\u0259r\u00e7iv\u0259sind\u0259 yenid\u0259n M\u00fcbadil\u0259 Proqram\u0131na start verilir"},"content":{"rendered":"<p><span style=\"line-height: 1.6em;\">G\u0259ncl\u0259r v\u0259 \u0130dman Nazirliyinin d\u0259st\u0259yi il\u0259 G\u0259ncl\u0259r T\u0259\u015fkilatlar\u0131 Milli \u015euras\u0131 t\u0259r\u0259find\u0259n h\u0259yata ke&ccedil;iril\u0259n &ldquo;Az\u0259rbaycan K&ouml;n&uuml;ll&uuml;l&uuml;k Xidm\u0259ti&rdquo; &ccedil;\u0259r&ccedil;iv\u0259sind\u0259 M&uuml;badil\u0259 Proqram\u0131na start verilir.&nbsp;<\/span><span style=\"line-height: 1.6em;\">&ldquo;Az\u0259rbaycan K&ouml;n&uuml;ll&uuml;l&uuml;k Xidm\u0259ti&rdquo; &ccedil;\u0259r&ccedil;iv\u0259sind\u0259 m&uuml;badil\u0259nin ke&ccedil;irilm\u0259 m\u0259qs\u0259di g\u0259ncl\u0259r aras\u0131nda k&ouml;n&uuml;ll&uuml;l&uuml;y&uuml;n t\u0259bli\u011fi, onlar\u0131n k&ouml;n&uuml;ll&uuml;l&uuml;k f\u0259aliyy\u0259tin\u0259 h\u0259v\u0259sl\u0259ndirilm\u0259si v\u0259 onlar aras\u0131nda k&ouml;n&uuml;ll&uuml;l&uuml;k f\u0259ls\u0259f\u0259sinin inki\u015faf\u0131na t\u0259kan verilm\u0259sidir.<\/span><br \/>\n<span style=\"line-height: 1.6em;\">M&uuml;badil\u0259 Proqram\u0131 Quba, G\u0259nc\u0259, L\u0259nkaran, Ming\u0259&ccedil;evir v\u0259 Balak\u0259n olmaqla 5 m&uuml;xt\u0259lif regionda 5 f\u0259al g\u0259ncin i\u015ftirak\u0131 il\u0259 1 ay m&uuml;dd\u0259tind\u0259 h\u0259yata ke&ccedil;iril\u0259c\u0259kdir. G\u0259ncl\u0259r 1 ay m&uuml;dd\u0259tind\u0259 dig\u0259r regiona s\u0259yah\u0259t edib orada yerl\u0259\u015f\u0259n G\u0259ncl\u0259r Evind\u0259 f\u0259aliyy\u0259t g&ouml;st\u0259r\u0259c\u0259kl\u0259r. K&ouml;n&uuml;ll&uuml;l&uuml;k sah\u0259sind\u0259 t\u0259cr&uuml;b\u0259 qazanmaq, bacar\u0131qlar\u0131n\u0131 inki\u015faf etdirm\u0259k, s\u0259m\u0259r\u0259li vaxt ke&ccedil;irtm\u0259k v\u0259 m&uuml;xt\u0259lif m&uuml;hitd\u0259 &ccedil;al\u0131\u015fmaq imkan\u0131 \u0259ld\u0259 ed\u0259c\u0259kl\u0259r.&nbsp;<\/span><br \/>\n<span style=\"line-height: 1.6em;\">Qeyd ed\u0259k ki, M&uuml;badil\u0259 Proqram\u0131na qeydiyyat ba\u015fa &ccedil;at\u0131b v\u0259 se&ccedil;im m\u0259rh\u0259l\u0259sin\u0259 start verilib. Se&ccedil;im m\u0259rh\u0259l\u0259sind\u0259 u\u011furla ke&ccedil;\u0259n 5 g\u0259nc proqramda i\u015ftirak h&uuml;ququ qazanacaqlar. Proqram haqq\u0131nda \u0259trafl\u0131 m\u0259lumat \u0259ld\u0259 etm\u0259k &uuml;&ccedil;&uuml;n www.akx.nayora.az &uuml;nvan\u0131na daxil ola bil\u0259rsiniz.<\/span><br \/>\n<span style=\"line-height: 1.6em;\">G\u0259ncl\u0259r T\u0259\u015fkilatlar\u0131 Milli \u015euras\u0131n\u0131n s\u0259dri Seymur H&uuml;seynov qeyd edib: &ldquo;Milli \u015eura t\u0259r\u0259find\u0259n M&uuml;badil\u0259 proqram\u0131na artiq ikinci d\u0259f\u0259 start verilir. M&uuml;badil\u0259 mudd\u0259tind\u0259 regionlarda g\u0259nc k&ouml;n&uuml;ll&uuml;l\u0259rin m&uuml;badil\u0259sini t\u0259\u015fkil etm\u0259kl\u0259, k&ouml;n&uuml;ll&uuml;l\u0259r, G\u0259ncl\u0259r Evl\u0259ri, t\u0259\u015fkilatlar, d&ouml;vl\u0259t qurumlar\u0131 v\u0259 dig\u0259r qurumlar aras\u0131nda k&ouml;rp&uuml;l\u0259rin geni\u015fl\u0259ndirilm\u0259sin\u0259 imkan yarad\u0131lacaq. M&uuml;badil\u0259 zaman\u0131 G\u0259ncl\u0259r evl\u0259rinin k&ouml;n&uuml;ll&uuml;l\u0259rl\u0259 \u0259m\u0259kda\u015fl\u0131q imkanlar\u0131n\u0131 geni\u015fl\u0259ndir\u0259c\u0259k, k&ouml;n&uuml;ll&uuml;l\u0259rin m&uuml;badil\u0259 &ccedil;\u0259r&ccedil;iv\u0259sind\u0259 \u015f\u0259xsi v\u0259 pe\u015f\u0259kar inki\u015faf\u0131 t\u0259min olunacaqdir. D&uuml;\u015f&uuml;n&uuml;r\u0259m ki, bu proqram g\u0259ncl\u0259rimizin m&uuml;xt\u0259lif region g\u0259ncl\u0259ri il\u0259 \u0259m\u0259kda\u015fl\u0131g\u0131n\u0131n qurulmas\u0131nda v\u0259 inki\u015faf\u0131nda m&uuml;h&uuml;m rol oynayacaqd\u0131r&quot;.&nbsp;<\/span><br \/>\n<span style=\"line-height: 1.6em;\">M\u0259lumat &uuml;&ccedil;&uuml;n bildir\u0259k ki, &ldquo;Az\u0259rbaycan K&ouml;n&uuml;ll&uuml;l&uuml;k Xidm\u0259ti&rdquo; Avropa K&ouml;n&uuml;ll&uuml;l&uuml;k Xidm\u0259tinin (European Voluntary Service) Az\u0259rbaycan modelidir v\u0259 ARGTM\u015e t\u0259r\u0259find\u0259n Az\u0259rbaycan Respublikas\u0131 G\u0259ncl\u0259r v\u0259 \u0130dman Nazirliyinin d\u0259st\u0259yi il\u0259 2013-c&uuml; ild\u0259 yarad\u0131l\u0131b. Proqram\u0131n m\u0259qs\u0259di g\u0259ncl\u0259r aras\u0131nda k&ouml;n&uuml;ll&uuml;l&uuml;y&uuml;n t\u0259bli\u011fi v\u0259 onlar\u0131 k&ouml;n&uuml;ll&uuml; f\u0259aliyy\u0259t\u0259 h\u0259v\u0259sl\u0259ndirm\u0259kl\u0259 Az\u0259rbaycanda k&ouml;n&uuml;ll&uuml;l&uuml;k f\u0259ls\u0259f\u0259sinin inki\u015faf\u0131na t\u0259kan verm\u0259k, qeyri-maddi motivasiya \u0259sas\u0131nda region g\u0259ncl\u0259rinin k&ouml;n&uuml;ll&uuml;l&uuml;k f\u0259aliyy\u0259tin\u0259 c\u0259lb edilm\u0259si, regionlarda yerl\u0259\u015f\u0259n G\u0259ncl\u0259r Evl\u0259rind\u0259 K&ouml;n&uuml;ll&uuml;l\u0259rin f\u0259aliyy\u0259tl\u0259rinin geni\u015fl\u0259ndirilm\u0259sidir. 2013-c&uuml; ild\u0259 Milli \u015eura Proqram &ccedil;\u0259r&ccedil;iv\u0259sind\u0259 10 g\u0259ncl\u0259r t\u0259\u015fkilatlan\u0131 Milli Akreditasiya Sertifikat\u0131 il\u0259 t\u0259min edib. H\u0259yata ke&ccedil;iril\u0259n proqram\u0131n ilkin hiss\u0259si Quba, G\u0259nc\u0259, L\u0259nk\u0259ran, Ming\u0259&ccedil;evir v\u0259 Balak\u0259n \u015f\u0259h\u0259rl\u0259rind\u0259 ya\u015fayan 18-29 ya\u015fl\u0131 g\u0259ncl\u0259ri \u0259hat\u0259 edecekdirv\u0259 proqram n\u0259tic\u0259sind\u0259 k&ouml;n&uuml;ll&uuml;l\u0259raras\u0131 \u015f\u0259b\u0259k\u0259 yarad\u0131lm\u0131\u015fd\u0131r. 2014-c&uuml; ild\u0259 Balak\u0259n, Goranboy, G&ouml;yg&ouml;l, \u015e\u0259mkir, T\u0259rt\u0259r, Yevlax, Z\u0259rdab, Sabirabad, Ming\u0259&ccedil;evir, Qusar, Quba, L\u0259nk\u0259ran v\u0259 Bak\u0131 \u015f\u0259h\u0259rind\u0259n Suraxan\u0131, Sabun&ccedil;u v\u0259 X\u0259z\u0259r rayonlar\u0131nda yerl\u0259\u015f\u0259n G\u0259ncl\u0259r Evi v\u0259 M\u0259rk\u0259zl\u0259rind\u0259n 15 qrup r\u0259hb\u0259ri v\u0259 20 k&ouml;n&uuml;ll&uuml; se&ccedil;il\u0259r\u0259k Proqramda i\u015ftirak etmi\u015fdir. Bu g\u0259ncl\u0259r aras\u0131nda &ldquo;Az\u0259rbaycan K&ouml;n&uuml;ll&uuml;l&uuml;k Xidm\u0259ti&rdquo; Proqram\u0131 t\u0259r\u0259find\u0259n 2014-c&uuml; il &uuml;zr\u0259 ilk d\u0259f\u0259 olaraq &ldquo;\u0130lin K&ouml;n&uuml;ll&uuml;s&uuml;&rdquo; nominasiyas\u0131 &uuml;zr\u0259 m&uuml;kafatland\u0131rma m\u0259rasimi h\u0259yata ke&ccedil;irilib. M&uuml;kafat\u0131n sahibi proqram\u0131n Koordinasiya \u015euras\u0131n\u0131n q\u0259rar\u0131 \u0259sas\u0131nda se&ccedil;ilib.<\/span><\/p>\n","protected":false},"excerpt":{"rendered":"<p>G\u0259ncl\u0259r v\u0259 \u0130dman Nazirliyinin d\u0259st\u0259yi il\u0259 G\u0259ncl\u0259r T\u0259\u015fkilatlar\u0131 Milli \u015euras\u0131 t\u0259r\u0259find\u0259n h\u0259yata ke&ccedil;iril\u0259n &ldquo;Az\u0259rbaycan K&ouml;n&uuml;ll&uuml;l&uuml;k Xidm\u0259ti&rdquo; &ccedil;\u0259r&ccedil;iv\u0259sind\u0259 M&uuml;badil\u0259 Proqram\u0131na start verilir.&nbsp;&ldquo;Az\u0259rbaycan K&ouml;n&uuml;ll&uuml;l&uuml;k Xidm\u0259ti&rdquo; &ccedil;\u0259r&ccedil;iv\u0259sind\u0259 m&uuml;badil\u0259nin ke&ccedil;irilm\u0259 m\u0259qs\u0259di g\u0259ncl\u0259r aras\u0131nda k&ouml;n&uuml;ll&uuml;l&uuml;y&uuml;n&hellip;<\/p>\n","protected":false},"author":1,"featured_media":251278,"comment_status":"open","ping_status":"open","sticky":false,"template":"","format":"standard","meta":{"_lmt_disableupdate":"","_lmt_disable":"","footnotes":""},"categories":[],"tags":[],"class_list":["post-48448","post","type-post","status-publish","format-standard","has-post-thumbnail","hentry"],"_links":{"self":[{"href":"https:\/\/ucnoqta.az\/index.php?rest_route=\/wp\/v2\/posts\/48448","targetHints":{"allow":["GET"]}}],"collection":[{"href":"https:\/\/ucnoqta.az\/index.php?rest_route=\/wp\/v2\/posts"}],"about":[{"href":"https:\/\/ucnoqta.az\/index.php?rest_route=\/wp\/v2\/types\/post"}],"author":[{"embeddable":true,"href":"https:\/\/ucnoqta.az\/index.php?rest_route=\/wp\/v2\/users\/1"}],"replies":[{"embeddable":true,"href":"https:\/\/ucnoqta.az\/index.php?rest_route=%2Fwp%2Fv2%2Fcomments&post=48448"}],"version-history":[{"count":0,"href":"https:\/\/ucnoqta.az\/index.php?rest_route=\/wp\/v2\/posts\/48448\/revisions"}],"wp:featuredmedia":[{"embeddable":true,"href":"https:\/\/ucnoqta.az\/index.php?rest_route=\/wp\/v2\/media\/251278"}],"wp:attachment":[{"href":"https:\/\/ucnoqta.az\/index.php?rest_route=%2Fwp%2Fv2%2Fmedia&parent=48448"}],"wp:term":[{"taxonomy":"category","embeddable":true,"href":"https:\/\/ucnoqta.az\/index.php?rest_route=%2Fwp%2Fv2%2Fcategories&post=48448"},{"taxonomy":"post_tag","embeddable":true,"href":"https:\/\/ucnoqta.az\/index.php?rest_route=%2Fwp%2Fv2%2Ftags&post=48448"}],"curies":[{"name":"wp","href":"https:\/\/api.w.org\/{rel}","templated":true}]}}