{"id":48441,"date":"2017-07-17T17:54:37","date_gmt":"2017-07-17T13:54:37","guid":{"rendered":""},"modified":"-0001-11-30T00:00:00","modified_gmt":"-0001-11-29T20:00:00","slug":"","status":"publish","type":"post","link":"https:\/\/ucnoqta.az\/?p=48441","title":{"rendered":"Elmar M\u0259mm\u0259dyarov: <font color=red><b>&#8220;Erm\u0259nistan v\u0259ziyy\u0259ti bil\u0259r\u0259kd\u0259n g\u0259rginl\u0259\u015fdirib&#8221;<\/b><\/font>"},"content":{"rendered":"<p><span style=\"line-height: 1.6em;\">&quot;Erm\u0259nistan ist\u0259nil\u0259n yolla i\u015f\u011fal\u0131 davam etdirm\u0259y\u0259 v\u0259 status-kvonu saxlama\u011fa &ccedil;al\u0131\u015f\u0131r.&quot;&nbsp;<\/span><span style=\"line-height: 1.6em;\">Bunu R\u0130A &quot;Novosti&quot;y\u0259 m&uuml;sahib\u0259sind\u0259 Az\u0259rbaycan\u0131n xarici i\u015fl\u0259r naziri Elmar M\u0259mm\u0259dyarov bildirib.&nbsp;<\/span><span style=\"line-height: 1.6em;\">&quot;Prezidentl\u0259rin Sankt-Peterburqdak\u0131 dan\u0131\u015f\u0131qlar\u0131ndan sonra Erm\u0259nistan t\u0259r\u0259fi substantiv dan\u0131\u015f\u0131qlar yolu il\u0259 m&uuml;naqi\u015f\u0259nin h\u0259llin\u0259 yol verm\u0259m\u0259k m\u0259qs\u0259di il\u0259 m&uuml;xt\u0259lif b\u0259han\u0259l\u0259rl\u0259 v\u0259 t\u0259xribatlara \u0259l atma\u011f\u0131 davam edir. H\u0259tta dan\u0131\u015f\u0131qlar prosesinin ciddi davam etdirilm\u0259si &uuml;&ccedil;&uuml;n erm\u0259ni t\u0259r\u0259fi \u015f\u0259rt ir\u0259li s&uuml;rm\u0259k ist\u0259yir&quot;, &#8211; E.M\u0259mm\u0259dyarov bildirib.<\/span><\/p>\n<p>&quot;Erm\u0259nistan bu ilin iyun ay\u0131ndan h\u0259ms\u0259drl\u0259rin regiona s\u0259f\u0259ri v\u0259 xarici i\u015fl\u0259r nazirl\u0259rinin Br&uuml;sseld\u0259ki g&ouml;r&uuml;\u015f&uuml;nd\u0259n \u0259vv\u0259l v\u0259ziyy\u0259ti bil\u0259r\u0259kd\u0259n g\u0259rginl\u0259\u015fdirib. Bu il iyulun 4-d\u0259 Az\u0259rbaycan\u0131n F&uuml;zuli rayonunun Al\u0131xanl\u0131 k\u0259ndind\u0259 Erm\u0259nistan silahl\u0131 q&uuml;vv\u0259l\u0259ri t\u0259r\u0259find\u0259n m\u0259qs\u0259dy&ouml;nl&uuml; v\u0259 qabaqcadan d&uuml;\u015f&uuml;n&uuml;lm&uuml;\u015f h&uuml;cum n\u0259tic\u0259sind\u0259 2 ya\u015fl\u0131 q\u0131z v\u0259 onun n\u0259n\u0259si &ouml;ld&uuml;r&uuml;l&uuml;b, daha bir qad\u0131n yaralan\u0131b. Son hadis\u0259l\u0259r, o c&uuml;ml\u0259d\u0259n &ouml;t\u0259n ilin aprelind\u0259 ba\u015f ver\u0259n h\u0259rbi toqqu\u015fmalar bir daha s&uuml;but etdi ki, Az\u0259rbaycan\u0131n i\u015f\u011fal olunmu\u015f \u0259razil\u0259rind\u0259n Erm\u0259nistan t\u0259r\u0259finin &ouml;z silahl\u0131 q&uuml;vv\u0259l\u0259rini &ccedil;\u0131xarmas\u0131ndan imtina etm\u0259si s\u0259b\u0259bind\u0259n region ciddi t\u0259hl&uuml;k\u0259l\u0259rl\u0259 &uuml;z-&uuml;z\u0259 qal\u0131b&quot;, &#8211; X\u0130N ba\u015f&ccedil;\u0131s\u0131 deyib.<br \/>\nOnun s&ouml;zl\u0259rin\u0259 g&ouml;r\u0259, Erm\u0259nistan ist\u0259nil\u0259n yolla i\u015f\u011fal\u0131 davam etdirm\u0259y\u0259 v\u0259 status-kvonu saxlama\u011fa &ccedil;al\u0131\u015f\u0131r.report<\/p>\n","protected":false},"excerpt":{"rendered":"<p>&quot;Erm\u0259nistan ist\u0259nil\u0259n yolla i\u015f\u011fal\u0131 davam etdirm\u0259y\u0259 v\u0259 status-kvonu saxlama\u011fa &ccedil;al\u0131\u015f\u0131r.&quot;&nbsp;Bunu R\u0130A &quot;Novosti&quot;y\u0259 m&uuml;sahib\u0259sind\u0259 Az\u0259rbaycan\u0131n xarici i\u015fl\u0259r naziri Elmar M\u0259mm\u0259dyarov bildirib.&nbsp;&quot;Prezidentl\u0259rin Sankt-Peterburqdak\u0131 dan\u0131\u015f\u0131qlar\u0131ndan sonra Erm\u0259nistan t\u0259r\u0259fi substantiv dan\u0131\u015f\u0131qlar yolu il\u0259 m&uuml;naqi\u015f\u0259nin&hellip;<\/p>\n","protected":false},"author":1,"featured_media":251278,"comment_status":"open","ping_status":"open","sticky":false,"template":"","format":"standard","meta":{"_lmt_disableupdate":"","_lmt_disable":"","footnotes":""},"categories":[86],"tags":[],"class_list":["post-48441","post","type-post","status-publish","format-standard","has-post-thumbnail","hentry","category-siyaset"],"_links":{"self":[{"href":"https:\/\/ucnoqta.az\/index.php?rest_route=\/wp\/v2\/posts\/48441","targetHints":{"allow":["GET"]}}],"collection":[{"href":"https:\/\/ucnoqta.az\/index.php?rest_route=\/wp\/v2\/posts"}],"about":[{"href":"https:\/\/ucnoqta.az\/index.php?rest_route=\/wp\/v2\/types\/post"}],"author":[{"embeddable":true,"href":"https:\/\/ucnoqta.az\/index.php?rest_route=\/wp\/v2\/users\/1"}],"replies":[{"embeddable":true,"href":"https:\/\/ucnoqta.az\/index.php?rest_route=%2Fwp%2Fv2%2Fcomments&post=48441"}],"version-history":[{"count":0,"href":"https:\/\/ucnoqta.az\/index.php?rest_route=\/wp\/v2\/posts\/48441\/revisions"}],"wp:featuredmedia":[{"embeddable":true,"href":"https:\/\/ucnoqta.az\/index.php?rest_route=\/wp\/v2\/media\/251278"}],"wp:attachment":[{"href":"https:\/\/ucnoqta.az\/index.php?rest_route=%2Fwp%2Fv2%2Fmedia&parent=48441"}],"wp:term":[{"taxonomy":"category","embeddable":true,"href":"https:\/\/ucnoqta.az\/index.php?rest_route=%2Fwp%2Fv2%2Fcategories&post=48441"},{"taxonomy":"post_tag","embeddable":true,"href":"https:\/\/ucnoqta.az\/index.php?rest_route=%2Fwp%2Fv2%2Ftags&post=48441"}],"curies":[{"name":"wp","href":"https:\/\/api.w.org\/{rel}","templated":true}]}}