{"id":48433,"date":"2017-07-17T17:06:49","date_gmt":"2017-07-17T13:06:49","guid":{"rendered":""},"modified":"-0001-11-30T00:00:00","modified_gmt":"-0001-11-29T20:00:00","slug":"","status":"publish","type":"post","link":"https:\/\/ucnoqta.az\/?p=48433","title":{"rendered":"G\u00fcrc\u00fcstandak\u0131 Az\u0259rbaycan diasporas\u0131 f\u0259aliyy\u0259tini geni\u015fl\u0259ndirir"},"content":{"rendered":"<p>Az\u0259rbaycanl\u0131lar\u0131n g&uuml;rc&uuml; c\u0259miyy\u0259tin\u0259 inteqrasiyas\u0131l\u0259 \u0259laq\u0259dar bir s\u0131ra layih\u0259l\u0259r h\u0259yata ke&ccedil;irilir.<br \/>\nAz\u0259rbaycan\u0131n f\u0259aliyy\u0259ti il\u0259 ce&ccedil;il\u0259n, onun tan\u0131d\u0131lmas\u0131nda rol oynayan diaspor t\u0259\u015fkilatlar\u0131 aras\u0131nda G&uuml;rc&uuml;standa f\u0259aliyy\u0259t g&ouml;st\u0259r\u0259n G&uuml;rc&uuml;stan-Az\u0259rbaycan Xeyriyy\u0259 C\u0259miyy\u0259ti, Az\u0259rbaycanl\u0131lar\u0131n M\u0259d\u0259niyy\u0259t M\u0259rk\u0259zi x&uuml;susil\u0259 se&ccedil;ilir. &nbsp;M\u0259s\u0259l\u0259n bu g&uuml;nl\u0259rd\u0259 Az\u0259rbaycan\u0131n Batumid\u0259ki ba\u015f konsullu\u011fundan bildiribl\u0259r ki, Acariyada ya\u015fayan az\u0259rbaycanl\u0131lar Erm\u0259nistan silahl\u0131 q&uuml;vv\u0259l\u0259rinin F&uuml;zuli rayonunun Alxanl\u0131 k\u0259ndini at\u0259\u015f\u0259 tutmas\u0131 n\u0259tic\u0259sind\u0259 m&uuml;lki \u015f\u0259xsl\u0259rin &ouml;ld&uuml;r&uuml;lm\u0259sind\u0259n ciddi narahatd\u0131rlar. Acar\u0131stan Muxtar Respublikas\u0131nda f\u0259aliyy\u0259t g&ouml;st\u0259r\u0259n G&uuml;rc&uuml;stan-Az\u0259rbaycan Xeyriyy\u0259 C\u0259miyy\u0259ti Erm\u0259nistan silahl\u0131 q&uuml;vv\u0259l\u0259rinin F&uuml;zuli rayonunun Alxanl\u0131 k\u0259ndini at\u0259\u015f\u0259 tutmas\u0131 n\u0259tic\u0259sind\u0259 m&uuml;lki \u015f\u0259xsl\u0259rin &ouml;ld&uuml;r&uuml;lm\u0259si fakt\u0131 il\u0259 ba\u011fl\u0131 b\u0259yanat yay\u0131b. B\u0259yanatda Erm\u0259nistan ordusunun n&ouml;vb\u0259ti t\u0259xribat\u0131n\u0131n G&uuml;rc&uuml;stan\u0131n q\u0259rbind\u0259, Acar\u0131stan Muxtar Respublikas\u0131nda ya\u015fayan az\u0259rbaycanl\u0131lar\u0131n narahatl\u0131\u011f\u0131na s\u0259b\u0259b oldu\u011fu bildirilir. B\u0259yanatda deyilir: &ldquo;Az\u0259rbaycan\u0131n dinc \u0259halisin\u0259 v\u0259 m&uuml;lki obyektl\u0259rin\u0259 y&ouml;n\u0259l\u0259n artilleriya z\u0259rb\u0259l\u0259ri s&uuml;but edir ki, Erm\u0259nistan d&ouml;vl\u0259ti t\u0259cav&uuml;zkar siyas\u0259ti il\u0259 beyn\u0259lxalq h&uuml;ququn norma v\u0259 prinsipl\u0259rin\u0259 riay\u0259t etmir. \u018fksin\u0259, beyn\u0259lxalq humanitar h&uuml;ququn v\u0259 insan haqlar\u0131n\u0131n, x&uuml;susil\u0259 BMT-nin, 1949-cu il Cenevr\u0259 konvensiyalar\u0131n\u0131n, h\u0259m&ccedil;inin u\u015faqlar\u0131n h&uuml;quqlar\u0131na dair v\u0259 insan h&uuml;quqlar\u0131n\u0131n m&uuml;dafi\u0259si v\u0259 fundamental azadl\u0131qlara dair Konvensiyan\u0131 ciddi \u015f\u0259kild\u0259 pozmaqda davam edir&rdquo;.<br \/>\nB\u0259yanatda qeyd olunur ki, Acariyada ya\u015fayan az\u0259rbaycanl\u0131lar Az\u0259rbaycan d&ouml;vl\u0259tinin, Ali Ba\u015f Komandan, Prezident \u0130lham \u018fliyevin h\u0259yata ke&ccedil;irdiyi xarici siyas\u0259ti d\u0259st\u0259kl\u0259yir v\u0259 daim tarixi V\u0259t\u0259nl\u0259ri Az\u0259rbaycanla bir yerd\u0259dirl\u0259r. B\u0259yanat g&uuml;rc&uuml; m\u0259tbuat\u0131nda da geni\u015f i\u015f\u0131qland\u0131rl\u0131b. &ldquo;Adjara&rdquo; PS q\u0259zeti m\u0259lum hadis\u0259l\u0259rl\u0259 ba\u011fl\u0131 m\u0259lumat d\u0259rc edib.<br \/>\nBundan \u0259vv\u0259l is\u0259 G&uuml;rc&uuml;standa f\u0259aliyy\u0259t g&ouml;st\u0259r\u0259n diaspora t\u0259\u015fkilatlar\u0131 erm\u0259ni t\u0259xribat\u0131n\u0131n qar\u015f\u0131sini al\u0131b. &Ouml;t\u0259n il &nbsp;G&uuml;rc&uuml;stan\u0131n Axalk\u0259l\u0259ki v\u0259 Batumi \u015f\u0259h\u0259rl\u0259rind\u0259 qondarma &quot;arsax&quot; v\u0259 &quot;k&uuml;rd&uuml;stan&quot;\u0131n simvollar\u0131- bayraqlar\u0131 qald\u0131r\u0131l\u0131b, sonra is\u0259 &quot;arsax&quot;\u0131n bayra\u011f\u0131 Tiflisin m\u0259rk\u0259zind\u0259 peyda olub. S&ouml;hb\u0259t Az\u0259rbaycan \u0259razisi olan Da\u011fl\u0131q Qaraba\u011fda erm\u0259ni separat&ccedil;\u0131lar\u0131n\u0131n Erm\u0259nistan\u0131n k&ouml;m\u0259yi il\u0259 yaratd\u0131qlar\u0131 qondarma qurumun bayra\u011f\u0131ndan gedir. Bununla ba\u011fl\u0131 G&uuml;rc&uuml;stan az\u0259rbaycanl\u0131lar\u0131 &ouml;lk\u0259 prezidenti Giorgi Marqvela\u015fviliy\u0259 a&ccedil;\u0131q m\u0259ktubla m&uuml;raci\u0259t edibl\u0259r. M\u0259ktubda bildirilir ki, G&uuml;rc&uuml;stan ist\u0259nil\u0259n separat&ccedil;\u0131l\u0131q t\u0259zah&uuml;r&uuml;n\u0259 qar\u015f\u0131 birm\u0259nal\u0131 m&uuml;nasib\u0259t g&ouml;st\u0259rir: &quot;&Uuml;mumilikd\u0259 G&uuml;rc&uuml;stan\u0131n m&ouml;vqeyi aprelin \u0259vv\u0259lind\u0259 Qaraba\u011fda h\u0259rbi v\u0259ziyy\u0259tin g\u0259rginl\u0259\u015fm\u0259si zaman\u0131 d\u0259qiq ifad\u0259 olunub. G&uuml;rc&uuml;stan h\u0259mi\u015f\u0259 Az\u0259rbaycan\u0131n \u0259razi b&uuml;t&ouml;vl&uuml;y&uuml;n&uuml; tan\u0131y\u0131b, &ouml;lk\u0259 r\u0259hb\u0259rliyi is\u0259 m&uuml;naqi\u015f\u0259nin h\u0259llind\u0259 vasit\u0259&ccedil;iliyini t\u0259klif edib. T\u0259bii ki, Qaraba\u011f m&uuml;naqi\u015f\u0259si yaln\u0131z Az\u0259rbaycan\u0131n \u0259razi b&uuml;t&ouml;vl&uuml;y&uuml; &ccedil;\u0259r&ccedil;iv\u0259sind\u0259 h\u0259ll oluna bil\u0259r&quot;.<br \/>\nM\u0259ktub m&uuml;\u0259llifl\u0259ri qeyd edirl\u0259r ki, \u0259g\u0259r G&uuml;rc&uuml;standa, x&uuml;sus\u0259n d\u0259 paytaxt Tiflisd\u0259 separat&ccedil;\u0131l\u0131q\u0131n t\u0259bli\u011fat\u0131 apar\u0131l\u0131rsa v\u0259 etnik t\u0259mizl\u0259m\u0259l\u0259r &quot;q\u0259l\u0259b\u0259&quot; kimi t\u0259qdim olunursa, bu, o dem\u0259kdir ki, ziyan G&uuml;rc&uuml;stan\u0131n &ouml;z&uuml;n\u0259 v\u0259 onun \u0259razi b&uuml;t&ouml;vl&uuml;y&uuml;n&uuml; b\u0259rpa etm\u0259k perspektivl\u0259rin\u0259 vurulur: &quot;\u018fslind\u0259 s&ouml;hb\u0259t G&uuml;rc&uuml;stan\u0131 t\u0259xribata &ccedil;\u0259km\u0259kd\u0259n, &ouml;lk\u0259ni beyn\u0259lxalq miqyasda Qaraba\u011f m&uuml;naqi\u015f\u0259sinin t\u0259r\u0259fi, separat&ccedil;\u0131lar\u0131n t\u0259r\u0259fi kimi kimi t\u0259qdim etm\u0259k c\u0259hdl\u0259rind\u0259n ged\u0259 bil\u0259r&quot;.<br \/>\nM\u0259ktub m&uuml;\u0259llifl\u0259ri, h\u0259m&ccedil;inin G&uuml;rc&uuml;stan r\u0259smil\u0259rinin bel\u0259 t\u0259hl&uuml;k\u0259li faktlara \u0259h\u0259miyy\u0259t verm\u0259m\u0259sind\u0259n v\u0259 he&ccedil; bir t\u0259dbir g&ouml;r&uuml;lm\u0259m\u0259sind\u0259n narahatl\u0131qlar\u0131n\u0131 dil\u0259 g\u0259tiribl\u0259r: &quot;Ba\u015fa d&uuml;\u015fm\u0259k laz\u0131md\u0131r ki, \u0259g\u0259r bu g&uuml;n q\u0259tiyy\u0259tli add\u0131mlar at\u0131lmasa, ekstremist v\u0259 separat&ccedil;\u0131 \u015f\u0259xsl\u0259rin s\u0131ralar\u0131 geni\u015fl\u0259n\u0259c\u0259k v\u0259 onlar G&uuml;rc&uuml;standa m&ouml;vqel\u0259rini g&uuml;cl\u0259ndir\u0259c\u0259kl\u0259r. Bu qruplar g&uuml;rc&uuml; xalq\u0131n\u0131n maraqlar\u0131 il\u0259 ortaq he&ccedil; n\u0259yi omayan v\u0259 G&uuml;rc&uuml;stan d&ouml;vl\u0259t&ccedil;iliyinin n&uuml;fuzunu, maraqlar\u0131n\u0131 t\u0259hl&uuml;k\u0259 alt\u0131na qoyan mill\u0259t&ccedil;i separat&ccedil;\u0131 simvollar\u0131 yayacaqlar&quot;.<br \/>\nYuxar\u0131da sadalananlar\u0131 n\u0259z\u0259r\u0259 alaraq az\u0259rbaycanl\u0131lar G&uuml;rc&uuml;stan Prezidentin\u0259 &ouml;lk\u0259 \u0259razisind\u0259 separat&ccedil;\u0131l\u0131\u011f\u0131n v\u0259 onun simvollar\u0131n\u0131n ist\u0259nil\u0259n t\u0259zah&uuml;r&uuml;n&uuml;n, h\u0259m&ccedil;inin mill\u0259tl\u0259raras\u0131 qar\u015f\u0131durman\u0131n alovlanmas\u0131na y&ouml;n\u0259lmi\u015f h\u0259r\u0259k\u0259tl\u0259rin qar\u015f\u0131s\u0131n\u0131 almaq &uuml;&ccedil;&uuml;n h&uuml;q&uuml;q-m&uuml;hafiz\u0259 orqanlar\u0131na g&ouml;st\u0259ri\u015f verm\u0259si bar\u0259d\u0259 xahi\u015fl\u0259 m&uuml;raci\u0259t edibl\u0259r.<br \/>\nQeyd ed\u0259k ki, m&uuml;raci\u0259ti G&uuml;rc&uuml;stan parlamentinin deputat\u0131 Az\u0259r S&uuml;leymanov, &quot;Sadaxl\u0131 dir&ccedil;\u0259li\u015f c\u0259miyy\u0259ti&quot;nin s\u0259dri Sabir Mehdiyev, G&uuml;rc&uuml;stan az\u0259rbaycanl\u0131lar\u0131n\u0131n milli konqresinin s\u0259dri \u018fli Babayev, MRMG Milli azl\u0131qlar\u0131n h&uuml;quq-m&uuml;dafi\u0259 monitorinq qrupunun r\u0259hb\u0259ri Elbrus M\u0259mm\u0259dov, &quot;Qeyr\u0259t&quot; xalq h\u0259r\u0259kat\u0131n\u0131n s\u0259dri \u018flibala \u018fsg\u0259rov v\u0259 dig\u0259rl\u0259ri imzalay\u0131blar. Bu m&uuml;raci\u0259t, v\u0259 az\u0259rbaycanl\u0131lar\u0131n f\u0259all\u0131\u011f\u0131 erm\u0259nil\u0259rin ba\u015fqa \u015f\u0259h\u0259rl\u0259rd\u0259 t\u0259xribat t&ouml;r\u0259tm\u0259sinin qar\u015f\u0131s\u0131n\u0131 al\u0131b.<br \/>\nBu g&uuml;n G&uuml;rc&uuml;sranda f\u0259aliyy\u0259t g&ouml;st\u0259r\u0259n t\u0259\u015fkilatlardan biri d\u0259 Az\u0259rbaycanl\u0131lar\u0131n M\u0259d\u0259niyy\u0259t M\u0259rk\u0259zidir (AMM). Bu m\u0259rk\u0259z 1996-c\u0131 ild\u0259 Tbilisi \u015f\u0259h\u0259rind\u0259 t\u0259sis edilib. Bu qurum \u0259sas\u0259n m\u0259d\u0259ni t\u0259bli\u011fat i\u015fi il\u0259 m\u0259\u015f\u011ful olur. Buraya m&uuml;xt\u0259lif t\u0259b\u0259q\u0259l\u0259rd\u0259n olan G&uuml;rc&uuml;standa ya\u015fayan soyda\u015flar\u0131m\u0131z &uuml;zvd&uuml;rl\u0259r. Az\u0259rbaycanl\u0131lar\u0131n M\u0259d\u0259niyy\u0259t M\u0259rk\u0259zi 2004-c&uuml; ild\u0259 qeydiyyatdan ke&ccedil;ib. M\u0259rk\u0259zin \u0259sas m\u0259qs\u0259di az\u0259rbaycanl\u0131lar\u0131n G&uuml;rc&uuml;stan c\u0259miyy\u0259tin\u0259 inteqrasiya olunmas\u0131, g\u0259ncl\u0259rin t\u0259hsil\u0259 mara\u011f\u0131n\u0131n art\u0131r\u0131lmas\u0131, m\u0259d\u0259niyy\u0259timizi, tariximizi, \u0259d\u0259biyyat\u0131m\u0131z\u0131 t\u0259bli\u011f ed\u0259r\u0259k &ouml;z&uuml;m&uuml;z&uuml; ya\u015fad\u0131\u011f\u0131m\u0131z c\u0259miyy\u0259t\u0259 daha da yax\u015f\u0131 \u015f\u0259kild\u0259 t\u0259qdim etm\u0259k v\u0259 s. kimi i\u015fl\u0259ri h\u0259yata kecirm\u0259kdir. Bu istiqam\u0259td\u0259 m\u0259rk\u0259z az\u0259rbaycanl\u0131lar\u0131n g&uuml;rc&uuml; c\u0259miyy\u0259tin\u0259 inteqrasiyas\u0131l\u0259 \u0259laq\u0259dar bir s\u0131ra m&uuml;h&uuml;m layih\u0259l\u0259r h\u0259yata ke&ccedil;irilir. Onlardan biri Az\u0259rbaycan Respublikas\u0131 Diasporla \u0130\u015f &uuml;zr\u0259 D&ouml;vl\u0259t Komit\u0259sinin d\u0259st\u0259yi il\u0259 AMM &ndash;in G&uuml;rc&uuml;standa f\u0259aliyy\u0259t g&ouml;st\u0259r\u0259n bir &ccedil;ox az\u0259rbaycandilli m\u0259kt\u0259bl\u0259rd\u0259 d\u0259rsl\u0259rd\u0259n \u0259lav\u0259 g&uuml;rc&uuml; dili &ouml;yr\u0259tm\u0259 kurslar\u0131 t\u0259\u015fkil etm\u0259sidir. M\u0259rk\u0259zin n\u0259zdind\u0259 sistematik v\u0259 fasil\u0259siz g&uuml;rc&uuml; dili &ouml;yr\u0259tm\u0259, h\u0259m&ccedil;inin, komp&uuml;ter &nbsp;kurslar\u0131 f\u0259aliyy\u0259t g&ouml;st\u0259rir. Az\u0259rbaycan Respublikas\u0131n\u0131n Diasporla \u0130\u015f &uuml;zr\u0259 D&ouml;vl\u0259t Komit\u0259sinin maliyy\u0259 d\u0259st\u0259yil\u0259 iri m\u0259kt\u0259b v\u0259 m\u0259kt\u0259bd\u0259n k\u0259nar \u015fagirdl\u0259r g&uuml;rc&uuml; dili kurslar\u0131na c\u0259lb edilirl\u0259r. Ali t\u0259hsil ocaqlar\u0131na daxil olan t\u0259l\u0259b\u0259l\u0259rin 80 faizi bu kurslar\u0131n dinl\u0259yicil\u0259ridir. Tbilisinin ali t\u0259hsil ocaqlar\u0131nda t\u0259hsil alan az\u0259rbaycanl\u0131 t\u0259l\u0259b\u0259l\u0259r &uuml;&ccedil;&uuml;n ayl\u0131q t\u0259qa&uuml;d proqramlar\u0131 da m&ouml;vcuddur. Sistematik olaraq M\u0259rk\u0259zin daxilind\u0259 g&uuml;rc&uuml;, ingilis dill\u0259ri, kompyuter kurslar\u0131, Az\u0259rbaycan tarixi v\u0259 \u0259d\u0259biyyat\u0131 d\u0259rn\u0259yi f\u0259aliyy\u0259t g&ouml;st\u0259rir.<br \/>\nAz\u0259rbaycanl\u0131lar\u0131n M\u0259d\u0259niyy\u0259t M\u0259rk\u0259zinin n\u0259zdind\u0259 &ldquo;Sarvan&rdquo; folklor &nbsp;r\u0259qs qrupu, &ldquo;Yazarlar Birliyi&rdquo; f\u0259aliyy\u0259t g&ouml;st\u0259rir. M\u0259rk\u0259z &ldquo;Sarvan&rdquo; milli r\u0259qsl\u0259rimiz, a\u015f\u0131q s\u0259n\u0259timiz v\u0259 dig\u0259r folklor n&uuml;m&uuml;n\u0259l\u0259rimizin inki\u015faf\u0131 v\u0259 t\u0259bli\u011fi istiqam\u0259tind\u0259 m&uuml;\u0259yy\u0259n i\u015fl\u0259r g&ouml;r&uuml;r. Ansambl d\u0259f\u0259l\u0259rl\u0259 yerli v\u0259 beyn\u0259lxalq festivallarda Az\u0259rbaycan v\u0259 g&uuml;rc&uuml; m\u0259d\u0259niyy\u0259tini t\u0259msil ed\u0259r\u0259k m&uuml;kafatlar qazan\u0131b.<br \/>\nM\u0259rk\u0259zin t\u0259rkibind\u0259 kitabxana da m&ouml;vcuddur. M\u0259rk\u0259zin n\u0259zdind\u0259, h\u0259m&ccedil;inin, G\u0259ncl\u0259r \u015euras\u0131 f\u0259aliyy\u0259t g&ouml;st\u0259rir. \u015eura t\u0259rkibind\u0259 futbol komandas\u0131, intellektual \u0259l i\u015fl\u0259ri d\u0259rn\u0259yi v\u0259 dig\u0259r klublar yaran\u0131b. \u015euran\u0131n vasit\u0259sil\u0259 s\u0259rgil\u0259r, g&ouml;r&uuml;\u015fl\u0259r, iclaslar v\u0259 s. t\u0259\u015fkil olunur. \u0130nformasiya q\u0131tl\u0131\u011f\u0131n\u0131 aradan qald\u0131rmaq &uuml;&ccedil;&uuml;n &nbsp;AMM q\u0259zet v\u0259 jurnal n\u0259\u015friyyat\u0131 il\u0259 m\u0259\u015f\u011fuldur. Bel\u0259 ki, AMM-\u0131n x\u0259tti il\u0259 &ldquo;Region ress&rdquo; q\u0259zeti, &ldquo;Qarapapaqlar&rdquo; v\u0259 &ldquo;Meydan&rdquo; jurnallar\u0131 n\u0259\u015fr olunur. &nbsp;Bundan ba\u015fqa, m&uuml;nt\u0259z\u0259m \u015f\u0259kild\u0259 Az\u0259rbaycan\u0131n v\u0259 G&uuml;rc&uuml;stan\u0131n milli bayramlar\u0131na, tarixi \u0259h\u0259miyy\u0259tli g&uuml;nl\u0259rin\u0259 h\u0259sr olunan t\u0259dbirl\u0259r t\u0259\u015fkil olunur. M\u0259s\u0259l\u0259n, AMM Tbilisid\u0259 A\u015f\u0131qlar\u0131n III qurultay\u0131n\u0131n, A\u015f\u0131q Kamandar\u0131n v\u0259 A\u015f\u0131q \u018fmrah\u0131n yubileyl\u0259rinin d&ouml;vl\u0259t s\u0259viyy\u0259sind\u0259 ke&ccedil;irilm\u0259sin\u0259 nail olunub.<br \/>\nAMM-nin d\u0259st\u0259yil\u0259 bir &ccedil;ox yaz\u0131&ccedil;\u0131lar\u0131n, \u015fairl\u0259rin kitablar\u0131 da n\u0259\u015fr olunur, poeziya gec\u0259l\u0259ri, yubileyl\u0259r v\u0259 m&uuml;hazir\u0259l\u0259r t\u0259\u015fkil olunur. Az\u0259rbaycanl\u0131lar\u0131n M\u0259d\u0259niyy\u0259t M\u0259rk\u0259zinin kitabxanas\u0131 seriyas\u0131ndan 20-d\u0259n &ccedil;ox kitab n\u0259\u015fr olunub. Onlardan &ndash; &ldquo;G&uuml;rc&uuml;stan az\u0259rbaycanl\u0131lar\u0131n\u0131n \u0259d\u0259biyyat\u0131 tarixi &rdquo;, &ldquo;Az\u0259rbaycan folkloru antologiyas\u0131-Bor&ccedil;al\u0131&rdquo; v\u0259 s.<br \/>\nM\u0259d\u0259niyy\u0259t M\u0259rk\u0259zind\u0259 Az\u0259rbaycan \u0259d\u0259biyyat\u0131 n&uuml;mun\u0259l\u0259rind\u0259n ibar\u0259t kitabxana m&ouml;vcuddur. Kitabxanada 2000-d\u0259n &ccedil;ox kitab oxucular\u0131n ixtiyar\u0131ndad\u0131r.<br \/>\n(ard\u0131 var)<\/p>\n<p>&nbsp;<\/p>\n","protected":false},"excerpt":{"rendered":"<p>Az\u0259rbaycanl\u0131lar\u0131n g&uuml;rc&uuml; c\u0259miyy\u0259tin\u0259 inteqrasiyas\u0131l\u0259 \u0259laq\u0259dar bir s\u0131ra layih\u0259l\u0259r h\u0259yata ke&ccedil;irilir. Az\u0259rbaycan\u0131n f\u0259aliyy\u0259ti il\u0259 ce&ccedil;il\u0259n, onun tan\u0131d\u0131lmas\u0131nda rol oynayan diaspor t\u0259\u015fkilatlar\u0131 aras\u0131nda G&uuml;rc&uuml;standa f\u0259aliyy\u0259t g&ouml;st\u0259r\u0259n G&uuml;rc&uuml;stan-Az\u0259rbaycan Xeyriyy\u0259 C\u0259miyy\u0259ti, Az\u0259rbaycanl\u0131lar\u0131n M\u0259d\u0259niyy\u0259t M\u0259rk\u0259zi&hellip;<\/p>\n","protected":false},"author":1,"featured_media":251278,"comment_status":"open","ping_status":"open","sticky":false,"template":"","format":"standard","meta":{"_lmt_disableupdate":"","_lmt_disable":"","footnotes":""},"categories":[1],"tags":[],"class_list":["post-48433","post","type-post","status-publish","format-standard","has-post-thumbnail","hentry","category-esas"],"_links":{"self":[{"href":"https:\/\/ucnoqta.az\/index.php?rest_route=\/wp\/v2\/posts\/48433","targetHints":{"allow":["GET"]}}],"collection":[{"href":"https:\/\/ucnoqta.az\/index.php?rest_route=\/wp\/v2\/posts"}],"about":[{"href":"https:\/\/ucnoqta.az\/index.php?rest_route=\/wp\/v2\/types\/post"}],"author":[{"embeddable":true,"href":"https:\/\/ucnoqta.az\/index.php?rest_route=\/wp\/v2\/users\/1"}],"replies":[{"embeddable":true,"href":"https:\/\/ucnoqta.az\/index.php?rest_route=%2Fwp%2Fv2%2Fcomments&post=48433"}],"version-history":[{"count":0,"href":"https:\/\/ucnoqta.az\/index.php?rest_route=\/wp\/v2\/posts\/48433\/revisions"}],"wp:featuredmedia":[{"embeddable":true,"href":"https:\/\/ucnoqta.az\/index.php?rest_route=\/wp\/v2\/media\/251278"}],"wp:attachment":[{"href":"https:\/\/ucnoqta.az\/index.php?rest_route=%2Fwp%2Fv2%2Fmedia&parent=48433"}],"wp:term":[{"taxonomy":"category","embeddable":true,"href":"https:\/\/ucnoqta.az\/index.php?rest_route=%2Fwp%2Fv2%2Fcategories&post=48433"},{"taxonomy":"post_tag","embeddable":true,"href":"https:\/\/ucnoqta.az\/index.php?rest_route=%2Fwp%2Fv2%2Ftags&post=48433"}],"curies":[{"name":"wp","href":"https:\/\/api.w.org\/{rel}","templated":true}]}}