{"id":48428,"date":"2017-07-17T16:29:02","date_gmt":"2017-07-17T12:29:02","guid":{"rendered":""},"modified":"-0001-11-30T00:00:00","modified_gmt":"-0001-11-29T20:00:00","slug":"","status":"publish","type":"post","link":"https:\/\/ucnoqta.az\/?p=48428","title":{"rendered":"Prezident \u0130lham \u018fliyev:<font color=red><b> &#8220;Avropa il\u0259 strateji \u0259laq\u0259l\u0259rimiz daha da y\u00fcks\u0259k pill\u0259y\u0259 qalxacaq&#8221;<\/b><\/font>"},"content":{"rendered":"<p><span style=\"line-height: 1.6em;\">Avropa il\u0259 strateji \u0259laq\u0259l\u0259rimiz daha da y&uuml;ks\u0259k pill\u0259y\u0259 qalxacaq. Trend-in m\u0259lumat\u0131na g&ouml;r\u0259, bunu Az\u0259rbaycan Prezidenti \u0130lham \u018fliyev Riqada Latviya Prezidenti Raymonds Veyonisl\u0259 birg\u0259 m\u0259tbuata b\u0259yanatla &ccedil;\u0131x\u0131\u015f\u0131nda deyib.<\/span><br \/>\n<span style=\"line-height: 1.6em;\">D&ouml;vl\u0259timizin ba\u015f&ccedil;\u0131s\u0131 qeyd edib: &ldquo;Yenid\u0259n Latviyada olma\u011f\u0131mdan &ccedil;ox m\u0259mnunam. Biz bu g&uuml;n Sizinl\u0259 h\u0259m t\u0259kb\u0259t\u0259k g&ouml;r&uuml;\u015fd\u0259, h\u0259m hey\u0259tl\u0259rin i\u015ftirak\u0131 il\u0259 ke&ccedil;irdiyimiz g&ouml;r&uuml;\u015fd\u0259 Latviya-Az\u0259rbaycan \u0259laq\u0259l\u0259rinin m&uuml;xt\u0259lif aspektl\u0259rini m&uuml;zakir\u0259 etdik. Bu m&uuml;zakir\u0259l\u0259r &ccedil;ox konstruktiv \u015f\u0259kild\u0259 apar\u0131lm\u0131\u015fd\u0131r. \u018fmin\u0259m ki, s\u0259f\u0259rin n\u0259tic\u0259l\u0259ri d\u0259 &ccedil;ox m&uuml;sb\u0259t olacaq, Latviya-Az\u0259rbaycan \u0259laq\u0259l\u0259ri yeni pill\u0259y\u0259 qalxacaq. Sizin d\u0259 qeyd etdiyiniz kimi, bu g&uuml;n imzalanan s\u0259n\u0259dl\u0259r &ccedil;ox &ouml;n\u0259mlidir. Onlar\u0131n i&ccedil;ind\u0259 x&uuml;susil\u0259 Latviya il\u0259 Az\u0259rbaycan aras\u0131nda strateji t\u0259r\u0259fda\u015fl\u0131q haqq\u0131nda Birg\u0259 B\u0259yannam\u0259ni qeyd etm\u0259k ist\u0259rdim. Bu, &ccedil;ox ciddi, sanball\u0131 s\u0259n\u0259ddir, dem\u0259k olar ki, \u0259laq\u0259l\u0259rimizin b&uuml;t&uuml;n sah\u0259l\u0259rini \u0259hat\u0259 edir.<\/span><br \/>\n<span style=\"line-height: 1.6em;\">Siz d\u0259 qeyd etdiniz ki, Az\u0259rbaycan\u0131n \u0259razi b&uuml;t&ouml;vl&uuml;y&uuml; m\u0259s\u0259l\u0259l\u0259ri Latviya t\u0259r\u0259find\u0259n d\u0259st\u0259kl\u0259nir, dey\u0259 bil\u0259r\u0259m ki, b&uuml;t&uuml;n d&uuml;nya t\u0259r\u0259find\u0259n d\u0259st\u0259kl\u0259nir. Bu b\u0259yannam\u0259d\u0259 Erm\u0259nistan-Az\u0259rbaycan, Da\u011fl\u0131q Qaraba\u011f m&uuml;naqi\u015f\u0259sinin h\u0259lli il\u0259 ba\u011fl\u0131 &ccedil;ox &ouml;n\u0259mli m\u0259s\u0259l\u0259l\u0259r \u0259ksini tap\u0131b. Qeyd olunur ki, bu m\u0259s\u0259l\u0259 BMT T\u0259hl&uuml;k\u0259sizlik \u015euras\u0131n\u0131n m&uuml;vafiq q\u0259tnam\u0259l\u0259ri, Az\u0259rbaycan\u0131n \u0259razi b&uuml;t&ouml;vl&uuml;y&uuml;, suverenliyi, Az\u0259rbaycan s\u0259rh\u0259dl\u0259rinin toxunulmazl\u0131\u011f\u0131 &ccedil;\u0259r&ccedil;iv\u0259sind\u0259 h\u0259llini tapmal\u0131d\u0131r. Bu, \u0259dal\u0259tli m&ouml;vqedir, bu m&ouml;vqey\u0259 g&ouml;r\u0259 m\u0259n Siz\u0259 minn\u0259tdaram&quot;.<\/span><\/p>\n<p>\u0130lham \u018fliyev \u0259lav\u0259 edib: &quot;Biz bu g&uuml;n, \u0259lb\u0259tt\u0259 ki, regional probleml\u0259r\u0259 d\u0259 toxunduq, t\u0259hl&uuml;k\u0259sizlik m\u0259s\u0259l\u0259l\u0259ri m&uuml;zakir\u0259 edildi. Biz indi strateji t\u0259r\u0259fda\u015flar kimi, \u0259lb\u0259tt\u0259 ki, b&uuml;t&uuml;n m\u0259s\u0259l\u0259l\u0259ri &ccedil;ox a&ccedil;\u0131q, s\u0259mimi \u015f\u0259kild\u0259 m&uuml;zakir\u0259 edirik.<\/p>\n<p>\u0130qtisadi sah\u0259y\u0259 x&uuml;susi diqq\u0259t g&ouml;st\u0259rildi. \u018flb\u0259tt\u0259, biznes forum &ccedil;\u0259r&ccedil;iv\u0259sind\u0259 apar\u0131lacaq diskussiyalar \u0259min\u0259m ki, yax\u015f\u0131 n\u0259tic\u0259l\u0259r\u0259 g\u0259tirib &ccedil;\u0131xaracaq. Biz\u0259 veril\u0259n m\u0259lumata g&ouml;r\u0259, biznes forum &ccedil;\u0259r&ccedil;iv\u0259sind\u0259 art\u0131q bir ne&ccedil;\u0259 biznes kontrakt\u0131 da imzalanacaq. Bel\u0259likl\u0259, bu, &ouml;lk\u0259l\u0259rimiz aras\u0131nda o q\u0259d\u0259r d\u0259 y&uuml;ks\u0259k s\u0259viyy\u0259d\u0259 olmayan ticar\u0259t d&ouml;vriyy\u0259sin\u0259 m&uuml;sb\u0259t t\u0259sir g&ouml;st\u0259r\u0259c\u0259k. Bizim konkret t\u0259klifl\u0259rimiz var ki, hans\u0131 m\u0259hsullar\u0131 Latviyaya ixrac ed\u0259 v\u0259 hans\u0131 m\u0259hsullar\u0131 Latviyadan idxal ed\u0259 bil\u0259rik. Bizim iqlim \u015f\u0259raitimiz el\u0259dir ki, iqtisadiyyatlar\u0131m\u0131z bir-biri il\u0259 r\u0259qab\u0259t aparm\u0131r. Odur ki, biz istehsal etdiyimiz bir &ccedil;ox m\u0259hsullar\u0131 Latviyaya ixrac ed\u0259 bil\u0259rik v\u0259 \u0259ksin\u0259. Ona g&ouml;r\u0259, qar\u015f\u0131l\u0131ql\u0131 ticar\u0259t \u0259laq\u0259l\u0259rinin inki\u015faf\u0131 &uuml;&ccedil;&uuml;n &ccedil;ox g&ouml;z\u0259l imkanlar var. O c&uuml;ml\u0259d\u0259n biz turizm sah\u0259sind\u0259 \u0259m\u0259kda\u015fl\u0131\u011fa da toxunduq v\u0259 bel\u0259 q\u0259rara g\u0259lirik ki, Riqa-Bak\u0131 reysl\u0259ri d\u0259 m&uuml;nt\u0259z\u0259m olaraq h\u0259yata ke&ccedil;irilm\u0259lidir, m&uuml;vafiq g&ouml;st\u0259ri\u015fl\u0259r verilmi\u015fdir&quot;.<\/p>\n<p>Az\u0259rbaycan Prezidenti h&ouml;kum\u0259tl\u0259raras\u0131 birg\u0259 komissiyan\u0131n f\u0259aliyy\u0259tin\u0259 d\u0259 toxunub: &quot;Komissiya q\u0131sa m&uuml;dd\u0259t \u0259rzind\u0259 &ccedil;ox b&ouml;y&uuml;k i\u015fl\u0259r g&ouml;r&uuml;b. Bu g&uuml;n &ccedil;ox m&uuml;h&uuml;m s\u0259n\u0259dl\u0259r imzalan\u0131b. H\u0259m siyasi, h\u0259m iqtisadi v\u0259 dig\u0259r sah\u0259l\u0259rd\u0259 \u0259m\u0259kda\u015fl\u0131\u011f\u0131n inki\u015faf\u0131 istiqam\u0259tind\u0259 komissiyan\u0131n &ccedil;ox b&ouml;y&uuml;k rolu var. Komissiyan\u0131n g\u0259l\u0259c\u0259k i\u015fin\u0259 u\u011furlar arzulamaq ist\u0259rdim.<\/p>\n<p>\u018flb\u0259tt\u0259 ki, t\u0259hsil sah\u0259sind\u0259, humanitar sah\u0259d\u0259 \u0259m\u0259kda\u015fl\u0131q b&ouml;y&uuml;k \u0259h\u0259miyy\u0259t da\u015f\u0131y\u0131r. Veril\u0259n m\u0259lumata g&ouml;r\u0259, bu g&uuml;n 150 Az\u0259rbaycan g\u0259nci Latviyan\u0131n ali m\u0259kt\u0259bl\u0259rind\u0259 oxuyur. M\u0259n ist\u0259rdim ki, onlar\u0131n say\u0131 daha da &ccedil;ox olsun&quot;.<\/p>\n<p>\u0130lham \u018fliyev bildirib ki, n\u0259qliyyat sah\u0259sind\u0259 &ccedil;ox &uuml;midverici \u0259m\u0259kda\u015fl\u0131q imkanlar\u0131 var: &quot;Az\u0259rbaycan haz\u0131rda \u015eimal-C\u0259nub n\u0259qliyyat d\u0259hlizinin yarad\u0131lmas\u0131 il\u0259 ba\u011fl\u0131 &ccedil;ox ciddi f\u0259aliyy\u0259t g&ouml;st\u0259rir v\u0259 bu m\u0259qs\u0259dl\u0259r &uuml;&ccedil;&uuml;n &ccedil;ox b&ouml;y&uuml;k maliyy\u0259 v\u0259saiti ay\u0131r\u0131b. Latviya bu d\u0259hlizin &uuml;z\u0259rind\u0259 yerl\u0259\u015f\u0259n &ouml;lk\u0259l\u0259rd\u0259n biri kimi, \u0259lb\u0259tt\u0259, biziml\u0259 b\u0259rab\u0259r i\u015fl\u0259yir. Biz q\u0259rara g\u0259ldik ki, n&ouml;vb\u0259ti m\u0259rh\u0259l\u0259d\u0259 m&uuml;vafiq qurumlar art\u0131q &ouml;z aralar\u0131nda m\u0259sl\u0259h\u0259tl\u0259\u015fm\u0259l\u0259r\u0259 ba\u015flas\u0131nlar.<\/p>\n<p>C\u0259nab Prezidentin qeyd etdiyi kimi, Avropa \u0130ttifaq\u0131-Az\u0259rbaycan \u0259laq\u0259l\u0259ri d\u0259 u\u011furla inki\u015faf edir. Bu ilin \u0259vv\u0259lind\u0259 m\u0259n Avropa Komissiyas\u0131na &ccedil;ox u\u011furlu s\u0259f\u0259r etmi\u015f\u0259m. S\u0259f\u0259rd\u0259n bir g&uuml;n sonra Avropa Komissiyas\u0131 il\u0259 Az\u0259rbaycan aras\u0131nda yeni sazi\u015f &uuml;z\u0259rind\u0259 i\u015fl\u0259r ba\u015flam\u0131\u015fd\u0131r. \u018flb\u0259tt\u0259, strateji t\u0259r\u0259fda\u015fl\u0131q haqq\u0131nda bu g&uuml;n imzalanan Birg\u0259 B\u0259yannam\u0259 hesab edir\u0259m ki, Avropa \u0130ttifaq\u0131 il\u0259 Az\u0259rbaycan aras\u0131nda imzalanacaq s\u0259n\u0259d &uuml;&ccedil;&uuml;n d\u0259 g&ouml;z\u0259l \u0259sas yarad\u0131r. Onu da qeyd etm\u0259liy\u0259m ki, Avropa \u0130ttifaq\u0131n\u0131n &uuml;zv&uuml; olan 11 &ouml;lk\u0259 il\u0259 art\u0131q Az\u0259rbaycan\u0131n strateji t\u0259r\u0259fda\u015fl\u0131q haqq\u0131nda s\u0259n\u0259dl\u0259ri var. Bu, \u0259slind\u0259 bizim strateji \u0259m\u0259kda\u015fl\u0131\u011f\u0131m\u0131z\u0131 \u0259ks etdirir&quot;.<\/p>\n<p>D&ouml;vl\u0259t ba\u015f&ccedil;\u0131s\u0131 vur\u011fulay\u0131b ki, \u0259lb\u0259tt\u0259, Avropa \u0130ttifaq\u0131 il\u0259 Az\u0259rbaycan aras\u0131ndak\u0131 \u0259laq\u0259l\u0259rd\u0259 enerji m\u0259s\u0259l\u0259l\u0259ri &ouml;n plandad\u0131r: &quot;Burada da Az\u0259rbaycan etibarl\u0131 t\u0259r\u0259fda\u015f kimi Avropan\u0131n enerji t\u0259hl&uuml;k\u0259sizliyinin t\u0259min edilm\u0259sind\u0259 &ouml;z rolunu oynay\u0131r v\u0259 oynayacaqd\u0131r. Az\u0259rbaycan qaz\u0131 Avropa m\u0259kan\u0131na &ccedil;atd\u0131r\u0131lacaq yegan\u0259 yeni qaz m\u0259nb\u0259yidir, yeni mar\u015frutdur v\u0259 yeni m\u0259nb\u0259dir. Bizim &uuml;st&uuml;nl&uuml;y&uuml;m&uuml;z, bax, bundan ibar\u0259tdir&quot;.<\/p>\n<p>Prezident xat\u0131rlad\u0131b ki, Az\u0259rbaycan\u0131n t\u0259\u015f\u0259bb&uuml;s&uuml; il\u0259 h\u0259yata ke&ccedil;iril\u0259n &ldquo;C\u0259nub Qaz D\u0259hlizi&rdquo; layih\u0259si u\u011furla icra edilir: &quot;D\u0259hlizin yarad\u0131lmas\u0131 &uuml;&ccedil;&uuml;n 40 milyard dollar v\u0259sait t\u0259l\u0259b olunur. Onun b&ouml;y&uuml;k hiss\u0259si qoyulub. Az\u0259rbaycan milyardlarla dollar s\u0259rmay\u0259 qoyub v\u0259 qoyur ki, bu d\u0259hliz tezlikl\u0259 realla\u015fs\u0131n. \u018fmin\u0259m ki, birinci m\u0259rh\u0259l\u0259 g\u0259l\u0259n il, ikinci v\u0259 sonuncu m\u0259rh\u0259l\u0259 is\u0259 2020-ci ild\u0259 ba\u015fa &ccedil;atacaq. Bel\u0259likl\u0259, bizim Avropa il\u0259 strateji \u0259laq\u0259l\u0259rimiz daha da y&uuml;ks\u0259k pill\u0259y\u0259 qalxacaq.<\/p>\n<p>Latviyan\u0131n bu \u0259laq\u0259l\u0259rin inki\u015faf\u0131nda &ccedil;ox b&ouml;y&uuml;k rolu var. H\u0259m&ccedil;inin Az\u0259rbaycan-NATO \u0259laq\u0259l\u0259rinin u\u011furla inki\u015faf\u0131nda da biz h\u0259r zaman Latviyan\u0131n d\u0259st\u0259yini hiss etmi\u015fik. Bu g&uuml;n NATO-Az\u0259rbaycan \u0259laq\u0259l\u0259ri &#8211; h\u0259m \u018ffqan\u0131stan Respublikas\u0131nda f\u0259aliyy\u0259timiz, h\u0259m logistik, n\u0259qliyyat d\u0259hlizi, &uuml;mumiyy\u0259tl\u0259, b&uuml;t&uuml;n bu m\u0259s\u0259l\u0259l\u0259r, \u0259lb\u0259tt\u0259 ki, NATO-ya &uuml;zv olan &ouml;lk\u0259l\u0259rl\u0259 bizim \u0259laq\u0259l\u0259rimizi g&uuml;cl\u0259ndirir&quot;.<\/p>\n","protected":false},"excerpt":{"rendered":"<p>Avropa il\u0259 strateji \u0259laq\u0259l\u0259rimiz daha da y&uuml;ks\u0259k pill\u0259y\u0259 qalxacaq. Trend-in m\u0259lumat\u0131na g&ouml;r\u0259, bunu Az\u0259rbaycan Prezidenti \u0130lham \u018fliyev Riqada Latviya Prezidenti Raymonds Veyonisl\u0259 birg\u0259 m\u0259tbuata b\u0259yanatla &ccedil;\u0131x\u0131\u015f\u0131nda deyib. D&ouml;vl\u0259timizin ba\u015f&ccedil;\u0131s\u0131 qeyd&hellip;<\/p>\n","protected":false},"author":1,"featured_media":251278,"comment_status":"open","ping_status":"open","sticky":false,"template":"","format":"standard","meta":{"_lmt_disableupdate":"","_lmt_disable":"","footnotes":""},"categories":[],"tags":[],"class_list":["post-48428","post","type-post","status-publish","format-standard","has-post-thumbnail","hentry"],"_links":{"self":[{"href":"https:\/\/ucnoqta.az\/index.php?rest_route=\/wp\/v2\/posts\/48428","targetHints":{"allow":["GET"]}}],"collection":[{"href":"https:\/\/ucnoqta.az\/index.php?rest_route=\/wp\/v2\/posts"}],"about":[{"href":"https:\/\/ucnoqta.az\/index.php?rest_route=\/wp\/v2\/types\/post"}],"author":[{"embeddable":true,"href":"https:\/\/ucnoqta.az\/index.php?rest_route=\/wp\/v2\/users\/1"}],"replies":[{"embeddable":true,"href":"https:\/\/ucnoqta.az\/index.php?rest_route=%2Fwp%2Fv2%2Fcomments&post=48428"}],"version-history":[{"count":0,"href":"https:\/\/ucnoqta.az\/index.php?rest_route=\/wp\/v2\/posts\/48428\/revisions"}],"wp:featuredmedia":[{"embeddable":true,"href":"https:\/\/ucnoqta.az\/index.php?rest_route=\/wp\/v2\/media\/251278"}],"wp:attachment":[{"href":"https:\/\/ucnoqta.az\/index.php?rest_route=%2Fwp%2Fv2%2Fmedia&parent=48428"}],"wp:term":[{"taxonomy":"category","embeddable":true,"href":"https:\/\/ucnoqta.az\/index.php?rest_route=%2Fwp%2Fv2%2Fcategories&post=48428"},{"taxonomy":"post_tag","embeddable":true,"href":"https:\/\/ucnoqta.az\/index.php?rest_route=%2Fwp%2Fv2%2Ftags&post=48428"}],"curies":[{"name":"wp","href":"https:\/\/api.w.org\/{rel}","templated":true}]}}